{"id":47526,"date":"2016-06-22T19:05:55","date_gmt":"2016-06-22T17:05:55","guid":{"rendered":"https:\/\/www.albertojosevarela.com\/wpml\/der-verruckte1-gedicht-von-khalil-gibran-sie-fragen-mich-wie-bist-du-verruckt-geworden\/"},"modified":"2016-06-22T19:05:55","modified_gmt":"2016-06-22T17:05:55","slug":"der-verruckte1-gedicht-von-khalil-gibran-sie-fragen-mich-wie-bist-du-verruckt-geworden","status":"publish","type":"post","link":"https:\/\/www.albertojosevarela.com\/de\/der-verruckte1-gedicht-von-khalil-gibran-sie-fragen-mich-wie-bist-du-verruckt-geworden\/","title":{"rendered":"\u201cDer Verr\u00fcckte\u201d(1) Gedicht von Khalil Gibran, \u201cSie fragen mich: wie bist du verr\u00fcckt geworden?\u201d"},"content":{"rendered":"<h1><span style=\"color: #ff6600;\"><strong>DIE MASKE ABSETZEN IST DIE GR\u00d6SSTE ALLER VERR\u00dcCKTHEITEN<\/strong><\/span><\/h1>\n<p>&nbsp;<\/p>\n<p>Khalil Gibran sagt im Buch Der Verr\u00fcckte: Du fragst mich, wie ich verr\u00fcckt geworden bin.<\/p>\n<p>&nbsp;<\/p>\n<p>Es passierte so: eines Tages wachte ich aus einem tiefen Traum auf und entdeckte, dass man mir alle meine Masken gestohlen hatte, Masken, die ich in anderen Leben geformt und benutzt hatte.<\/p>\n<p>&nbsp;<\/p>\n<p>Ich rannte ohne Maske durch die \u00fcberf\u00fcllten Strassen und schrie: \u201cDiebe, Diebe, verdammte Diebe\u201d<\/p>\n<p>&nbsp;<\/p>\n<p>M\u00e4nner und Frauen lachten \u00fcber mich und einige liefen aus Angst weg vor mir.<\/p>\n<p>&nbsp;<\/p>\n<p>Und als ich am Marktplatz ankam, schrie ein Junge vom Dach eines Hauses: \u201cDas ist ein Verr\u00fcckter\u201d<\/p>\n<p>&nbsp;<\/p>\n<p>Ich richtete meinen Blick nach oben und zum ersten Mal k\u00fcsste die Sonne mein nacktes Gesicht, meine Seele f\u00fcllte sich mit Liebe f\u00fcr die Sonne und ich w\u00fcnschte nicht<\/p>\n<p>&nbsp;<\/p>\n<p>mehr meine Masken. Wie in Extasis schrie ich: \u201cgesegnet seien die Diebe, die mir meine Masken gestohlen haben\u201d<\/p>\n<p>&nbsp;<\/p>\n<p>So war es, als ich verr\u00fcckt wurde.<\/p>\n<p><img fetchpriority=\"high\" decoding=\"async\" class=\"alignnone size-full wp-image-1980\" src=\"https:\/\/www.albertojosevarela.com\/de\/wp-content\/uploads\/2016\/06\/AUTOCENSURA...-RESISTENCIA-A-QUITARSE-LA-MASCARA.jpg\" alt=\"AUTOCENSURA...-RESISTENCIA-A-QUITARSE-LA-MASCARA\" width=\"4752\" height=\"2471\" \/><\/p>\n<h3>Ayahuasca International h\u00e4lt Ayahuasca Retreats zur inneren Entwicklung in Deutschland, \u00d6sterreich und in der Schweiz.<\/h3>\n<h3>Klicke hier f\u00fcr die komplette Liste und Informationen der n\u00e4chsten<a href=\"https:\/\/www.albertojosevarela.com\/en\/lp\/deutsch-retreats\/\"><span style=\"text-decoration: underline;\"><span style=\"color: #0000ff; text-decoration: underline;\"> Ayahuasca International Retreats in 2017.<\/span><\/span><\/a> Darin finden sich weiterf\u00fchrende Links zu jedem einzelnen Retreat.<\/h3>\n<h3>F\u00fcr Buchungen oder Anfragen schreibe bitte an <span style=\"color: #0000ff;\"><a style=\"color: #0000ff;\" href=\"mailto:deutsch@innermastery.es\">deutsch@innermastery.es<\/a><\/span><\/h3>\n<p>&nbsp;<\/p>\n<p>&nbsp;<\/p>\n<p>&nbsp;<\/p>\n<p>&nbsp;<\/p>\n","protected":false},"excerpt":{"rendered":"<p>DIE MASKE ABSETZEN IST DIE GR\u00d6SSTE ALLER VERR\u00dcCKTHEITEN &nbsp; Khalil Gibran sagt im Buch Der Verr\u00fcckte: Du fragst mich, wie ich verr\u00fcckt geworden bin. &nbsp; Es passierte so: eines Tages wachte ich aus einem tiefen Traum auf und entdeckte, dass man mir alle meine Masken gestohlen hatte, Masken, die ich in anderen Leben geformt und [&hellip;]<\/p>\n","protected":false},"author":9,"featured_media":0,"comment_status":"closed","ping_status":"closed","sticky":false,"template":"elementor_header_footer","format":"standard","meta":{"_acf_changed":false,"site-sidebar-layout":"default","site-content-layout":"","ast-site-content-layout":"default","site-content-style":"default","site-sidebar-style":"default","ast-global-header-display":"","ast-banner-title-visibility":"","ast-main-header-display":"","ast-hfb-above-header-display":"","ast-hfb-below-header-display":"","ast-hfb-mobile-header-display":"","site-post-title":"","ast-breadcrumbs-content":"","ast-featured-img":"","footer-sml-layout":"","theme-transparent-header-meta":"","adv-header-id-meta":"","stick-header-meta":"","header-above-stick-meta":"","header-main-stick-meta":"","header-below-stick-meta":"","astra-migrate-meta-layouts":"default","ast-page-background-enabled":"default","ast-page-background-meta":{"desktop":{"background-color":"","background-image":"","background-repeat":"repeat","background-position":"center center","background-size":"auto","background-attachment":"scroll","background-type":"","background-media":"","overlay-type":"","overlay-color":"","overlay-opacity":"","overlay-gradient":""},"tablet":{"background-color":"","background-image":"","background-repeat":"repeat","background-position":"center center","background-size":"auto","background-attachment":"scroll","background-type":"","background-media":"","overlay-type":"","overlay-color":"","overlay-opacity":"","overlay-gradient":""},"mobile":{"background-color":"","background-image":"","background-repeat":"repeat","background-position":"center center","background-size":"auto","background-attachment":"scroll","background-type":"","background-media":"","overlay-type":"","overlay-color":"","overlay-opacity":"","overlay-gradient":""}},"ast-content-background-meta":{"desktop":{"background-color":"var(--ast-global-color-5)","background-image":"","background-repeat":"repeat","background-position":"center center","background-size":"auto","background-attachment":"scroll","background-type":"","background-media":"","overlay-type":"","overlay-color":"","overlay-opacity":"","overlay-gradient":""},"tablet":{"background-color":"var(--ast-global-color-5)","background-image":"","background-repeat":"repeat","background-position":"center center","background-size":"auto","background-attachment":"scroll","background-type":"","background-media":"","overlay-type":"","overlay-color":"","overlay-opacity":"","overlay-gradient":""},"mobile":{"background-color":"var(--ast-global-color-5)","background-image":"","background-repeat":"repeat","background-position":"center center","background-size":"auto","background-attachment":"scroll","background-type":"","background-media":"","overlay-type":"","overlay-color":"","overlay-opacity":"","overlay-gradient":""}},"ep_exclude_from_search":false,"footnotes":""},"categories":[672],"tags":[],"class_list":["post-47526","post","type-post","status-publish","format-standard","hentry","category-spiritualitat"],"acf":[],"yoast_head":"<!-- This site is optimized with the Yoast SEO plugin v27.4 - https:\/\/yoast.com\/product\/yoast-seo-wordpress\/ -->\n<title>\u201cDer Verr\u00fcckte\u201d(1) Gedicht von Khalil Gibran, \u201cSie fragen mich: wie bist du verr\u00fcckt geworden?\u201d - Web Oficial de Alverto<\/title>\n<meta name=\"robots\" content=\"index, follow, max-snippet:-1, max-image-preview:large, max-video-preview:-1\" \/>\n<link rel=\"canonical\" href=\"https:\/\/www.albertojosevarela.com\/de\/der-verruckte1-gedicht-von-khalil-gibran-sie-fragen-mich-wie-bist-du-verruckt-geworden\/\" \/>\n<meta property=\"og:locale\" content=\"de_DE\" \/>\n<meta property=\"og:type\" content=\"article\" \/>\n<meta property=\"og:title\" content=\"\u201cDer Verr\u00fcckte\u201d(1) Gedicht von Khalil Gibran, \u201cSie fragen mich: wie bist du verr\u00fcckt geworden?\u201d - Web Oficial de Alverto\" \/>\n<meta property=\"og:description\" content=\"DIE MASKE ABSETZEN IST DIE GR\u00d6SSTE ALLER VERR\u00dcCKTHEITEN &nbsp; Khalil Gibran sagt im Buch Der Verr\u00fcckte: Du fragst mich, wie ich verr\u00fcckt geworden bin. &nbsp; Es passierte so: eines Tages wachte ich aus einem tiefen Traum auf und entdeckte, dass man mir alle meine Masken gestohlen hatte, Masken, die ich in anderen Leben geformt und [&hellip;]\" \/>\n<meta property=\"og:url\" content=\"https:\/\/www.albertojosevarela.com\/de\/der-verruckte1-gedicht-von-khalil-gibran-sie-fragen-mich-wie-bist-du-verruckt-geworden\/\" \/>\n<meta property=\"og:site_name\" content=\"Web Oficial de Alverto\" \/>\n<meta property=\"article:publisher\" content=\"https:\/\/www.facebook.com\/Alvertojosevarela\" \/>\n<meta property=\"article:author\" content=\"https:\/\/www.facebook.com\/Alvertojosevarela\" \/>\n<meta property=\"article:published_time\" content=\"2016-06-22T17:05:55+00:00\" \/>\n<meta property=\"og:image\" content=\"https:\/\/www.albertojosevarela.com\/de\/wp-content\/uploads\/2016\/06\/AUTOCENSURA...-RESISTENCIA-A-QUITARSE-LA-MASCARA.jpg\" \/>\n<meta name=\"author\" content=\"Alberto Jos\u00e9 Varela\" \/>\n<meta name=\"twitter:card\" content=\"summary_large_image\" \/>\n<meta name=\"twitter:creator\" content=\"@albertoJ_varela\" \/>\n<meta name=\"twitter:site\" content=\"@albertoJ_varela\" \/>\n<script type=\"application\/ld+json\" class=\"yoast-schema-graph\">{\"@context\":\"https:\\\/\\\/schema.org\",\"@graph\":[{\"@type\":\"Article\",\"@id\":\"https:\\\/\\\/www.albertojosevarela.com\\\/de\\\/der-verruckte1-gedicht-von-khalil-gibran-sie-fragen-mich-wie-bist-du-verruckt-geworden\\\/#article\",\"isPartOf\":{\"@id\":\"https:\\\/\\\/www.albertojosevarela.com\\\/de\\\/der-verruckte1-gedicht-von-khalil-gibran-sie-fragen-mich-wie-bist-du-verruckt-geworden\\\/\"},\"author\":{\"name\":\"Alberto Jos\u00e9 Varela\",\"@id\":\"https:\\\/\\\/www.albertojosevarela.com\\\/de\\\/#\\\/schema\\\/person\\\/6197324b0e48a485e79c32ccad0064d8\"},\"headline\":\"\u201cDer Verr\u00fcckte\u201d(1) Gedicht von Khalil Gibran, \u201cSie fragen mich: wie bist du verr\u00fcckt geworden?\u201d\",\"datePublished\":\"2016-06-22T17:05:55+00:00\",\"mainEntityOfPage\":{\"@id\":\"https:\\\/\\\/www.albertojosevarela.com\\\/de\\\/der-verruckte1-gedicht-von-khalil-gibran-sie-fragen-mich-wie-bist-du-verruckt-geworden\\\/\"},\"wordCount\":247,\"publisher\":{\"@id\":\"https:\\\/\\\/www.albertojosevarela.com\\\/de\\\/#\\\/schema\\\/person\\\/6197324b0e48a485e79c32ccad0064d8\"},\"image\":{\"@id\":\"https:\\\/\\\/www.albertojosevarela.com\\\/de\\\/der-verruckte1-gedicht-von-khalil-gibran-sie-fragen-mich-wie-bist-du-verruckt-geworden\\\/#primaryimage\"},\"thumbnailUrl\":\"https:\\\/\\\/www.albertojosevarela.com\\\/de\\\/wp-content\\\/uploads\\\/2016\\\/06\\\/AUTOCENSURA...-RESISTENCIA-A-QUITARSE-LA-MASCARA.jpg\",\"articleSection\":[\"Spiritualit\u00e4t\"],\"inLanguage\":\"de\"},{\"@type\":\"WebPage\",\"@id\":\"https:\\\/\\\/www.albertojosevarela.com\\\/de\\\/der-verruckte1-gedicht-von-khalil-gibran-sie-fragen-mich-wie-bist-du-verruckt-geworden\\\/\",\"url\":\"https:\\\/\\\/www.albertojosevarela.com\\\/de\\\/der-verruckte1-gedicht-von-khalil-gibran-sie-fragen-mich-wie-bist-du-verruckt-geworden\\\/\",\"name\":\"\u201cDer Verr\u00fcckte\u201d(1) Gedicht von Khalil Gibran, \u201cSie fragen mich: wie bist du verr\u00fcckt geworden?\u201d - Web Oficial de Alverto\",\"isPartOf\":{\"@id\":\"https:\\\/\\\/www.albertojosevarela.com\\\/de\\\/#website\"},\"primaryImageOfPage\":{\"@id\":\"https:\\\/\\\/www.albertojosevarela.com\\\/de\\\/der-verruckte1-gedicht-von-khalil-gibran-sie-fragen-mich-wie-bist-du-verruckt-geworden\\\/#primaryimage\"},\"image\":{\"@id\":\"https:\\\/\\\/www.albertojosevarela.com\\\/de\\\/der-verruckte1-gedicht-von-khalil-gibran-sie-fragen-mich-wie-bist-du-verruckt-geworden\\\/#primaryimage\"},\"thumbnailUrl\":\"https:\\\/\\\/www.albertojosevarela.com\\\/de\\\/wp-content\\\/uploads\\\/2016\\\/06\\\/AUTOCENSURA...-RESISTENCIA-A-QUITARSE-LA-MASCARA.jpg\",\"datePublished\":\"2016-06-22T17:05:55+00:00\",\"breadcrumb\":{\"@id\":\"https:\\\/\\\/www.albertojosevarela.com\\\/de\\\/der-verruckte1-gedicht-von-khalil-gibran-sie-fragen-mich-wie-bist-du-verruckt-geworden\\\/#breadcrumb\"},\"inLanguage\":\"de\",\"potentialAction\":[{\"@type\":\"ReadAction\",\"target\":[\"https:\\\/\\\/www.albertojosevarela.com\\\/de\\\/der-verruckte1-gedicht-von-khalil-gibran-sie-fragen-mich-wie-bist-du-verruckt-geworden\\\/\"]}]},{\"@type\":\"ImageObject\",\"inLanguage\":\"de\",\"@id\":\"https:\\\/\\\/www.albertojosevarela.com\\\/de\\\/der-verruckte1-gedicht-von-khalil-gibran-sie-fragen-mich-wie-bist-du-verruckt-geworden\\\/#primaryimage\",\"url\":\"https:\\\/\\\/www.albertojosevarela.com\\\/de\\\/wp-content\\\/uploads\\\/2016\\\/06\\\/AUTOCENSURA...-RESISTENCIA-A-QUITARSE-LA-MASCARA.jpg\",\"contentUrl\":\"https:\\\/\\\/www.albertojosevarela.com\\\/de\\\/wp-content\\\/uploads\\\/2016\\\/06\\\/AUTOCENSURA...-RESISTENCIA-A-QUITARSE-LA-MASCARA.jpg\"},{\"@type\":\"BreadcrumbList\",\"@id\":\"https:\\\/\\\/www.albertojosevarela.com\\\/de\\\/der-verruckte1-gedicht-von-khalil-gibran-sie-fragen-mich-wie-bist-du-verruckt-geworden\\\/#breadcrumb\",\"itemListElement\":[{\"@type\":\"ListItem\",\"position\":1,\"name\":\"Inicio\",\"item\":\"https:\\\/\\\/www.albertojosevarela.com\\\/de\\\/\"},{\"@type\":\"ListItem\",\"position\":2,\"name\":\"Spiritualit\u00e4t\",\"item\":\"https:\\\/\\\/www.albertojosevarela.com\\\/de\\\/category\\\/spiritualitat\\\/\"},{\"@type\":\"ListItem\",\"position\":3,\"name\":\"\u201cDer Verr\u00fcckte\u201d(1) Gedicht von Khalil Gibran, \u201cSie fragen mich: wie bist du verr\u00fcckt geworden?\u201d\"}]},{\"@type\":\"WebSite\",\"@id\":\"https:\\\/\\\/www.albertojosevarela.com\\\/de\\\/#website\",\"url\":\"https:\\\/\\\/www.albertojosevarela.com\\\/de\\\/\",\"name\":\"Web Oficial de Alberto Jos\u00e9 Varela\",\"description\":\"El ser humano evoluciona cuando se mira adentro\",\"publisher\":{\"@id\":\"https:\\\/\\\/www.albertojosevarela.com\\\/de\\\/#\\\/schema\\\/person\\\/6197324b0e48a485e79c32ccad0064d8\"},\"potentialAction\":[{\"@type\":\"SearchAction\",\"target\":{\"@type\":\"EntryPoint\",\"urlTemplate\":\"https:\\\/\\\/www.albertojosevarela.com\\\/de\\\/?s={search_term_string}\"},\"query-input\":{\"@type\":\"PropertyValueSpecification\",\"valueRequired\":true,\"valueName\":\"search_term_string\"}}],\"inLanguage\":\"de\"},{\"@type\":[\"Person\",\"Organization\"],\"@id\":\"https:\\\/\\\/www.albertojosevarela.com\\\/de\\\/#\\\/schema\\\/person\\\/6197324b0e48a485e79c32ccad0064d8\",\"name\":\"Alberto Jos\u00e9 Varela\",\"image\":{\"@type\":\"ImageObject\",\"inLanguage\":\"de\",\"@id\":\"https:\\\/\\\/www.albertojosevarela.com\\\/wp-content\\\/uploads\\\/2020\\\/11\\\/alberto-varela.jpeg\",\"url\":\"https:\\\/\\\/www.albertojosevarela.com\\\/wp-content\\\/uploads\\\/2020\\\/11\\\/alberto-varela.jpeg\",\"contentUrl\":\"https:\\\/\\\/www.albertojosevarela.com\\\/wp-content\\\/uploads\\\/2020\\\/11\\\/alberto-varela.jpeg\",\"width\":682,\"height\":864,\"caption\":\"Alberto Jos\u00e9 Varela\"},\"logo\":{\"@id\":\"https:\\\/\\\/www.albertojosevarela.com\\\/wp-content\\\/uploads\\\/2020\\\/11\\\/alberto-varela.jpeg\"},\"description\":\"Fundador de empresas y organizaciones; creador de t\u00e9cnicas, m\u00e9todos y escuelas; autor de varios libros. Estudiante autodidacta, investigador y conferencista internacional, con una experiencia de m\u00e1s de 40 a\u00f1os en la gesti\u00f3n organizacional y los RRHH. Actualmente crece su influencia en el \u00e1mbito motivacional, terap\u00e9utico y espiritual a ra\u00edz del mensaje evolutivo que transmite.\",\"sameAs\":[\"https:\\\/\\\/www.facebook.com\\\/Alvertojosevarela\",\"https:\\\/\\\/www.instagram.com\\\/albertojose.varela\\\/\",\"https:\\\/\\\/www.linkedin.com\\\/in\\\/alverto-varela\\\/\",\"https:\\\/\\\/x.com\\\/albertoJ_varela\",\"https:\\\/\\\/www.youtube.com\\\/c\\\/AlvertoVarela\"]}]}<\/script>\n<!-- \/ Yoast SEO plugin. -->","yoast_head_json":{"title":"\u201cDer Verr\u00fcckte\u201d(1) Gedicht von Khalil Gibran, \u201cSie fragen mich: wie bist du verr\u00fcckt geworden?\u201d - Web Oficial de Alverto","robots":{"index":"index","follow":"follow","max-snippet":"max-snippet:-1","max-image-preview":"max-image-preview:large","max-video-preview":"max-video-preview:-1"},"canonical":"https:\/\/www.albertojosevarela.com\/de\/der-verruckte1-gedicht-von-khalil-gibran-sie-fragen-mich-wie-bist-du-verruckt-geworden\/","og_locale":"de_DE","og_type":"article","og_title":"\u201cDer Verr\u00fcckte\u201d(1) Gedicht von Khalil Gibran, \u201cSie fragen mich: wie bist du verr\u00fcckt geworden?\u201d - Web Oficial de Alverto","og_description":"DIE MASKE ABSETZEN IST DIE GR\u00d6SSTE ALLER VERR\u00dcCKTHEITEN &nbsp; Khalil Gibran sagt im Buch Der Verr\u00fcckte: Du fragst mich, wie ich verr\u00fcckt geworden bin. &nbsp; Es passierte so: eines Tages wachte ich aus einem tiefen Traum auf und entdeckte, dass man mir alle meine Masken gestohlen hatte, Masken, die ich in anderen Leben geformt und [&hellip;]","og_url":"https:\/\/www.albertojosevarela.com\/de\/der-verruckte1-gedicht-von-khalil-gibran-sie-fragen-mich-wie-bist-du-verruckt-geworden\/","og_site_name":"Web Oficial de Alverto","article_publisher":"https:\/\/www.facebook.com\/Alvertojosevarela","article_author":"https:\/\/www.facebook.com\/Alvertojosevarela","article_published_time":"2016-06-22T17:05:55+00:00","og_image":[{"url":"https:\/\/www.albertojosevarela.com\/de\/wp-content\/uploads\/2016\/06\/AUTOCENSURA...-RESISTENCIA-A-QUITARSE-LA-MASCARA.jpg","type":"","width":"","height":""}],"author":"Alberto Jos\u00e9 Varela","twitter_card":"summary_large_image","twitter_creator":"@albertoJ_varela","twitter_site":"@albertoJ_varela","schema":{"@context":"https:\/\/schema.org","@graph":[{"@type":"Article","@id":"https:\/\/www.albertojosevarela.com\/de\/der-verruckte1-gedicht-von-khalil-gibran-sie-fragen-mich-wie-bist-du-verruckt-geworden\/#article","isPartOf":{"@id":"https:\/\/www.albertojosevarela.com\/de\/der-verruckte1-gedicht-von-khalil-gibran-sie-fragen-mich-wie-bist-du-verruckt-geworden\/"},"author":{"name":"Alberto Jos\u00e9 Varela","@id":"https:\/\/www.albertojosevarela.com\/de\/#\/schema\/person\/6197324b0e48a485e79c32ccad0064d8"},"headline":"\u201cDer Verr\u00fcckte\u201d(1) Gedicht von Khalil Gibran, \u201cSie fragen mich: wie bist du verr\u00fcckt geworden?\u201d","datePublished":"2016-06-22T17:05:55+00:00","mainEntityOfPage":{"@id":"https:\/\/www.albertojosevarela.com\/de\/der-verruckte1-gedicht-von-khalil-gibran-sie-fragen-mich-wie-bist-du-verruckt-geworden\/"},"wordCount":247,"publisher":{"@id":"https:\/\/www.albertojosevarela.com\/de\/#\/schema\/person\/6197324b0e48a485e79c32ccad0064d8"},"image":{"@id":"https:\/\/www.albertojosevarela.com\/de\/der-verruckte1-gedicht-von-khalil-gibran-sie-fragen-mich-wie-bist-du-verruckt-geworden\/#primaryimage"},"thumbnailUrl":"https:\/\/www.albertojosevarela.com\/de\/wp-content\/uploads\/2016\/06\/AUTOCENSURA...-RESISTENCIA-A-QUITARSE-LA-MASCARA.jpg","articleSection":["Spiritualit\u00e4t"],"inLanguage":"de"},{"@type":"WebPage","@id":"https:\/\/www.albertojosevarela.com\/de\/der-verruckte1-gedicht-von-khalil-gibran-sie-fragen-mich-wie-bist-du-verruckt-geworden\/","url":"https:\/\/www.albertojosevarela.com\/de\/der-verruckte1-gedicht-von-khalil-gibran-sie-fragen-mich-wie-bist-du-verruckt-geworden\/","name":"\u201cDer Verr\u00fcckte\u201d(1) Gedicht von Khalil Gibran, \u201cSie fragen mich: wie bist du verr\u00fcckt geworden?\u201d - Web Oficial de Alverto","isPartOf":{"@id":"https:\/\/www.albertojosevarela.com\/de\/#website"},"primaryImageOfPage":{"@id":"https:\/\/www.albertojosevarela.com\/de\/der-verruckte1-gedicht-von-khalil-gibran-sie-fragen-mich-wie-bist-du-verruckt-geworden\/#primaryimage"},"image":{"@id":"https:\/\/www.albertojosevarela.com\/de\/der-verruckte1-gedicht-von-khalil-gibran-sie-fragen-mich-wie-bist-du-verruckt-geworden\/#primaryimage"},"thumbnailUrl":"https:\/\/www.albertojosevarela.com\/de\/wp-content\/uploads\/2016\/06\/AUTOCENSURA...-RESISTENCIA-A-QUITARSE-LA-MASCARA.jpg","datePublished":"2016-06-22T17:05:55+00:00","breadcrumb":{"@id":"https:\/\/www.albertojosevarela.com\/de\/der-verruckte1-gedicht-von-khalil-gibran-sie-fragen-mich-wie-bist-du-verruckt-geworden\/#breadcrumb"},"inLanguage":"de","potentialAction":[{"@type":"ReadAction","target":["https:\/\/www.albertojosevarela.com\/de\/der-verruckte1-gedicht-von-khalil-gibran-sie-fragen-mich-wie-bist-du-verruckt-geworden\/"]}]},{"@type":"ImageObject","inLanguage":"de","@id":"https:\/\/www.albertojosevarela.com\/de\/der-verruckte1-gedicht-von-khalil-gibran-sie-fragen-mich-wie-bist-du-verruckt-geworden\/#primaryimage","url":"https:\/\/www.albertojosevarela.com\/de\/wp-content\/uploads\/2016\/06\/AUTOCENSURA...-RESISTENCIA-A-QUITARSE-LA-MASCARA.jpg","contentUrl":"https:\/\/www.albertojosevarela.com\/de\/wp-content\/uploads\/2016\/06\/AUTOCENSURA...-RESISTENCIA-A-QUITARSE-LA-MASCARA.jpg"},{"@type":"BreadcrumbList","@id":"https:\/\/www.albertojosevarela.com\/de\/der-verruckte1-gedicht-von-khalil-gibran-sie-fragen-mich-wie-bist-du-verruckt-geworden\/#breadcrumb","itemListElement":[{"@type":"ListItem","position":1,"name":"Inicio","item":"https:\/\/www.albertojosevarela.com\/de\/"},{"@type":"ListItem","position":2,"name":"Spiritualit\u00e4t","item":"https:\/\/www.albertojosevarela.com\/de\/category\/spiritualitat\/"},{"@type":"ListItem","position":3,"name":"\u201cDer Verr\u00fcckte\u201d(1) Gedicht von Khalil Gibran, \u201cSie fragen mich: wie bist du verr\u00fcckt geworden?\u201d"}]},{"@type":"WebSite","@id":"https:\/\/www.albertojosevarela.com\/de\/#website","url":"https:\/\/www.albertojosevarela.com\/de\/","name":"Web Oficial de Alberto Jos\u00e9 Varela","description":"El ser humano evoluciona cuando se mira adentro","publisher":{"@id":"https:\/\/www.albertojosevarela.com\/de\/#\/schema\/person\/6197324b0e48a485e79c32ccad0064d8"},"potentialAction":[{"@type":"SearchAction","target":{"@type":"EntryPoint","urlTemplate":"https:\/\/www.albertojosevarela.com\/de\/?s={search_term_string}"},"query-input":{"@type":"PropertyValueSpecification","valueRequired":true,"valueName":"search_term_string"}}],"inLanguage":"de"},{"@type":["Person","Organization"],"@id":"https:\/\/www.albertojosevarela.com\/de\/#\/schema\/person\/6197324b0e48a485e79c32ccad0064d8","name":"Alberto Jos\u00e9 Varela","image":{"@type":"ImageObject","inLanguage":"de","@id":"https:\/\/www.albertojosevarela.com\/wp-content\/uploads\/2020\/11\/alberto-varela.jpeg","url":"https:\/\/www.albertojosevarela.com\/wp-content\/uploads\/2020\/11\/alberto-varela.jpeg","contentUrl":"https:\/\/www.albertojosevarela.com\/wp-content\/uploads\/2020\/11\/alberto-varela.jpeg","width":682,"height":864,"caption":"Alberto Jos\u00e9 Varela"},"logo":{"@id":"https:\/\/www.albertojosevarela.com\/wp-content\/uploads\/2020\/11\/alberto-varela.jpeg"},"description":"Fundador de empresas y organizaciones; creador de t\u00e9cnicas, m\u00e9todos y escuelas; autor de varios libros. Estudiante autodidacta, investigador y conferencista internacional, con una experiencia de m\u00e1s de 40 a\u00f1os en la gesti\u00f3n organizacional y los RRHH. Actualmente crece su influencia en el \u00e1mbito motivacional, terap\u00e9utico y espiritual a ra\u00edz del mensaje evolutivo que transmite.","sameAs":["https:\/\/www.facebook.com\/Alvertojosevarela","https:\/\/www.instagram.com\/albertojose.varela\/","https:\/\/www.linkedin.com\/in\/alverto-varela\/","https:\/\/x.com\/albertoJ_varela","https:\/\/www.youtube.com\/c\/AlvertoVarela"]}]}},"jetpack_featured_media_url":"","_links":{"self":[{"href":"https:\/\/www.albertojosevarela.com\/de\/wp-json\/wp\/v2\/posts\/47526","targetHints":{"allow":["GET"]}}],"collection":[{"href":"https:\/\/www.albertojosevarela.com\/de\/wp-json\/wp\/v2\/posts"}],"about":[{"href":"https:\/\/www.albertojosevarela.com\/de\/wp-json\/wp\/v2\/types\/post"}],"author":[{"embeddable":true,"href":"https:\/\/www.albertojosevarela.com\/de\/wp-json\/wp\/v2\/users\/9"}],"replies":[{"embeddable":true,"href":"https:\/\/www.albertojosevarela.com\/de\/wp-json\/wp\/v2\/comments?post=47526"}],"version-history":[{"count":0,"href":"https:\/\/www.albertojosevarela.com\/de\/wp-json\/wp\/v2\/posts\/47526\/revisions"}],"wp:attachment":[{"href":"https:\/\/www.albertojosevarela.com\/de\/wp-json\/wp\/v2\/media?parent=47526"}],"wp:term":[{"taxonomy":"category","embeddable":true,"href":"https:\/\/www.albertojosevarela.com\/de\/wp-json\/wp\/v2\/categories?post=47526"},{"taxonomy":"post_tag","embeddable":true,"href":"https:\/\/www.albertojosevarela.com\/de\/wp-json\/wp\/v2\/tags?post=47526"}],"curies":[{"name":"wp","href":"https:\/\/api.w.org\/{rel}","templated":true}]}}