{"id":47616,"date":"2016-10-08T22:51:32","date_gmt":"2016-10-08T20:51:32","guid":{"rendered":"https:\/\/www.albertojosevarela.com\/wpml\/missbrauch-und-gewalt-gegen-frauen-an-der-wurzel-loesen\/"},"modified":"2016-10-08T22:51:32","modified_gmt":"2016-10-08T20:51:32","slug":"missbrauch-und-gewalt-gegen-frauen-an-der-wurzel-loesen","status":"publish","type":"post","link":"https:\/\/www.albertojosevarela.com\/de\/missbrauch-und-gewalt-gegen-frauen-an-der-wurzel-loesen\/","title":{"rendered":"MISSBRAUCH UND GEWALT GEGEN FRAUEN AN DER WURZEL L\u00d6SEN.  Eine konfrontierende Sichtweise eines globalen Problems."},"content":{"rendered":"<p>&nbsp;<\/p>\n<h1><span style=\"color: #ff6600;\"><b>MISSBRAUCH ODER GEWALT GEGEN FRAUEN<\/b><\/span><\/h1>\n<h2><b><i>M\u00e4nner, die Frauen angreifen und Frauen, die es zulassen misshandelt zu werden.<\/i><\/b><\/h2>\n<p>&nbsp;<\/p>\n<p><span style=\"color: #333333;\">Missbrauch ist das Ergebnis einer Beziehung zwischen demjenigen, der misshandelt und derjenigen, die misshandelt wird. Das Einvernehmen zweier Anteile, dem Unterworfenen und dem Dominierenden. Wie soll man dieses Problem auf transzendente Weise l\u00f6sen?<\/span><\/p>\n<p><span style=\"color: #333333;\">Ich habe Erfahrung in der Behandlung von Gruppen mit Frauen, die von ihren Partnern misshandelt wurden. In allen F\u00e4llen habe ich im Kern bei ihnen Schuld, Unw\u00fcrdigkeit und einen mehr oder weniger ausgepr\u00e4gten Mangel an Selbstwertgef\u00fchl wahrgenommen. Wenn jede Frau sich dar\u00fcber im Klaren ist, was sie selbst, ihr Leben, ihre Gesundheit und ihre Ehrbarkeit wert ist, dann passiert etwas Magisches mit ihr. Sie wacht auf und stellt fest, dass sie etwas darstellt, was sie gar nicht ist. Dann leuchten ihre Augen und sie scheint unvermeidlich den Entschluss zu fassen, mit allem aufzuh\u00f6ren, was ihrem Wert nicht gerecht wird.<\/span><\/p>\n<p><span style=\"color: #333333;\">In diesem Moment entsteht das, was ich DIE GROSSE FLUCHT nenne. Nicht weil sie vor irgendetwas fliehen, sondern weil sie sich entscheiden, das Gef\u00e4ngnis zu verlassen, das sie selber unwissentlich erschaffen haben. Sie sind bereit, frei zu sein.<\/span><\/p>\n<p><span style=\"color: #333333;\">Die Misshandelnden, in der Regel M\u00e4nner, sind Leute, denen es auf vielerlei Art sehr schlecht geht, besonders in Bezug auf ein psychologisches Ungleichgewicht und emotionale Verwirrungen, die sie seit vielen Jahren mit sich herumtragen. Diese \u00e4u\u00dferst delikate Situation projizieren sie in Form von Gewalt auf Frauen. Jeder Missbrauch ist ein Verteidigungsmechanismus. Aber jenseits von Urteilen oder Verurteilungen ohne irgendein Verst\u00e4ndnis, m\u00f6chte ich einen Blick auf diese Angelegenheit werfen, da ich die Gelegenheit hatte, in der Gruppentherapie mit vielen misshandelten Frauen zu arbeiten. Ich habe keine Erfahrung mit misshandelnden M\u00e4nnern, deswegen kann ich dazu nicht viel sagen. Sie suchen nie Hilfe, da sie sich an einem Platz von falscher Macht empfinden. An diesem Platz herrschen unlauter erworbene Rechte, wie zum Beispiel die Anwendung von Gewalt.<\/span><\/p>\n<p>&nbsp;<\/p>\n<p><strong><span style=\"color: #333333;\">HEILUNG IST EIN PROZESS DER TRANSZENDENZ<\/span><\/strong><\/p>\n<p><span style=\"color: #333333;\">Es ist wirklich wichtig, das Bewusstsein zu erwecken, um zu heilen und die Probleme zu l\u00f6sen oder zu \u00fcberwinden, die uns nerven. Wenn das Bewusstsein erwacht, bleibt uns nichts anderes \u00fcbrig, als Tag f\u00fcr Tag all das aufzudecken, was uns blockiert, gefangenh\u00e4lt, versklavt und leiden l\u00e4sst. Dann k\u00f6nnen wir \u00fcber uns hinausgehen und stark sein, um uns der Macht der Konditionierungen zu stellen.<\/span><\/p>\n<p><span style=\"color: #333333;\">Lasst uns klarstellen, dass \u201cKonditionierungen\u201d die programmierten und voreingestellten Begrenzungen sind, die uns zum Schutz vorgesetzt wurden, jedoch Barrieren f\u00fcr ein gl\u00fcckliches Leben sind.<\/span><\/p>\n<p><span style=\"color: #333333;\">Eine dieser starken Konditionierungen ist die Unterwerfung. Die Anordnung, sich anderen zu untergeben. Wenn wir also darunter leiden, dann f\u00e4llt uns nichts Besseres ein, als die Herrscher f\u00fcr unser Leid zu beschuldigen. Ein Verhalten, welches auf einen kranken Zustand von demjenigen hindeutet, der den anderen anklagt.<\/span><\/p>\n<p><span style=\"color: #333333;\">Pers\u00f6nliche Erm\u00e4chtigung entsteht nicht in Bezug auf die anderen, sondern dadurch, den untergebenen Teil in uns anzuerkennen. Beherrscht, unterworfen und von anderen kontrolliert. Derjenige, der versklavt, spielt dabei eine untergeordnete Rolle f\u00fcr das Problem. Jeder sollte f\u00fcr sein eigenes Leben und seine Situation die Verantwortung \u00fcbernehmen und dabei im Inneren beobachten, warum von au\u00dfen unw\u00fcrdige Handlungen auf einen zukommen. Wenn ein Mensch sich diesen unausgewogenen Teilen in sich selbst zuwendet, dann beginnt er die Gr\u00fcnde daf\u00fcr zu erkennen, warum er von jemandem misshandelt wird.<\/span><\/p>\n<p><span style=\"color: #333333;\">Die Transzendenz geschieht \u201cin\u201d uns selbst und es ist\u00a0 die Verantwortung\u00a0 \u201cvon\u201d uns selbst.<\/span><\/p>\n<p><span style=\"color: #333333;\">Das erste, was es zu transzendieren gibt ist <strong>das Au\u00dfen<\/strong>. So gesehen sind es die verschiedenen Verteidigungsmechanismen, die uns davon abhalten, sich uns selbst zuzuwenden, weil sie die Aufmerksamkeit nach au\u00dfen gerichtet halten. Zum Beispiel: Projektion, Rationalisierung, Erkl\u00e4rungen, Rechtfertigung, Angriff, Verneinung und Flucht sind verschiedene Mechanismen, die wir benutzen, um uns vor dem Au\u00dfen zu verteidigen. Damit schreiben wir den anderen das zu, was zu uns selbst geh\u00f6rt, um uns nicht unsere eigenen kranken Anteile eingestehen zu m\u00fcssen. Wir machen Bemerkungen, urteilen, kritisieren und zeigen mit dem Finger auf andere, um die Gr\u00fcnde zu finden, aber wir schauen nicht nach innen.\u00a0<\/span><\/p>\n<p><span style=\"color: #333333;\">Ein aktuelles und sehr hartes Beispiel in Bezug auf Frauengewalt, die t\u00e4glich auf der ganzen Welt passiert, ist die Debatte in Spanien dar\u00fcber, wie die Tat definiert werden soll, wenn ein Mann seine Frau umbringt. Wenn das passiert, sagen manche: \u201cEine Frau wurde von ihrem Mann get\u00f6tet\u201d und andere meinen, man m\u00fcsste es umformulieren und sagen: \u201c Ein Mann hat einer Frau das Leben genommen\u201d. Andere sind der Meinung, man m\u00fcsste einige Worte ver\u00e4ndern, um pr\u00e4zise zu sagen: \u201cEin Mann hat eine Frau get\u00f6tet\u201d. Das w\u00e4re eine sehr realistische und kraftvolle Aussage.<\/span><\/p>\n<p><span style=\"color: #333333;\">Vom Gesichtspunkt der <strong>\u201cTranszendenten Heilung\u201d<\/strong> aus gesehen ist keine dieser Aussagen richtig. Vor allen Dingen nicht von dem Blickwinkel aus, den wir in diesem Artikel \u00fcber die Bedeutung des Anderen er\u00f6rtert haben. Wir k\u00f6nnten sagen: <i>\u201cder unterw\u00fcrfige und ungel\u00f6ste Anteil einer Frau hat es zugelassen, dass ein Mann sie t\u00f6tet.\u201d<\/i> Viel h\u00e4rter w\u00e4re es zu sagen: \u201cder unterw\u00fcrfige und nicht geheilte Teil einer Frau hat sie get\u00f6tet.\u201d Das Problem, das bei dieser Aussage entsteht ist, dass es zum gr\u00f6\u00dften Teil bzw. zu 100 % die Frau daf\u00fcr verantwortlich macht, da sie wusste, was geschehen kann und weder weggegangen ist, noch um Hilfe gebeten hat.<\/span><\/p>\n<p><span style=\"color: #333333;\">Ein Teil des Kernproblems bei Frauengewalt ist, dass Frauen glauben, sie h\u00e4tten die Misshandlung verdient und dass sie nicht w\u00fcrdig sind, es hinter sich zu lassen. Es gibt ein Buch mit dem Titel: \u201c Mein Mann schl\u00e4gt mich. Das ist normal.\u201d Das spiegelt diese Realit\u00e4t, dass viele Frauen glauben, misshandelt werden zu m\u00fcssen. Es ist offensichtlich, dass sie von ihrer eigenen Konditionierung entf\u00fchrt wurden. Wenn der Fokus sich nur auf den Angreifer richtet, dann werden wir damit nichts l\u00f6sen. Es l\u00e4sst sich nachweisen, dass es wenig Fortschritte in der Vermeidung von Morden gibt. Wie w\u00e4re es, wenn die Frauen die Verantwortung daf\u00fcr \u00fcbernehmen w\u00fcrden, dass sie es aushalten und nicht zur Anzeige bringen&#8230;?\u00a0<\/span><\/p>\n<p><span style=\"color: #333333;\">Wenn die Frauen sich vollkommen auf sich selbst richten w\u00fcrden, dann w\u00e4re das Problem schnell gel\u00f6st. Aber genau wie sie, sind auch die Regierungskampagnen darauf aus, dem Misshandelnden ein Ende zu setzen. Sie glauben, wenn die Hunde sterben, dann h\u00f6rt die Wut auf. Leider ist das nicht so, es w\u00e4re sch\u00f6n, wenn dem so w\u00e4re.<\/span><\/p>\n<p><span style=\"color: #333333;\">Die schlechte Nachricht dieses Artikels ist, dass die anderen nicht schuld sind all dem \u00dcbel, das uns widerf\u00e4hrt. Wir sind Komplizen. Wir sollten nie vergessen, dass kein Problem,\u00a0 das man ohne Verantwortungsgef\u00fchl in Angriff nimmt wahrhaftig und dauerhaft gel\u00f6st werden wird.<\/span><\/p>\n<p><span style=\"color: #333333;\">Im Fall von Frauengewalt spreche ich nicht davon, wer der Schuldige bei der Misshandlung ist, sondern ich spreche von Verantwortung. Und davon, dass bei jeder Frauengewalt die Verantwortung auf beiden Seiten liegt. Ein Teil ist passiv und h\u00e4lt es aus. Der andere Teil ist aktiv und misshandelt. Es geh\u00f6ren zwei dazu.<\/span><\/p>\n<p><span style=\"color: #333333;\">Dieses Beispiel kann uns in vielen Situationen dienen. Wir gehen dem st\u00e4ndig aus dem Weg, wenn es darum geht, Verantwortung zu \u00fcbernehmen. Du kannst irgendjemanden fragen: \u201cWarum hast du das nicht getan bzw. nicht so, wie du solltest?\u201d Du wirst auf ein breites Spektrum an M\u00f6glichkeiten von Verteidigungsmechanismen treffen. Du wirst aber kaum jemanden antreffen, der sagt: \u201cIch bin daf\u00fcr verantwortlich, weil ich mich nicht darum gek\u00fcmmert habe.\u201d<\/span><\/p>\n<p><span style=\"color: #333333;\">Wir haben es mit vielen sozialen Themen zu tun, wo wir den Grad von direkter oder indirekter Einmischung unsererseits anheben sollten. Terrorismus. Ausbeutung. Missbrauch. Armut und Hunger. Das sind nichts weiter als Erscheinungen unseres eigenen ungel\u00f6sten Elends.<\/span><\/p>\n<p><span style=\"color: #333333;\">(Ausz\u00fcge eines der B\u00fccher von Alberto Jos\u00e9 Varela, geschrieben im Gef\u00e4ngnis von Valdemoro, Madrid)<\/span><\/p>\n<p><span style=\"color: #333333;\">Alberto Varela<\/span><\/p>\n<p><span style=\"color: #333333;\">Erfinder des Programms \u201cTranszendente Heilung\u201d<\/span><\/p>\n<p>&nbsp;<\/p>\n<p><span style=\"color: #333333;\"><strong>Ayahuasca International h\u00e4lt Retreats, die die Einnahme von Ayahuasca mit psychotherapeutischer Arbeit verbinden, in Deutschland, \u00d6sterreich und in der Schweiz.<\/strong><\/span><\/p>\n<p><strong><span style=\"color: #0000ff;\"><a style=\"color: #0000ff;\" href=\"https:\/\/www.albertojosevarela.com\/en\/lp\/deutsch-retreats\/\">Klicke hier<\/a><\/span>\u00a0<span style=\"color: #333333;\">f\u00fcr die komplette Liste und Informationen der n\u00e4chsten<\/span>\u00a0<span style=\"color: #0000ff;\"><a style=\"color: #0000ff;\" href=\"https:\/\/www.albertojosevarela.com\/en\/lp\/deutsch-retreats\/\">Ayahuasca International Retreats 2016\/2017<\/a><\/span>.\u00a0<span style=\"color: #333333;\">Darin finden sich weiterf\u00fchrende Links zu jedem einzelnen Retreat.<\/span><\/strong><\/p>\n<p><strong><span style=\"color: #333333;\">F\u00fcr Buchungen oder Anfragen schreibe bitte an<\/span>\u00a0<span style=\"color: #0000ff;\"><a style=\"color: #0000ff;\" href=\"mailto:deutsch@innermastery.es\">deutsch@innermastery.es<\/a><\/span><\/strong><\/p>\n","protected":false},"excerpt":{"rendered":"<p>&nbsp; MISSBRAUCH ODER GEWALT GEGEN FRAUEN M\u00e4nner, die Frauen angreifen und Frauen, die es zulassen misshandelt zu werden. &nbsp; Missbrauch ist das Ergebnis einer Beziehung zwischen demjenigen, der misshandelt und derjenigen, die misshandelt wird. Das Einvernehmen zweier Anteile, dem Unterworfenen und dem Dominierenden. Wie soll man dieses Problem auf transzendente Weise l\u00f6sen? Ich habe Erfahrung [&hellip;]<\/p>\n","protected":false},"author":9,"featured_media":0,"comment_status":"closed","ping_status":"closed","sticky":false,"template":"elementor_header_footer","format":"standard","meta":{"_acf_changed":false,"site-sidebar-layout":"default","site-content-layout":"","ast-site-content-layout":"default","site-content-style":"default","site-sidebar-style":"default","ast-global-header-display":"","ast-banner-title-visibility":"","ast-main-header-display":"","ast-hfb-above-header-display":"","ast-hfb-below-header-display":"","ast-hfb-mobile-header-display":"","site-post-title":"","ast-breadcrumbs-content":"","ast-featured-img":"","footer-sml-layout":"","theme-transparent-header-meta":"","adv-header-id-meta":"","stick-header-meta":"","header-above-stick-meta":"","header-main-stick-meta":"","header-below-stick-meta":"","astra-migrate-meta-layouts":"default","ast-page-background-enabled":"default","ast-page-background-meta":{"desktop":{"background-color":"","background-image":"","background-repeat":"repeat","background-position":"center center","background-size":"auto","background-attachment":"scroll","background-type":"","background-media":"","overlay-type":"","overlay-color":"","overlay-opacity":"","overlay-gradient":""},"tablet":{"background-color":"","background-image":"","background-repeat":"repeat","background-position":"center center","background-size":"auto","background-attachment":"scroll","background-type":"","background-media":"","overlay-type":"","overlay-color":"","overlay-opacity":"","overlay-gradient":""},"mobile":{"background-color":"","background-image":"","background-repeat":"repeat","background-position":"center center","background-size":"auto","background-attachment":"scroll","background-type":"","background-media":"","overlay-type":"","overlay-color":"","overlay-opacity":"","overlay-gradient":""}},"ast-content-background-meta":{"desktop":{"background-color":"var(--ast-global-color-5)","background-image":"","background-repeat":"repeat","background-position":"center center","background-size":"auto","background-attachment":"scroll","background-type":"","background-media":"","overlay-type":"","overlay-color":"","overlay-opacity":"","overlay-gradient":""},"tablet":{"background-color":"var(--ast-global-color-5)","background-image":"","background-repeat":"repeat","background-position":"center center","background-size":"auto","background-attachment":"scroll","background-type":"","background-media":"","overlay-type":"","overlay-color":"","overlay-opacity":"","overlay-gradient":""},"mobile":{"background-color":"var(--ast-global-color-5)","background-image":"","background-repeat":"repeat","background-position":"center center","background-size":"auto","background-attachment":"scroll","background-type":"","background-media":"","overlay-type":"","overlay-color":"","overlay-opacity":"","overlay-gradient":""}},"ep_exclude_from_search":false,"footnotes":""},"categories":[670,712],"tags":[],"class_list":["post-47616","post","type-post","status-publish","format-standard","hentry","category-editorial-de","category-tecnicas-y-metodos-terapeuticos-de"],"acf":[],"yoast_head":"<!-- This site is optimized with the Yoast SEO plugin v27.4 - https:\/\/yoast.com\/product\/yoast-seo-wordpress\/ -->\n<title>MISSBRAUCH UND GEWALT GEGEN FRAUEN AN DER WURZEL L\u00d6SEN. Eine konfrontierende Sichtweise eines globalen Problems. - Web Oficial de Alverto<\/title>\n<meta name=\"robots\" content=\"index, follow, max-snippet:-1, max-image-preview:large, max-video-preview:-1\" \/>\n<link rel=\"canonical\" href=\"https:\/\/www.albertojosevarela.com\/de\/missbrauch-und-gewalt-gegen-frauen-an-der-wurzel-loesen\/\" \/>\n<meta property=\"og:locale\" content=\"de_DE\" \/>\n<meta property=\"og:type\" content=\"article\" \/>\n<meta property=\"og:title\" content=\"MISSBRAUCH UND GEWALT GEGEN FRAUEN AN DER WURZEL L\u00d6SEN. Eine konfrontierende Sichtweise eines globalen Problems. - Web Oficial de Alverto\" \/>\n<meta property=\"og:description\" content=\"&nbsp; MISSBRAUCH ODER GEWALT GEGEN FRAUEN M\u00e4nner, die Frauen angreifen und Frauen, die es zulassen misshandelt zu werden. &nbsp; Missbrauch ist das Ergebnis einer Beziehung zwischen demjenigen, der misshandelt und derjenigen, die misshandelt wird. Das Einvernehmen zweier Anteile, dem Unterworfenen und dem Dominierenden. Wie soll man dieses Problem auf transzendente Weise l\u00f6sen? Ich habe Erfahrung [&hellip;]\" \/>\n<meta property=\"og:url\" content=\"https:\/\/www.albertojosevarela.com\/de\/missbrauch-und-gewalt-gegen-frauen-an-der-wurzel-loesen\/\" \/>\n<meta property=\"og:site_name\" content=\"Web Oficial de Alverto\" \/>\n<meta property=\"article:publisher\" content=\"https:\/\/www.facebook.com\/Alvertojosevarela\" \/>\n<meta property=\"article:author\" content=\"https:\/\/www.facebook.com\/Alvertojosevarela\" \/>\n<meta property=\"article:published_time\" content=\"2016-10-08T20:51:32+00:00\" \/>\n<meta name=\"author\" content=\"Alberto Jos\u00e9 Varela\" \/>\n<meta name=\"twitter:card\" content=\"summary_large_image\" \/>\n<meta name=\"twitter:creator\" content=\"@albertoJ_varela\" \/>\n<meta name=\"twitter:site\" content=\"@albertoJ_varela\" \/>\n<script type=\"application\/ld+json\" class=\"yoast-schema-graph\">{\"@context\":\"https:\\\/\\\/schema.org\",\"@graph\":[{\"@type\":\"Article\",\"@id\":\"https:\\\/\\\/www.albertojosevarela.com\\\/de\\\/missbrauch-und-gewalt-gegen-frauen-an-der-wurzel-loesen\\\/#article\",\"isPartOf\":{\"@id\":\"https:\\\/\\\/www.albertojosevarela.com\\\/de\\\/missbrauch-und-gewalt-gegen-frauen-an-der-wurzel-loesen\\\/\"},\"author\":{\"name\":\"Alberto Jos\u00e9 Varela\",\"@id\":\"https:\\\/\\\/www.albertojosevarela.com\\\/de\\\/#\\\/schema\\\/person\\\/6197324b0e48a485e79c32ccad0064d8\"},\"headline\":\"MISSBRAUCH UND GEWALT GEGEN FRAUEN AN DER WURZEL L\u00d6SEN. Eine konfrontierende Sichtweise eines globalen Problems.\",\"datePublished\":\"2016-10-08T20:51:32+00:00\",\"mainEntityOfPage\":{\"@id\":\"https:\\\/\\\/www.albertojosevarela.com\\\/de\\\/missbrauch-und-gewalt-gegen-frauen-an-der-wurzel-loesen\\\/\"},\"wordCount\":1393,\"publisher\":{\"@id\":\"https:\\\/\\\/www.albertojosevarela.com\\\/de\\\/#\\\/schema\\\/person\\\/6197324b0e48a485e79c32ccad0064d8\"},\"articleSection\":[\"Editorial\",\"T\u00e9cnicas y M\u00e9todos terap\u00e9uticos\"],\"inLanguage\":\"de\"},{\"@type\":\"WebPage\",\"@id\":\"https:\\\/\\\/www.albertojosevarela.com\\\/de\\\/missbrauch-und-gewalt-gegen-frauen-an-der-wurzel-loesen\\\/\",\"url\":\"https:\\\/\\\/www.albertojosevarela.com\\\/de\\\/missbrauch-und-gewalt-gegen-frauen-an-der-wurzel-loesen\\\/\",\"name\":\"MISSBRAUCH UND GEWALT GEGEN FRAUEN AN DER WURZEL L\u00d6SEN. Eine konfrontierende Sichtweise eines globalen Problems. - Web Oficial de Alverto\",\"isPartOf\":{\"@id\":\"https:\\\/\\\/www.albertojosevarela.com\\\/de\\\/#website\"},\"datePublished\":\"2016-10-08T20:51:32+00:00\",\"breadcrumb\":{\"@id\":\"https:\\\/\\\/www.albertojosevarela.com\\\/de\\\/missbrauch-und-gewalt-gegen-frauen-an-der-wurzel-loesen\\\/#breadcrumb\"},\"inLanguage\":\"de\",\"potentialAction\":[{\"@type\":\"ReadAction\",\"target\":[\"https:\\\/\\\/www.albertojosevarela.com\\\/de\\\/missbrauch-und-gewalt-gegen-frauen-an-der-wurzel-loesen\\\/\"]}]},{\"@type\":\"BreadcrumbList\",\"@id\":\"https:\\\/\\\/www.albertojosevarela.com\\\/de\\\/missbrauch-und-gewalt-gegen-frauen-an-der-wurzel-loesen\\\/#breadcrumb\",\"itemListElement\":[{\"@type\":\"ListItem\",\"position\":1,\"name\":\"Inicio\",\"item\":\"https:\\\/\\\/www.albertojosevarela.com\\\/de\\\/\"},{\"@type\":\"ListItem\",\"position\":2,\"name\":\"Editorial\",\"item\":\"https:\\\/\\\/www.albertojosevarela.com\\\/de\\\/category\\\/editorial-de\\\/\"},{\"@type\":\"ListItem\",\"position\":3,\"name\":\"MISSBRAUCH UND GEWALT GEGEN FRAUEN AN DER WURZEL L\u00d6SEN. Eine konfrontierende Sichtweise eines globalen Problems.\"}]},{\"@type\":\"WebSite\",\"@id\":\"https:\\\/\\\/www.albertojosevarela.com\\\/de\\\/#website\",\"url\":\"https:\\\/\\\/www.albertojosevarela.com\\\/de\\\/\",\"name\":\"Web Oficial de Alberto Jos\u00e9 Varela\",\"description\":\"El ser humano evoluciona cuando se mira adentro\",\"publisher\":{\"@id\":\"https:\\\/\\\/www.albertojosevarela.com\\\/de\\\/#\\\/schema\\\/person\\\/6197324b0e48a485e79c32ccad0064d8\"},\"potentialAction\":[{\"@type\":\"SearchAction\",\"target\":{\"@type\":\"EntryPoint\",\"urlTemplate\":\"https:\\\/\\\/www.albertojosevarela.com\\\/de\\\/?s={search_term_string}\"},\"query-input\":{\"@type\":\"PropertyValueSpecification\",\"valueRequired\":true,\"valueName\":\"search_term_string\"}}],\"inLanguage\":\"de\"},{\"@type\":[\"Person\",\"Organization\"],\"@id\":\"https:\\\/\\\/www.albertojosevarela.com\\\/de\\\/#\\\/schema\\\/person\\\/6197324b0e48a485e79c32ccad0064d8\",\"name\":\"Alberto Jos\u00e9 Varela\",\"image\":{\"@type\":\"ImageObject\",\"inLanguage\":\"de\",\"@id\":\"https:\\\/\\\/www.albertojosevarela.com\\\/wp-content\\\/uploads\\\/2020\\\/11\\\/alberto-varela.jpeg\",\"url\":\"https:\\\/\\\/www.albertojosevarela.com\\\/wp-content\\\/uploads\\\/2020\\\/11\\\/alberto-varela.jpeg\",\"contentUrl\":\"https:\\\/\\\/www.albertojosevarela.com\\\/wp-content\\\/uploads\\\/2020\\\/11\\\/alberto-varela.jpeg\",\"width\":682,\"height\":864,\"caption\":\"Alberto Jos\u00e9 Varela\"},\"logo\":{\"@id\":\"https:\\\/\\\/www.albertojosevarela.com\\\/wp-content\\\/uploads\\\/2020\\\/11\\\/alberto-varela.jpeg\"},\"description\":\"Fundador de empresas y organizaciones; creador de t\u00e9cnicas, m\u00e9todos y escuelas; autor de varios libros. Estudiante autodidacta, investigador y conferencista internacional, con una experiencia de m\u00e1s de 40 a\u00f1os en la gesti\u00f3n organizacional y los RRHH. Actualmente crece su influencia en el \u00e1mbito motivacional, terap\u00e9utico y espiritual a ra\u00edz del mensaje evolutivo que transmite.\",\"sameAs\":[\"https:\\\/\\\/www.facebook.com\\\/Alvertojosevarela\",\"https:\\\/\\\/www.instagram.com\\\/albertojose.varela\\\/\",\"https:\\\/\\\/www.linkedin.com\\\/in\\\/alverto-varela\\\/\",\"https:\\\/\\\/x.com\\\/albertoJ_varela\",\"https:\\\/\\\/www.youtube.com\\\/c\\\/AlvertoVarela\"]}]}<\/script>\n<!-- \/ Yoast SEO plugin. -->","yoast_head_json":{"title":"MISSBRAUCH UND GEWALT GEGEN FRAUEN AN DER WURZEL L\u00d6SEN. Eine konfrontierende Sichtweise eines globalen Problems. - Web Oficial de Alverto","robots":{"index":"index","follow":"follow","max-snippet":"max-snippet:-1","max-image-preview":"max-image-preview:large","max-video-preview":"max-video-preview:-1"},"canonical":"https:\/\/www.albertojosevarela.com\/de\/missbrauch-und-gewalt-gegen-frauen-an-der-wurzel-loesen\/","og_locale":"de_DE","og_type":"article","og_title":"MISSBRAUCH UND GEWALT GEGEN FRAUEN AN DER WURZEL L\u00d6SEN. Eine konfrontierende Sichtweise eines globalen Problems. - Web Oficial de Alverto","og_description":"&nbsp; MISSBRAUCH ODER GEWALT GEGEN FRAUEN M\u00e4nner, die Frauen angreifen und Frauen, die es zulassen misshandelt zu werden. &nbsp; Missbrauch ist das Ergebnis einer Beziehung zwischen demjenigen, der misshandelt und derjenigen, die misshandelt wird. Das Einvernehmen zweier Anteile, dem Unterworfenen und dem Dominierenden. Wie soll man dieses Problem auf transzendente Weise l\u00f6sen? Ich habe Erfahrung [&hellip;]","og_url":"https:\/\/www.albertojosevarela.com\/de\/missbrauch-und-gewalt-gegen-frauen-an-der-wurzel-loesen\/","og_site_name":"Web Oficial de Alverto","article_publisher":"https:\/\/www.facebook.com\/Alvertojosevarela","article_author":"https:\/\/www.facebook.com\/Alvertojosevarela","article_published_time":"2016-10-08T20:51:32+00:00","author":"Alberto Jos\u00e9 Varela","twitter_card":"summary_large_image","twitter_creator":"@albertoJ_varela","twitter_site":"@albertoJ_varela","schema":{"@context":"https:\/\/schema.org","@graph":[{"@type":"Article","@id":"https:\/\/www.albertojosevarela.com\/de\/missbrauch-und-gewalt-gegen-frauen-an-der-wurzel-loesen\/#article","isPartOf":{"@id":"https:\/\/www.albertojosevarela.com\/de\/missbrauch-und-gewalt-gegen-frauen-an-der-wurzel-loesen\/"},"author":{"name":"Alberto Jos\u00e9 Varela","@id":"https:\/\/www.albertojosevarela.com\/de\/#\/schema\/person\/6197324b0e48a485e79c32ccad0064d8"},"headline":"MISSBRAUCH UND GEWALT GEGEN FRAUEN AN DER WURZEL L\u00d6SEN. Eine konfrontierende Sichtweise eines globalen Problems.","datePublished":"2016-10-08T20:51:32+00:00","mainEntityOfPage":{"@id":"https:\/\/www.albertojosevarela.com\/de\/missbrauch-und-gewalt-gegen-frauen-an-der-wurzel-loesen\/"},"wordCount":1393,"publisher":{"@id":"https:\/\/www.albertojosevarela.com\/de\/#\/schema\/person\/6197324b0e48a485e79c32ccad0064d8"},"articleSection":["Editorial","T\u00e9cnicas y M\u00e9todos terap\u00e9uticos"],"inLanguage":"de"},{"@type":"WebPage","@id":"https:\/\/www.albertojosevarela.com\/de\/missbrauch-und-gewalt-gegen-frauen-an-der-wurzel-loesen\/","url":"https:\/\/www.albertojosevarela.com\/de\/missbrauch-und-gewalt-gegen-frauen-an-der-wurzel-loesen\/","name":"MISSBRAUCH UND GEWALT GEGEN FRAUEN AN DER WURZEL L\u00d6SEN. Eine konfrontierende Sichtweise eines globalen Problems. - Web Oficial de Alverto","isPartOf":{"@id":"https:\/\/www.albertojosevarela.com\/de\/#website"},"datePublished":"2016-10-08T20:51:32+00:00","breadcrumb":{"@id":"https:\/\/www.albertojosevarela.com\/de\/missbrauch-und-gewalt-gegen-frauen-an-der-wurzel-loesen\/#breadcrumb"},"inLanguage":"de","potentialAction":[{"@type":"ReadAction","target":["https:\/\/www.albertojosevarela.com\/de\/missbrauch-und-gewalt-gegen-frauen-an-der-wurzel-loesen\/"]}]},{"@type":"BreadcrumbList","@id":"https:\/\/www.albertojosevarela.com\/de\/missbrauch-und-gewalt-gegen-frauen-an-der-wurzel-loesen\/#breadcrumb","itemListElement":[{"@type":"ListItem","position":1,"name":"Inicio","item":"https:\/\/www.albertojosevarela.com\/de\/"},{"@type":"ListItem","position":2,"name":"Editorial","item":"https:\/\/www.albertojosevarela.com\/de\/category\/editorial-de\/"},{"@type":"ListItem","position":3,"name":"MISSBRAUCH UND GEWALT GEGEN FRAUEN AN DER WURZEL L\u00d6SEN. Eine konfrontierende Sichtweise eines globalen Problems."}]},{"@type":"WebSite","@id":"https:\/\/www.albertojosevarela.com\/de\/#website","url":"https:\/\/www.albertojosevarela.com\/de\/","name":"Web Oficial de Alberto Jos\u00e9 Varela","description":"El ser humano evoluciona cuando se mira adentro","publisher":{"@id":"https:\/\/www.albertojosevarela.com\/de\/#\/schema\/person\/6197324b0e48a485e79c32ccad0064d8"},"potentialAction":[{"@type":"SearchAction","target":{"@type":"EntryPoint","urlTemplate":"https:\/\/www.albertojosevarela.com\/de\/?s={search_term_string}"},"query-input":{"@type":"PropertyValueSpecification","valueRequired":true,"valueName":"search_term_string"}}],"inLanguage":"de"},{"@type":["Person","Organization"],"@id":"https:\/\/www.albertojosevarela.com\/de\/#\/schema\/person\/6197324b0e48a485e79c32ccad0064d8","name":"Alberto Jos\u00e9 Varela","image":{"@type":"ImageObject","inLanguage":"de","@id":"https:\/\/www.albertojosevarela.com\/wp-content\/uploads\/2020\/11\/alberto-varela.jpeg","url":"https:\/\/www.albertojosevarela.com\/wp-content\/uploads\/2020\/11\/alberto-varela.jpeg","contentUrl":"https:\/\/www.albertojosevarela.com\/wp-content\/uploads\/2020\/11\/alberto-varela.jpeg","width":682,"height":864,"caption":"Alberto Jos\u00e9 Varela"},"logo":{"@id":"https:\/\/www.albertojosevarela.com\/wp-content\/uploads\/2020\/11\/alberto-varela.jpeg"},"description":"Fundador de empresas y organizaciones; creador de t\u00e9cnicas, m\u00e9todos y escuelas; autor de varios libros. Estudiante autodidacta, investigador y conferencista internacional, con una experiencia de m\u00e1s de 40 a\u00f1os en la gesti\u00f3n organizacional y los RRHH. Actualmente crece su influencia en el \u00e1mbito motivacional, terap\u00e9utico y espiritual a ra\u00edz del mensaje evolutivo que transmite.","sameAs":["https:\/\/www.facebook.com\/Alvertojosevarela","https:\/\/www.instagram.com\/albertojose.varela\/","https:\/\/www.linkedin.com\/in\/alverto-varela\/","https:\/\/x.com\/albertoJ_varela","https:\/\/www.youtube.com\/c\/AlvertoVarela"]}]}},"jetpack_featured_media_url":"","_links":{"self":[{"href":"https:\/\/www.albertojosevarela.com\/de\/wp-json\/wp\/v2\/posts\/47616","targetHints":{"allow":["GET"]}}],"collection":[{"href":"https:\/\/www.albertojosevarela.com\/de\/wp-json\/wp\/v2\/posts"}],"about":[{"href":"https:\/\/www.albertojosevarela.com\/de\/wp-json\/wp\/v2\/types\/post"}],"author":[{"embeddable":true,"href":"https:\/\/www.albertojosevarela.com\/de\/wp-json\/wp\/v2\/users\/9"}],"replies":[{"embeddable":true,"href":"https:\/\/www.albertojosevarela.com\/de\/wp-json\/wp\/v2\/comments?post=47616"}],"version-history":[{"count":0,"href":"https:\/\/www.albertojosevarela.com\/de\/wp-json\/wp\/v2\/posts\/47616\/revisions"}],"wp:attachment":[{"href":"https:\/\/www.albertojosevarela.com\/de\/wp-json\/wp\/v2\/media?parent=47616"}],"wp:term":[{"taxonomy":"category","embeddable":true,"href":"https:\/\/www.albertojosevarela.com\/de\/wp-json\/wp\/v2\/categories?post=47616"},{"taxonomy":"post_tag","embeddable":true,"href":"https:\/\/www.albertojosevarela.com\/de\/wp-json\/wp\/v2\/tags?post=47616"}],"curies":[{"name":"wp","href":"https:\/\/api.w.org\/{rel}","templated":true}]}}