{"id":47708,"date":"2016-12-08T00:10:38","date_gmt":"2016-12-07T23:10:38","guid":{"rendered":"https:\/\/www.albertojosevarela.com\/wpml\/ayahuasca-psychotherapie-2\/"},"modified":"2016-12-08T00:10:38","modified_gmt":"2016-12-07T23:10:38","slug":"ayahuasca-psychotherapie-2","status":"publish","type":"post","link":"https:\/\/www.albertojosevarela.com\/de\/ayahuasca-psychotherapie-2\/","title":{"rendered":"AYAHUASCA &#038; PSYCHOTHERAPIE (2. Teil) Ist es m\u00f6glich, die schamanische Weltanschauung mit dem Ansatz der pers\u00f6nlichen Entwicklung der Psychotherapeuten zu integrieren?"},"content":{"rendered":"<table>\n<tbody>\n<tr>\n<td>\n<h1>\u00a0<span style=\"color: #ff6600;\"><strong>SIND AYAHUASCA UND PSYCHOTHERAPIE KOMPATIBEL?<\/strong><\/span><\/h1>\n<h2><em><strong>Weder braucht die Psychotherapie Ayahuasca, noch Ayahuasca die Psychotherapie, doch die Personen, die L\u00f6sungen und Heilung ihrer internen Wunden suchen, bed\u00fcrfen der Integration von Ayahuasca und Psychotherapie als komplement\u00e4re Werkzeuge. Denn aus dieser Integration erw\u00e4chst eine immense heilende Macht.<\/strong><\/em><\/h2>\n<p><span style=\"color: #333333;\">Erst seit wenigen Jahren ist ein neues Zusammentreffen zweier Wege der Selbsterkenntnis und der Heilung zu sehen, die sich, trotz ihrer Anwendung durch nur einen kleinen Teil der Spezies Mensch und durch unabh\u00e4ngige und getrennte Gruppen, nun gegenseitig mit der Absicht der Integration in Erw\u00e4gung ziehen. Sie betrachten sich gegenseitig, da nun der Moment f\u00fcr sie gekommen ist, sich zu treffen.<\/span><\/p>\n<p><span style=\"color: #333333;\">Ich beziehe mich auf AYAHUASCA und PSYCHOTHERAPIE. Oder anders gesagt: die verschiedenen schamanischen Arten und westlichen therapeutischen Ans\u00e4tze.<\/span><\/p>\n<p><span style=\"color: #333333;\">Ayahuasca ist kein unabdingbares Mittel innerhalb des Kontexts der aktuellen Psychotherapie; ebensowenig ist Psychotherapie ein unabdingbares Mittel f\u00fcr den jahrtausende alten Schamanismus. Beide sind Wege zum Verst\u00e4ndnis des Lebens und der Existenz, die jedoch verschiedene Wegstationen durchqueren, die sich nur in einigen konkreten Punkten treffen. In diesem Sinn haben sie den ein oder anderen Punkt gemein, doch trennen sie sich in anderen Punkten. Auch das Ziel ist verschieden, doch komplement\u00e4r. Als Menschen wollen wir beide Ziele erreichen, doch k\u00f6nnen wir nicht gleichzeitig in zwei verschiedenen Z\u00fcgen reisen, es sei denn, dass beide Z\u00fcge ihre Route vereinen, um alle Stationen abzufahren und beide Ziele zu erreichen. In Wirklichkeit sind es nicht zwei Ziele, sondern eines ist die Abfahrtsstation und das andere ist die Zielstation.<\/span><\/p>\n<p><span style=\"color: #333333;\">Die Psychotherapie bringt uns unsere Macht zur\u00fcck, indem sie von der verletzten menschlichen Seite ausgeht, um uns zum Zentrum unserer selbst zu bringen; Ayahuasca bringt uns zur Kosmovision des Universums vom Ausgangspunkt der hellen und gesunden Seite aus, um uns zum Zentrum der Existenz zu dirigieren. So wie in der heutigen Zeit Psychotherapien existieren, die uns \u00fcber die Pers\u00f6nlichkeit hinaus bringen, gibt es verschiedene Schulen oder schamanische Methoden, die geschaffen wurden, um uns in die Schatten zu vertiefen. Und in der Tat hat Ayahuasca die Qualit\u00e4t, uns das Eindringen in die unbequemsten oder unangenehmsten inneren R\u00e4ume als eine Art Vorraum zur Reise ins Jenseits zu erm\u00f6glichen. Doch wenn jemand, der Ayahuasca genommen hat, in diese dunklen und unverst\u00e4ndlichen Zonen der menschlichen Kondition eintritt, entsteht ein nat\u00fcrliches Bed\u00fcrfnis, dieses Verst\u00e4ndnis im t\u00e4glichen Leben zu assimilieren und anzuwenden. Und hier ist der Punkt, an welchem die Psychotherapie auf Ayahuasca trifft, um dem Einnehmenden die M\u00f6glichkeit anzubieten, Visionen, Verst\u00e4ndnis, Unverst\u00e4ndnis und sogar Konfusion auf die t\u00e4gliche Realit\u00e4t zu \u00fcbertragen; und diese Arbeit kann durch Einsatz des bewussten und erfahrenen Wortes durchgef\u00fchrt werden.<\/span><\/p>\n<p><span style=\"color: #333333;\">Die Personen m\u00fcssen wissen, dass Ayahuasca keinesfalls die offizielle Medizin oder die konventionelle Psychotherapie ersetzen wird. Ayahuasca ist eine nat\u00fcrliche Zubereitung, die den menschlichen Organismus in vielf\u00e4ltigem Sinn \u00f6ffnet, doch attackiert sie in keiner Weise die Krankheit, die allopathischen Arzeimittel oder \u00c4rzte oder Psychologen. Sie ist ein Mittel der Natur und kann deshalb nicht mit irgendeiner anderen Technik inkompatibel sein, niemals wird sie versuchen, andere eingesetzte Methoden zu verdr\u00e4ngen, noch auf irgendeine Weise versuchen, die Einnahme von Medikamenten zu unterbrechen, die vom zust\u00e4ndigen Arzt verschrieben wurden. Die grunds\u00e4tzliche Idee, welche der Gebrauch von Ayahuasca produziert, ist auf die Verst\u00e4rkung der Gesundheit ausgerichtet, die psychoemotionellen Mittel des Individuums zu aktivieren, ihm mehr Klarheit bei der Entscheidungsfindung zu geben. Kurz gesagt, es arbeitet f\u00fcr die Gesundheit, den emotionellen und sentimentalen Zustand und die Prozesse von Gesundwerdung oder Heilung, welche die Person gew\u00e4hlt haben m\u00f6ge.<\/span><\/p>\n<p><span style=\"color: #333333;\">Es ist wichtig, dieses Konzept eindeutig zu kl\u00e4ren: AYAHUASCA RICHTET SICH GEGEN NICHTS. ES GREIFT NICHT AN.<\/span><\/p>\n<p><span style=\"color: #333333;\">Ein Beispiel: wenn eine Person mit Krebs Ayahuasca nimmt, greift dieses nicht den Krebs an, sondern st\u00e4rkt den Organismus, verst\u00e4rkt das Immunsystem, gibt ihm Impuls und Kraft, um weiterzumachen, hilft ihm, die Krankheit zu akzeptieren und ihren Sinn zu verstehen; dies ist ein bedeutender psychotherapeutischer Erfolg, den Ayahuasca erzielt. Zus\u00e4tzlich \u00f6ffnet es die k\u00f6rpereigene Apotheke und befreit ihn von Schadstoffen, um die erforderlichen internen Medizinen zu generieren und bis zu einem gewissen Grad den Nebenwirkungen mancher Medikamente entgegenzuwirken, ohne jedoch die Krankheit zu heilen. Wenn eine Person nach der Einnahme von Ayahuasca geheilt ist, liegt dies daran, dass ihr eigener Organismus aus seiner Lethargie aufgewacht ist und die Verantwortung daf\u00fcr \u00fcbernommen hat, die bis dahin pr\u00e4sente Krankheit auszusto\u00dfen.<\/span><\/p>\n<p><span style=\"color: #333333;\">Auf die gleich Weise arbeitet sie NICHT mit den psychologischen Schmerzen des Individuums, sondern mit der schlummernden Entwicklungs-m\u00f6glichkeit, \u00fcber welche es verf\u00fcgt, um trotz der Probleme und Lebensbeschr\u00e4nkungen mit den eigenen Ressourcen weiterzukommen. Es ist ein Wecker der \u201eResilienz\u201c, der nat\u00fcrlichen F\u00e4higkeit, Schwierigkeiten angehen zu k\u00f6nnen, um auf dem Weg weitergehen zu k\u00f6nnen, ohne steckenzubleiben.<\/span><\/p>\n<p><span style=\"color: #333333;\">In diesem Sinn ist die Ayahuasca weder Statthalter noch Ersatz jedweder psychologischen Behandlung oder psychotherapeutischen Prozesses, sondern kann mit jeglicher Technik oder Methode kombiniert werden. Hierhin liegt die Magie von Ayahuasca, die gleichermassen die Person oder Patient wie auch den Psychologen, Psychotherapeuten oder Arzt unterst\u00fctzt. Und selbstverst\u00e4ndlich unterst\u00fctzt es jegliche Aktion zur Verbesserung der k\u00f6rperlichen und mentalen Gesundheit des Individuums.<\/span><\/p>\n<p><span style=\"color: #333333;\"><em><strong>Ich kann ohne wenn und aber behaupten, dass weder die Psychotherapie Ayahuasca ben\u00f6tigt, noch Ayahuasca die Psychotherapie, doch die Personen suchen L\u00f6sungen und Heilung ihrer internen Wunden, sie ben\u00f6tigen die Integration von Ayahuasca und Psychotherapie als komplement\u00e4re Werkzeuge. Denn aus dieser Integration entsteht eine gro\u00dfe Heilkraft.<\/strong><\/em><\/span><\/p>\n<p><span style=\"color: #333333;\">Ein Beispiel hierf\u00fcr innerhalb der psychotherapeutischen Gemeinschaft ist die Entwicklung der Integrativen Psychologie, deren Begr\u00fcnder verschiedene Ans\u00e4tze integrieren wollen und diese Idee oder Vorschlag mit der folgenden Feststellung entwickeln: <em>\u201cMehr denn je wissen wir Therapeuten, dass die verschiedenen Str\u00f6mungen der menschlichen Psychologie den Patienten ansprechen, indem den einen oder anderen \u201eWerkzeugen f\u00fcr K\u00f6rper-Geist\u201c der Vorzug gegeben wird\u201d.\u00a0<\/em><\/span><\/p>\n<p><span style=\"color: #333333;\">Es ist offensichtlich und logisch, dass Pr\u00e4ferenzen f\u00fcr Techniken, Ans\u00e4tze oder Ansatzpunkte in dem Moment existieren, in welchem eine Person um Hilfe bittet, und im allgemeinen sind wir eher davon abh\u00e4ngig, was wir dominieren; andererseits hat jeder Psychotherapeut seine eigene Herkunft, Studien, Einfl\u00fcsse und pers\u00f6nlichen Vorzug, die Dinge auf seine Weise wahrzunehmen. Doch diese \u201cWeise\u201d, eine bestimmte Realit\u00e4t zu sehen, ist durch die Subjektivit\u00e4t konditioniert.<\/span><\/p>\n<p><span style=\"color: #333333;\"><strong>In diesem Moment gibt es sowohl Gesundheitsexperten wie auch Schamanen, die sich bewusst werden, dass eine \u00d6ffnung zu einer harmonischen \u00dcbereinkunft notwendig ist, welche die Macht beider Str\u00f6mungen vereint.<\/strong><\/span><\/p>\n<p><span style=\"color: #333333;\">Der Sprung, den ich durch die <strong>SCHULE F\u00dcR BEWUSSTSEIN <\/strong>und die\u00a0<strong>TREFFEN ZUR INNEREN ENTWICKLUNG <\/strong>vorschlage, basiert auf dem Ziel, einen Punkt an Objektivit\u00e4t und Gleichgewicht zwischen den verschiedenen Ans\u00e4tzen oder Werkzeugen, die wir einsetzen, zu erreichen. Ich meine, die Ziele und Phasen beider Wege zu integrieren, zum einen den Weg zur \u00dcberwindung der Traumas, zum anderen den Weg zum Treffen mit unserer Essenz. Denn in der \u00dcbereinkunft und der Integration beider Str\u00f6mungen liegt unsere M\u00f6glichkeit, einen komplexen Mechanismus zu konstruieren, der uns bef\u00e4higt, unser Potenzial zu entwickeln.<\/span><\/p>\n<p><span style=\"color: #333333;\">Alberto Jos\u00e9 Varela<\/span><\/p>\n<p><span style=\"color: #333333;\"><a style=\"color: #333333;\" href=\"mailto:albertovarelaes@yahoo.es\">albertovarelaes@yahoo.es<\/a><\/span><\/p>\n<p>&nbsp;<\/p>\n<p><span style=\"color: #333333;\"><strong>Die n\u00e4chsten Ayahuasca International Retreats in Deutschland und \u00d6sterreich 2016\/2017, die die Einnahme von Ayahuasca mit psychotherapeutischer Arbeit verbinden.<\/strong><\/span><\/p>\n<p><span style=\"color: #0000ff;\"><strong>Berlin, <a style=\"color: #0000ff;\" href=\"https:\/\/www.albertojosevarela.com\/en\/lp\/berlin-deutsch-10\/\">25.-28. Mai<\/p>\n<p><\/a>Z\u00fcrich, <a style=\"color: #0000ff;\" href=\"https:\/\/www.albertojosevarela.com\/en\/lp\/switzerland-de-5\/\">25.-28. Mai<\/p>\n<p><\/a>Hannonver, <a style=\"color: #0000ff;\" href=\"https:\/\/www.albertojosevarela.com\/en\/lp\/hanover-deutsch-3\/\">1.-4. Juni<\/p>\n<p><\/a>M\u00fcnchen, <a style=\"color: #0000ff;\" href=\"https:\/\/www.albertojosevarela.com\/en\/lp\/munchen-5\/\">1.-4. Juni<\/p>\n<p><\/a>Salzburg, <a style=\"color: #0000ff;\" href=\"https:\/\/www.albertojosevarela.com\/en\/lp\/salzburg-deu-5\/\">1.-4. Juni<\/p>\n<p><\/a>Berlin, <a style=\"color: #0000ff;\" href=\"https:\/\/www.albertojosevarela.com\/en\/lp\/berlin-deutsch-11\/\">8.-11 Juni<\/p>\n<p><\/a>Wien, <a style=\"color: #0000ff;\" href=\"https:\/\/www.albertojosevarela.com\/en\/lp\/wien-5\/\">14.-18. Juni<\/p>\n<p><\/a>K\u00f6ln, <a style=\"color: #0000ff;\" href=\"https:\/\/www.albertojosevarela.com\/en\/lp\/koln-6\/\">15.-18. Juni<\/p>\n<p><\/a>Berlin, <a style=\"color: #0000ff;\" href=\"https:\/\/www.albertojosevarela.com\/en\/lp\/berlin-deutsch-12\/\">21.-25. Juni<\/p>\n<p><\/a>Z\u00fcrich, <a style=\"color: #0000ff;\" href=\"https:\/\/www.albertojosevarela.com\/en\/lp\/switzerland-de-4\/\">22.-25. Juni<\/a><\/strong><\/span><\/p>\n<p><strong><span style=\"color: #0000ff;\"><a style=\"color: #0000ff;\" href=\"https:\/\/www.albertojosevarela.com\/en\/lp\/deutsch-retreats\/\">Klicke hier<\/a><\/span>\u00a0<span style=\"color: #333333;\">f\u00fcr die komplette Liste und Informationen der n\u00e4chsten<\/span>\u00a0<span style=\"color: #0000ff;\"><a style=\"color: #0000ff;\" href=\"https:\/\/www.albertojosevarela.com\/en\/lp\/deutsch-retreats\/\">Ayahuasca International Retreats 2017<\/a><\/span>.\u00a0<span style=\"color: #333333;\">Darin finden sich weiterf\u00fchrende Links zu jedem einzelnen Retreat.<\/span><\/strong><\/p>\n<p><strong><span style=\"color: #333333;\">F\u00fcr Buchungen oder Anfragen schreibe bitte an<\/span>\u00a0<span style=\"color: #0000ff;\"><a style=\"color: #0000ff;\" href=\"mailto:deutsch@innermastery.es\">deutsch@innermastery.es<\/a><\/span><\/strong><\/td>\n<\/tr>\n<\/tbody>\n<\/table>\n","protected":false},"excerpt":{"rendered":"<p>\u00a0SIND AYAHUASCA UND PSYCHOTHERAPIE KOMPATIBEL? Weder braucht die Psychotherapie Ayahuasca, noch Ayahuasca die Psychotherapie, doch die Personen, die L\u00f6sungen und Heilung ihrer internen Wunden suchen, bed\u00fcrfen der Integration von Ayahuasca und Psychotherapie als komplement\u00e4re Werkzeuge. Denn aus dieser Integration erw\u00e4chst eine immense heilende Macht. Erst seit wenigen Jahren ist ein neues Zusammentreffen zweier Wege der [&hellip;]<\/p>\n","protected":false},"author":9,"featured_media":0,"comment_status":"closed","ping_status":"closed","sticky":false,"template":"elementor_header_footer","format":"standard","meta":{"_acf_changed":false,"site-sidebar-layout":"default","site-content-layout":"","ast-site-content-layout":"default","site-content-style":"default","site-sidebar-style":"default","ast-global-header-display":"","ast-banner-title-visibility":"","ast-main-header-display":"","ast-hfb-above-header-display":"","ast-hfb-below-header-display":"","ast-hfb-mobile-header-display":"","site-post-title":"","ast-breadcrumbs-content":"","ast-featured-img":"","footer-sml-layout":"","theme-transparent-header-meta":"","adv-header-id-meta":"","stick-header-meta":"","header-above-stick-meta":"","header-main-stick-meta":"","header-below-stick-meta":"","astra-migrate-meta-layouts":"default","ast-page-background-enabled":"default","ast-page-background-meta":{"desktop":{"background-color":"","background-image":"","background-repeat":"repeat","background-position":"center center","background-size":"auto","background-attachment":"scroll","background-type":"","background-media":"","overlay-type":"","overlay-color":"","overlay-opacity":"","overlay-gradient":""},"tablet":{"background-color":"","background-image":"","background-repeat":"repeat","background-position":"center center","background-size":"auto","background-attachment":"scroll","background-type":"","background-media":"","overlay-type":"","overlay-color":"","overlay-opacity":"","overlay-gradient":""},"mobile":{"background-color":"","background-image":"","background-repeat":"repeat","background-position":"center center","background-size":"auto","background-attachment":"scroll","background-type":"","background-media":"","overlay-type":"","overlay-color":"","overlay-opacity":"","overlay-gradient":""}},"ast-content-background-meta":{"desktop":{"background-color":"var(--ast-global-color-5)","background-image":"","background-repeat":"repeat","background-position":"center center","background-size":"auto","background-attachment":"scroll","background-type":"","background-media":"","overlay-type":"","overlay-color":"","overlay-opacity":"","overlay-gradient":""},"tablet":{"background-color":"var(--ast-global-color-5)","background-image":"","background-repeat":"repeat","background-position":"center center","background-size":"auto","background-attachment":"scroll","background-type":"","background-media":"","overlay-type":"","overlay-color":"","overlay-opacity":"","overlay-gradient":""},"mobile":{"background-color":"var(--ast-global-color-5)","background-image":"","background-repeat":"repeat","background-position":"center center","background-size":"auto","background-attachment":"scroll","background-type":"","background-media":"","overlay-type":"","overlay-color":"","overlay-opacity":"","overlay-gradient":""}},"ep_exclude_from_search":false,"footnotes":""},"categories":[],"tags":[],"class_list":["post-47708","post","type-post","status-publish","format-standard","hentry"],"acf":[],"yoast_head":"<!-- This site is optimized with the Yoast SEO plugin v27.5 - https:\/\/yoast.com\/product\/yoast-seo-wordpress\/ -->\n<title>AYAHUASCA &amp; PSYCHOTHERAPIE (2. Teil) Ist es m\u00f6glich, die schamanische Weltanschauung mit dem Ansatz der pers\u00f6nlichen Entwicklung der Psychotherapeuten zu integrieren? - Web Oficial de Alverto<\/title>\n<meta name=\"robots\" content=\"index, follow, max-snippet:-1, max-image-preview:large, max-video-preview:-1\" \/>\n<link rel=\"canonical\" href=\"https:\/\/www.albertojosevarela.com\/de\/ayahuasca-psychotherapie-2\/\" \/>\n<meta property=\"og:locale\" content=\"de_DE\" \/>\n<meta property=\"og:type\" content=\"article\" \/>\n<meta property=\"og:title\" content=\"AYAHUASCA &amp; PSYCHOTHERAPIE (2. Teil) Ist es m\u00f6glich, die schamanische Weltanschauung mit dem Ansatz der pers\u00f6nlichen Entwicklung der Psychotherapeuten zu integrieren? - Web Oficial de Alverto\" \/>\n<meta property=\"og:description\" content=\"\u00a0SIND AYAHUASCA UND PSYCHOTHERAPIE KOMPATIBEL? Weder braucht die Psychotherapie Ayahuasca, noch Ayahuasca die Psychotherapie, doch die Personen, die L\u00f6sungen und Heilung ihrer internen Wunden suchen, bed\u00fcrfen der Integration von Ayahuasca und Psychotherapie als komplement\u00e4re Werkzeuge. Denn aus dieser Integration erw\u00e4chst eine immense heilende Macht. Erst seit wenigen Jahren ist ein neues Zusammentreffen zweier Wege der [&hellip;]\" \/>\n<meta property=\"og:url\" content=\"https:\/\/www.albertojosevarela.com\/de\/ayahuasca-psychotherapie-2\/\" \/>\n<meta property=\"og:site_name\" content=\"Web Oficial de Alverto\" \/>\n<meta property=\"article:publisher\" content=\"https:\/\/www.facebook.com\/Alvertojosevarela\" \/>\n<meta property=\"article:author\" content=\"https:\/\/www.facebook.com\/Alvertojosevarela\" \/>\n<meta property=\"article:published_time\" content=\"2016-12-07T23:10:38+00:00\" \/>\n<meta name=\"author\" content=\"Alberto Jos\u00e9 Varela\" \/>\n<meta name=\"twitter:card\" content=\"summary_large_image\" \/>\n<meta name=\"twitter:creator\" content=\"@albertoJ_varela\" \/>\n<meta name=\"twitter:site\" content=\"@albertoJ_varela\" \/>\n<script type=\"application\/ld+json\" class=\"yoast-schema-graph\">{\"@context\":\"https:\\\/\\\/schema.org\",\"@graph\":[{\"@type\":\"Article\",\"@id\":\"https:\\\/\\\/www.albertojosevarela.com\\\/de\\\/ayahuasca-psychotherapie-2\\\/#article\",\"isPartOf\":{\"@id\":\"https:\\\/\\\/www.albertojosevarela.com\\\/de\\\/ayahuasca-psychotherapie-2\\\/\"},\"author\":{\"name\":\"Alberto Jos\u00e9 Varela\",\"@id\":\"https:\\\/\\\/www.albertojosevarela.com\\\/de\\\/#\\\/schema\\\/person\\\/6197324b0e48a485e79c32ccad0064d8\"},\"headline\":\"AYAHUASCA &#038; PSYCHOTHERAPIE (2. Teil) Ist es m\u00f6glich, die schamanische Weltanschauung mit dem Ansatz der pers\u00f6nlichen Entwicklung der Psychotherapeuten zu integrieren?\",\"datePublished\":\"2016-12-07T23:10:38+00:00\",\"mainEntityOfPage\":{\"@id\":\"https:\\\/\\\/www.albertojosevarela.com\\\/de\\\/ayahuasca-psychotherapie-2\\\/\"},\"wordCount\":1304,\"publisher\":{\"@id\":\"https:\\\/\\\/www.albertojosevarela.com\\\/de\\\/#\\\/schema\\\/person\\\/6197324b0e48a485e79c32ccad0064d8\"},\"inLanguage\":\"de\"},{\"@type\":\"WebPage\",\"@id\":\"https:\\\/\\\/www.albertojosevarela.com\\\/de\\\/ayahuasca-psychotherapie-2\\\/\",\"url\":\"https:\\\/\\\/www.albertojosevarela.com\\\/de\\\/ayahuasca-psychotherapie-2\\\/\",\"name\":\"AYAHUASCA & PSYCHOTHERAPIE (2. Teil) Ist es m\u00f6glich, die schamanische Weltanschauung mit dem Ansatz der pers\u00f6nlichen Entwicklung der Psychotherapeuten zu integrieren? - Web Oficial de Alverto\",\"isPartOf\":{\"@id\":\"https:\\\/\\\/www.albertojosevarela.com\\\/de\\\/#website\"},\"datePublished\":\"2016-12-07T23:10:38+00:00\",\"breadcrumb\":{\"@id\":\"https:\\\/\\\/www.albertojosevarela.com\\\/de\\\/ayahuasca-psychotherapie-2\\\/#breadcrumb\"},\"inLanguage\":\"de\",\"potentialAction\":[{\"@type\":\"ReadAction\",\"target\":[\"https:\\\/\\\/www.albertojosevarela.com\\\/de\\\/ayahuasca-psychotherapie-2\\\/\"]}]},{\"@type\":\"BreadcrumbList\",\"@id\":\"https:\\\/\\\/www.albertojosevarela.com\\\/de\\\/ayahuasca-psychotherapie-2\\\/#breadcrumb\",\"itemListElement\":[{\"@type\":\"ListItem\",\"position\":1,\"name\":\"Inicio\",\"item\":\"https:\\\/\\\/www.albertojosevarela.com\\\/de\\\/\"},{\"@type\":\"ListItem\",\"position\":2,\"name\":\"AYAHUASCA &#038; PSYCHOTHERAPIE (2. Teil) Ist es m\u00f6glich, die schamanische Weltanschauung mit dem Ansatz der pers\u00f6nlichen Entwicklung der Psychotherapeuten zu integrieren?\"}]},{\"@type\":\"WebSite\",\"@id\":\"https:\\\/\\\/www.albertojosevarela.com\\\/de\\\/#website\",\"url\":\"https:\\\/\\\/www.albertojosevarela.com\\\/de\\\/\",\"name\":\"Web Oficial de Alberto Jos\u00e9 Varela\",\"description\":\"El ser humano evoluciona cuando se mira adentro\",\"publisher\":{\"@id\":\"https:\\\/\\\/www.albertojosevarela.com\\\/de\\\/#\\\/schema\\\/person\\\/6197324b0e48a485e79c32ccad0064d8\"},\"potentialAction\":[{\"@type\":\"SearchAction\",\"target\":{\"@type\":\"EntryPoint\",\"urlTemplate\":\"https:\\\/\\\/www.albertojosevarela.com\\\/de\\\/?s={search_term_string}\"},\"query-input\":{\"@type\":\"PropertyValueSpecification\",\"valueRequired\":true,\"valueName\":\"search_term_string\"}}],\"inLanguage\":\"de\"},{\"@type\":[\"Person\",\"Organization\"],\"@id\":\"https:\\\/\\\/www.albertojosevarela.com\\\/de\\\/#\\\/schema\\\/person\\\/6197324b0e48a485e79c32ccad0064d8\",\"name\":\"Alberto Jos\u00e9 Varela\",\"image\":{\"@type\":\"ImageObject\",\"inLanguage\":\"de\",\"@id\":\"https:\\\/\\\/www.albertojosevarela.com\\\/wp-content\\\/uploads\\\/2020\\\/11\\\/alberto-varela.jpeg\",\"url\":\"https:\\\/\\\/www.albertojosevarela.com\\\/wp-content\\\/uploads\\\/2020\\\/11\\\/alberto-varela.jpeg\",\"contentUrl\":\"https:\\\/\\\/www.albertojosevarela.com\\\/wp-content\\\/uploads\\\/2020\\\/11\\\/alberto-varela.jpeg\",\"width\":682,\"height\":864,\"caption\":\"Alberto Jos\u00e9 Varela\"},\"logo\":{\"@id\":\"https:\\\/\\\/www.albertojosevarela.com\\\/wp-content\\\/uploads\\\/2020\\\/11\\\/alberto-varela.jpeg\"},\"description\":\"Fundador de empresas y organizaciones; creador de t\u00e9cnicas, m\u00e9todos y escuelas; autor de varios libros. Estudiante autodidacta, investigador y conferencista internacional, con una experiencia de m\u00e1s de 40 a\u00f1os en la gesti\u00f3n organizacional y los RRHH. Actualmente crece su influencia en el \u00e1mbito motivacional, terap\u00e9utico y espiritual a ra\u00edz del mensaje evolutivo que transmite.\",\"sameAs\":[\"https:\\\/\\\/www.facebook.com\\\/Alvertojosevarela\",\"https:\\\/\\\/www.instagram.com\\\/albertojose.varela\\\/\",\"https:\\\/\\\/www.linkedin.com\\\/in\\\/alverto-varela\\\/\",\"https:\\\/\\\/x.com\\\/albertoJ_varela\",\"https:\\\/\\\/www.youtube.com\\\/c\\\/AlvertoVarela\"]}]}<\/script>\n<!-- \/ Yoast SEO plugin. -->","yoast_head_json":{"title":"AYAHUASCA & PSYCHOTHERAPIE (2. Teil) Ist es m\u00f6glich, die schamanische Weltanschauung mit dem Ansatz der pers\u00f6nlichen Entwicklung der Psychotherapeuten zu integrieren? - Web Oficial de Alverto","robots":{"index":"index","follow":"follow","max-snippet":"max-snippet:-1","max-image-preview":"max-image-preview:large","max-video-preview":"max-video-preview:-1"},"canonical":"https:\/\/www.albertojosevarela.com\/de\/ayahuasca-psychotherapie-2\/","og_locale":"de_DE","og_type":"article","og_title":"AYAHUASCA & PSYCHOTHERAPIE (2. Teil) Ist es m\u00f6glich, die schamanische Weltanschauung mit dem Ansatz der pers\u00f6nlichen Entwicklung der Psychotherapeuten zu integrieren? - Web Oficial de Alverto","og_description":"\u00a0SIND AYAHUASCA UND PSYCHOTHERAPIE KOMPATIBEL? Weder braucht die Psychotherapie Ayahuasca, noch Ayahuasca die Psychotherapie, doch die Personen, die L\u00f6sungen und Heilung ihrer internen Wunden suchen, bed\u00fcrfen der Integration von Ayahuasca und Psychotherapie als komplement\u00e4re Werkzeuge. Denn aus dieser Integration erw\u00e4chst eine immense heilende Macht. Erst seit wenigen Jahren ist ein neues Zusammentreffen zweier Wege der [&hellip;]","og_url":"https:\/\/www.albertojosevarela.com\/de\/ayahuasca-psychotherapie-2\/","og_site_name":"Web Oficial de Alverto","article_publisher":"https:\/\/www.facebook.com\/Alvertojosevarela","article_author":"https:\/\/www.facebook.com\/Alvertojosevarela","article_published_time":"2016-12-07T23:10:38+00:00","author":"Alberto Jos\u00e9 Varela","twitter_card":"summary_large_image","twitter_creator":"@albertoJ_varela","twitter_site":"@albertoJ_varela","schema":{"@context":"https:\/\/schema.org","@graph":[{"@type":"Article","@id":"https:\/\/www.albertojosevarela.com\/de\/ayahuasca-psychotherapie-2\/#article","isPartOf":{"@id":"https:\/\/www.albertojosevarela.com\/de\/ayahuasca-psychotherapie-2\/"},"author":{"name":"Alberto Jos\u00e9 Varela","@id":"https:\/\/www.albertojosevarela.com\/de\/#\/schema\/person\/6197324b0e48a485e79c32ccad0064d8"},"headline":"AYAHUASCA &#038; PSYCHOTHERAPIE (2. Teil) Ist es m\u00f6glich, die schamanische Weltanschauung mit dem Ansatz der pers\u00f6nlichen Entwicklung der Psychotherapeuten zu integrieren?","datePublished":"2016-12-07T23:10:38+00:00","mainEntityOfPage":{"@id":"https:\/\/www.albertojosevarela.com\/de\/ayahuasca-psychotherapie-2\/"},"wordCount":1304,"publisher":{"@id":"https:\/\/www.albertojosevarela.com\/de\/#\/schema\/person\/6197324b0e48a485e79c32ccad0064d8"},"inLanguage":"de"},{"@type":"WebPage","@id":"https:\/\/www.albertojosevarela.com\/de\/ayahuasca-psychotherapie-2\/","url":"https:\/\/www.albertojosevarela.com\/de\/ayahuasca-psychotherapie-2\/","name":"AYAHUASCA & PSYCHOTHERAPIE (2. Teil) Ist es m\u00f6glich, die schamanische Weltanschauung mit dem Ansatz der pers\u00f6nlichen Entwicklung der Psychotherapeuten zu integrieren? - Web Oficial de Alverto","isPartOf":{"@id":"https:\/\/www.albertojosevarela.com\/de\/#website"},"datePublished":"2016-12-07T23:10:38+00:00","breadcrumb":{"@id":"https:\/\/www.albertojosevarela.com\/de\/ayahuasca-psychotherapie-2\/#breadcrumb"},"inLanguage":"de","potentialAction":[{"@type":"ReadAction","target":["https:\/\/www.albertojosevarela.com\/de\/ayahuasca-psychotherapie-2\/"]}]},{"@type":"BreadcrumbList","@id":"https:\/\/www.albertojosevarela.com\/de\/ayahuasca-psychotherapie-2\/#breadcrumb","itemListElement":[{"@type":"ListItem","position":1,"name":"Inicio","item":"https:\/\/www.albertojosevarela.com\/de\/"},{"@type":"ListItem","position":2,"name":"AYAHUASCA &#038; PSYCHOTHERAPIE (2. Teil) Ist es m\u00f6glich, die schamanische Weltanschauung mit dem Ansatz der pers\u00f6nlichen Entwicklung der Psychotherapeuten zu integrieren?"}]},{"@type":"WebSite","@id":"https:\/\/www.albertojosevarela.com\/de\/#website","url":"https:\/\/www.albertojosevarela.com\/de\/","name":"Web Oficial de Alberto Jos\u00e9 Varela","description":"El ser humano evoluciona cuando se mira adentro","publisher":{"@id":"https:\/\/www.albertojosevarela.com\/de\/#\/schema\/person\/6197324b0e48a485e79c32ccad0064d8"},"potentialAction":[{"@type":"SearchAction","target":{"@type":"EntryPoint","urlTemplate":"https:\/\/www.albertojosevarela.com\/de\/?s={search_term_string}"},"query-input":{"@type":"PropertyValueSpecification","valueRequired":true,"valueName":"search_term_string"}}],"inLanguage":"de"},{"@type":["Person","Organization"],"@id":"https:\/\/www.albertojosevarela.com\/de\/#\/schema\/person\/6197324b0e48a485e79c32ccad0064d8","name":"Alberto Jos\u00e9 Varela","image":{"@type":"ImageObject","inLanguage":"de","@id":"https:\/\/www.albertojosevarela.com\/wp-content\/uploads\/2020\/11\/alberto-varela.jpeg","url":"https:\/\/www.albertojosevarela.com\/wp-content\/uploads\/2020\/11\/alberto-varela.jpeg","contentUrl":"https:\/\/www.albertojosevarela.com\/wp-content\/uploads\/2020\/11\/alberto-varela.jpeg","width":682,"height":864,"caption":"Alberto Jos\u00e9 Varela"},"logo":{"@id":"https:\/\/www.albertojosevarela.com\/wp-content\/uploads\/2020\/11\/alberto-varela.jpeg"},"description":"Fundador de empresas y organizaciones; creador de t\u00e9cnicas, m\u00e9todos y escuelas; autor de varios libros. Estudiante autodidacta, investigador y conferencista internacional, con una experiencia de m\u00e1s de 40 a\u00f1os en la gesti\u00f3n organizacional y los RRHH. Actualmente crece su influencia en el \u00e1mbito motivacional, terap\u00e9utico y espiritual a ra\u00edz del mensaje evolutivo que transmite.","sameAs":["https:\/\/www.facebook.com\/Alvertojosevarela","https:\/\/www.instagram.com\/albertojose.varela\/","https:\/\/www.linkedin.com\/in\/alverto-varela\/","https:\/\/x.com\/albertoJ_varela","https:\/\/www.youtube.com\/c\/AlvertoVarela"]}]}},"jetpack_featured_media_url":"","_links":{"self":[{"href":"https:\/\/www.albertojosevarela.com\/de\/wp-json\/wp\/v2\/posts\/47708","targetHints":{"allow":["GET"]}}],"collection":[{"href":"https:\/\/www.albertojosevarela.com\/de\/wp-json\/wp\/v2\/posts"}],"about":[{"href":"https:\/\/www.albertojosevarela.com\/de\/wp-json\/wp\/v2\/types\/post"}],"author":[{"embeddable":true,"href":"https:\/\/www.albertojosevarela.com\/de\/wp-json\/wp\/v2\/users\/9"}],"replies":[{"embeddable":true,"href":"https:\/\/www.albertojosevarela.com\/de\/wp-json\/wp\/v2\/comments?post=47708"}],"version-history":[{"count":0,"href":"https:\/\/www.albertojosevarela.com\/de\/wp-json\/wp\/v2\/posts\/47708\/revisions"}],"wp:attachment":[{"href":"https:\/\/www.albertojosevarela.com\/de\/wp-json\/wp\/v2\/media?parent=47708"}],"wp:term":[{"taxonomy":"category","embeddable":true,"href":"https:\/\/www.albertojosevarela.com\/de\/wp-json\/wp\/v2\/categories?post=47708"},{"taxonomy":"post_tag","embeddable":true,"href":"https:\/\/www.albertojosevarela.com\/de\/wp-json\/wp\/v2\/tags?post=47708"}],"curies":[{"name":"wp","href":"https:\/\/api.w.org\/{rel}","templated":true}]}}