{"id":47797,"date":"2017-11-03T18:24:36","date_gmt":"2017-11-03T17:24:36","guid":{"rendered":"https:\/\/www.albertojosevarela.com\/wpml\/ayahuasca-und-systemische-therapie-eine-explosive-kombination-fuer-das-persoenliche-wachstum\/"},"modified":"2017-11-03T18:24:36","modified_gmt":"2017-11-03T17:24:36","slug":"ayahuasca-und-systemische-therapie-eine-explosive-kombination-fuer-das-persoenliche-wachstum","status":"publish","type":"post","link":"https:\/\/www.albertojosevarela.com\/de\/ayahuasca-und-systemische-therapie-eine-explosive-kombination-fuer-das-persoenliche-wachstum\/","title":{"rendered":"AYAHUASCA UND SYSTEMISCHE THERAPIE: Eine explosive Kombination f\u00fcr das pers\u00f6nliche Wachstum."},"content":{"rendered":"<table>\n<tbody>\n<tr>\n<td>\n<h1><span style=\"color: #ff6600;\"><strong>KONFRONTIERENDE FRAGEN:<\/strong><\/span><\/h1>\n<h2><span style=\"color: #808080;\"><strong><em>Von wem oder was willst du dich befreien? <\/em><\/strong><strong><em>M\u00f6chtest du schwierige Situationen \u00fcberwinden und\/oder dein Potenzial entfalten? Was n\u00fctzt es dir, eingesperrt zu bleiben?<\/em><\/strong><\/span><\/h2>\n<h3><span style=\"color: #999999;\"><strong>Retreat der inneren Evolution mit psychotherapeutischem Einsatz von Ayahuasca und Integration im Gruppen- oder Einzelsetting mit systemischer Therapie. (M\u00e4chtige Werkzeuge der Selbsterkenntnis)<\/strong><\/span><\/h3>\n<p>&nbsp;<\/p>\n<p>Angesichts unserer momentanen Situation m\u00fcssen wir die Ver\u00e4nderungsprozesse beschleunigen, denn die Probleme wachsen schneller als unsere F\u00e4higkeit, sie zu l\u00f6sen. Die Limitationen haben mehr Macht als unser Potenzial. Aus diesem Grund haben wir uns entschlossen, verschiedene Synergien in unserer Arbeit der inneren Evolution zu schaffen. Dies zum Zweck einer Vervielfachung der Wirksamkeit und Effektivit\u00e4t beim Angehen aller Angelegenheiten unseres Lebens, die einen Bew\u00e4ltigungsprozess erfordern. Unsere Idee ist es, wirksamer zu sein, gegen\u00fcber dem, was uns st\u00f6rt oder uns nicht leben und das Leben genie\u00dfen l\u00e4sst.<\/p>\n<h3><span style=\"color: #ff6600;\"><strong>INTEGRATION VON TECHNIKEN UND ANS\u00c4TZEN:<\/strong><\/span><\/h3>\n<p>Seit dem Jahr 2000 sind wir daran mit systemischer Therapie und Familienaufstellungen zu experimentieren. Wir brauchten mehrere Jahre, um dieses Werkzeug mit dem Gebrauch von Ayahuasca zu verkn\u00fcpfen und die erhaltenen Resultate sind ERSTAUNLICH. Durch das Kombinieren eines nat\u00fcrlichen entheogenen Heilmittels mit der Tiefgr\u00fcndigkeit des systemischen Ansatzes und der Sachlichkeit der psychotherapeutischen Integration entsteht ein synergetischer Effekt. Dieser erm\u00f6glicht, dass alles, was im Retreat sichtbar wird und erarbeitet wird, auch im wahren Leben angewendet werden kann.<\/p>\n<p>&nbsp;<\/p>\n<h2><span style=\"color: #808080;\"><strong><u>N\u00e4heres zum Retreat:<\/u><\/strong><\/span><\/h2>\n<p><span style=\"color: #ff6600;\"><strong>DAUER:<\/strong><\/span> Man kann einen halben Tag, einen Tag und eine Nacht oder zwei Tage teilnehmen. Insgesamt bis zu drei Tage und drei N\u00e4chte.<\/p>\n<p><span style=\"color: #ff6600;\"><strong>MODERATOREN UND THERAPEUTEN<\/strong><strong>:<\/strong><\/span> Mit der erfahrenen Psychotherapeutin Isamar Guti\u00e9rrez, welche uns f\u00fcr eine Tour durch Spanien, Italien und Deutschland aus der USA besucht. Zudem begleitet durch den Psychologen und ganzheitlichen Psychotherapeuten Oscar G\u00f3mez, Integrations- Supervisor von Ayahuasca International und\/oder Laura Torrabadella, Teamleiterin der Therapeuten und Moderatoren von Inner Mastery International\u00a9<\/p>\n<p><span style=\"color: #ff6600;\"><strong>ORTE:<\/strong><\/span> SPANIEN: Marbella, Madrid und Barcelona. ITALIEN: Mailand, Turin und Rom. DEUTSCHLAND: Berlin.<\/p>\n<p><span style=\"color: #ff6600;\"><strong>BEMERKUNGEN:<\/strong><\/span><\/p>\n<p><strong>DU KANNST AM RETREAT TEILNEHMEN UND NUR AN DER EINNAHME VON AYAHUASCA PARTIZIPIEREN ODER DEN FOKUS NUR AUF DIE SYSTEMISCHE THERAPIE LEGEN, OHNE AYAHUASCA EINZUNEHMEN. <\/strong>Die f\u00fcr dich passendste Option kannst du zum Zeitpunkt des Retreats entscheiden.<\/p>\n<p><strong>JEDER TEILNEHMER WIRD SEINE EIGENE SYSTEMISCHE THERAPIE MACHEN K\u00d6NNEN:<\/strong> Es ist \u00e4hnlich wie eine Familienaufstellung, aber auf verschiedene Lebenssituationen ausgerichtet: Beziehungsprobleme, k\u00f6rperliche Beschwerden, emotionale Blockaden, spirituelle Suche&#8230; Ausgehend von einem Ansatz basierend auf den intrafamili\u00e4ren Beziehungen der Ursprungsfamilie und unserer Art und Weise unsere Angelegenheiten zu sehen und mit ihnen umzugehen.<\/p>\n<p><strong>DIE GRUPPENTHERAPIEN<\/strong> dauern ungef\u00e4hr zwei Stunden, in welchen gemeinsame Themen angegangen werden, die beinahe alle Menschen betreffen. Es besteht auch die M\u00f6glichkeit, dass jeder Teilnehmer pers\u00f6nliche Erlebnisse einbringen kann, um diese aus jenem gleichen Blickwinkel zu betrachten und zu besprechen.<\/p>\n<p><strong>DIE EINNAHMEN VON AYAHUASCA SIND OPTIONAL:<\/strong> Ein nat\u00fcrliches Heilmittel aus dem Amazonas, welches zu verschiedenen Zeitpunkten des Tages und der Nacht verabreicht wird, als Unterst\u00fctzung f\u00fcr den Prozess des \u00d6ffnens f\u00fcr das Verst\u00e4ndnis. Ayahuasca wird in einer individuell f\u00fcr jeden Teilnehmer angemessenen und progressiven Dosis verabreicht.<\/p>\n<h3><span style=\"color: #ff6600;\"> <strong>EINE METHODE, DIE AUF DIR BASIERT&#8230;<\/strong><\/span><\/h3>\n<p>Es gibt Millionen von Menschen auf der ganzen Welt, die auf der Suche nach neuen Erfahrungen sind, welche ihrem Leben einen neuen Sinn geben, welche ihnen die Hoffnung wiederbringen, dass es einen Ausweg gibt oder ihnen einfach ein klareres Bild von dem bieten, was passiert. Wir sind eine Gruppe von internationalen Unternehmen mit beinahe 100 Mitarbeitern und Moderatoren. Wir widmen uns der Verbreitung und Umsetzung von mehr als 200 Veranstaltungen f\u00fcr die innere Evolution pro Jahr in mehr als 10 L\u00e4ndern. Mehr als 5 Millionen Menschen in 5 Sprachen lesen unseren Blog <strong>https:\/\/www.albertojosevarela.com<\/strong> und wir haben Millionen von Follower und Leser auf mehr als 100 Seiten in sozialen Netzwerken. Wir haben unseren rechtm\u00e4ssigen Sitz in Spanien mit den Unternehmen: Inner Mastery International S.L.U und haben Tochtergesellschaften in Deutschland, Italien, Chile, Mexiko und Kolumbien. Unser weltweites Netzwerk von holistischen Epizentren zieht sich durch Berlin, Madrid, Barcelona, Marbella, Turin und Rom. Wir besitzen eine Herberge im Amazonas-Regenwald, wohin wir jeden Monat Teilnehmer mitnehmen und wir verf\u00fcgen \u00fcber eine eigene Schule f\u00fcr weiterf\u00fchrende Ausbildungen in Europa. Hinter dieser internationalen Organisation stehen Menschen, viele Menschen, welche die Transformation, welche mit uns geschieht, teilen. Aus diesem Grund <em>haben wir eine Methode basierend auf dir geschaffen, denn so haben wir es zuvor bei uns selbst entdeckt, n\u00e4mlich dass innere Erforschung uns zwangsl\u00e4ufig sowohl zum Schatten wie auch zum Licht f\u00fchrt, und nur so gelangen wir zum Verst\u00e4ndnis vom Sinn des Lebens.<\/em><\/p>\n<p>&nbsp;<\/p>\n<p><strong>UNSERE INTERNATIONALE ORGANISATION ERTEILT EINE QUALIT\u00c4TSGARANTIE IN DEN MEISTEN L\u00c4NDERN, IN DENEN WIR VERANSTALTUNGEN DURCHF\u00dcHREN. DIE ORTE, DIE WIR F\u00dcR DIESE TREFFEN W\u00c4HLEN SIND OPTIMAL, KOMFORTABEL UND ANGEMESSEN, IN NAT\u00dcRLICHER UMGEBUNG UND LEICHT ERREICHBAR.<\/strong><\/p>\n<p>&nbsp;<\/p>\n<p><strong>\u00a0<\/strong><strong>Weitere Informationen \u00fcber systemische Therapie:<\/strong> \u00a0https:\/\/www.albertojosevarela.com\/de\/category\/therapeutische-methoden-und-techniken\/<\/p>\n<p><strong>\u00a0Weitere Informationen \u00fcber Ayahuasca:<\/strong>\u00a0 \u00a0https:\/\/www.albertojosevarela.com\/de\/category\/ayahuasca\/<\/p>\n<p>&nbsp;<\/p>\n<p>F\u00fcr weitere Informationen: retiros@innermastery.es<\/td>\n<\/tr>\n<\/tbody>\n<\/table>\n","protected":false},"excerpt":{"rendered":"<p>KONFRONTIERENDE FRAGEN: Von wem oder was willst du dich befreien? M\u00f6chtest du schwierige Situationen \u00fcberwinden und\/oder dein Potenzial entfalten? Was n\u00fctzt es dir, eingesperrt zu bleiben? Retreat der inneren Evolution mit psychotherapeutischem Einsatz von Ayahuasca und Integration im Gruppen- oder Einzelsetting mit systemischer Therapie. (M\u00e4chtige Werkzeuge der Selbsterkenntnis) &nbsp; Angesichts unserer momentanen Situation m\u00fcssen wir [&hellip;]<\/p>\n","protected":false},"author":9,"featured_media":0,"comment_status":"closed","ping_status":"closed","sticky":false,"template":"elementor_header_footer","format":"standard","meta":{"_acf_changed":false,"site-sidebar-layout":"default","site-content-layout":"","ast-site-content-layout":"default","site-content-style":"default","site-sidebar-style":"default","ast-global-header-display":"","ast-banner-title-visibility":"","ast-main-header-display":"","ast-hfb-above-header-display":"","ast-hfb-below-header-display":"","ast-hfb-mobile-header-display":"","site-post-title":"","ast-breadcrumbs-content":"","ast-featured-img":"","footer-sml-layout":"","theme-transparent-header-meta":"","adv-header-id-meta":"","stick-header-meta":"","header-above-stick-meta":"","header-main-stick-meta":"","header-below-stick-meta":"","astra-migrate-meta-layouts":"default","ast-page-background-enabled":"default","ast-page-background-meta":{"desktop":{"background-color":"","background-image":"","background-repeat":"repeat","background-position":"center center","background-size":"auto","background-attachment":"scroll","background-type":"","background-media":"","overlay-type":"","overlay-color":"","overlay-opacity":"","overlay-gradient":""},"tablet":{"background-color":"","background-image":"","background-repeat":"repeat","background-position":"center center","background-size":"auto","background-attachment":"scroll","background-type":"","background-media":"","overlay-type":"","overlay-color":"","overlay-opacity":"","overlay-gradient":""},"mobile":{"background-color":"","background-image":"","background-repeat":"repeat","background-position":"center center","background-size":"auto","background-attachment":"scroll","background-type":"","background-media":"","overlay-type":"","overlay-color":"","overlay-opacity":"","overlay-gradient":""}},"ast-content-background-meta":{"desktop":{"background-color":"var(--ast-global-color-5)","background-image":"","background-repeat":"repeat","background-position":"center center","background-size":"auto","background-attachment":"scroll","background-type":"","background-media":"","overlay-type":"","overlay-color":"","overlay-opacity":"","overlay-gradient":""},"tablet":{"background-color":"var(--ast-global-color-5)","background-image":"","background-repeat":"repeat","background-position":"center center","background-size":"auto","background-attachment":"scroll","background-type":"","background-media":"","overlay-type":"","overlay-color":"","overlay-opacity":"","overlay-gradient":""},"mobile":{"background-color":"var(--ast-global-color-5)","background-image":"","background-repeat":"repeat","background-position":"center center","background-size":"auto","background-attachment":"scroll","background-type":"","background-media":"","overlay-type":"","overlay-color":"","overlay-opacity":"","overlay-gradient":""}},"ep_exclude_from_search":false,"footnotes":""},"categories":[],"tags":[],"class_list":["post-47797","post","type-post","status-publish","format-standard","hentry"],"acf":[],"yoast_head":"<!-- This site is optimized with the Yoast SEO plugin v27.4 - https:\/\/yoast.com\/product\/yoast-seo-wordpress\/ -->\n<title>AYAHUASCA UND SYSTEMISCHE THERAPIE: Eine explosive Kombination f\u00fcr das pers\u00f6nliche Wachstum. - Web Oficial de Alverto<\/title>\n<meta name=\"robots\" content=\"index, follow, max-snippet:-1, max-image-preview:large, max-video-preview:-1\" \/>\n<link rel=\"canonical\" href=\"https:\/\/www.albertojosevarela.com\/de\/ayahuasca-und-systemische-therapie-eine-explosive-kombination-fuer-das-persoenliche-wachstum\/\" \/>\n<meta property=\"og:locale\" content=\"de_DE\" \/>\n<meta property=\"og:type\" content=\"article\" \/>\n<meta property=\"og:title\" content=\"AYAHUASCA UND SYSTEMISCHE THERAPIE: Eine explosive Kombination f\u00fcr das pers\u00f6nliche Wachstum. - Web Oficial de Alverto\" \/>\n<meta property=\"og:description\" content=\"KONFRONTIERENDE FRAGEN: Von wem oder was willst du dich befreien? M\u00f6chtest du schwierige Situationen \u00fcberwinden und\/oder dein Potenzial entfalten? Was n\u00fctzt es dir, eingesperrt zu bleiben? Retreat der inneren Evolution mit psychotherapeutischem Einsatz von Ayahuasca und Integration im Gruppen- oder Einzelsetting mit systemischer Therapie. (M\u00e4chtige Werkzeuge der Selbsterkenntnis) &nbsp; Angesichts unserer momentanen Situation m\u00fcssen wir [&hellip;]\" \/>\n<meta property=\"og:url\" content=\"https:\/\/www.albertojosevarela.com\/de\/ayahuasca-und-systemische-therapie-eine-explosive-kombination-fuer-das-persoenliche-wachstum\/\" \/>\n<meta property=\"og:site_name\" content=\"Web Oficial de Alverto\" \/>\n<meta property=\"article:publisher\" content=\"https:\/\/www.facebook.com\/Alvertojosevarela\" \/>\n<meta property=\"article:author\" content=\"https:\/\/www.facebook.com\/Alvertojosevarela\" \/>\n<meta property=\"article:published_time\" content=\"2017-11-03T17:24:36+00:00\" \/>\n<meta name=\"author\" content=\"Alberto Jos\u00e9 Varela\" \/>\n<meta name=\"twitter:card\" content=\"summary_large_image\" \/>\n<meta name=\"twitter:creator\" content=\"@albertoJ_varela\" \/>\n<meta name=\"twitter:site\" content=\"@albertoJ_varela\" \/>\n<script type=\"application\/ld+json\" class=\"yoast-schema-graph\">{\"@context\":\"https:\\\/\\\/schema.org\",\"@graph\":[{\"@type\":\"Article\",\"@id\":\"https:\\\/\\\/www.albertojosevarela.com\\\/de\\\/ayahuasca-und-systemische-therapie-eine-explosive-kombination-fuer-das-persoenliche-wachstum\\\/#article\",\"isPartOf\":{\"@id\":\"https:\\\/\\\/www.albertojosevarela.com\\\/de\\\/ayahuasca-und-systemische-therapie-eine-explosive-kombination-fuer-das-persoenliche-wachstum\\\/\"},\"author\":{\"name\":\"Alberto Jos\u00e9 Varela\",\"@id\":\"https:\\\/\\\/www.albertojosevarela.com\\\/de\\\/#\\\/schema\\\/person\\\/6197324b0e48a485e79c32ccad0064d8\"},\"headline\":\"AYAHUASCA UND SYSTEMISCHE THERAPIE: Eine explosive Kombination f\u00fcr das pers\u00f6nliche Wachstum.\",\"datePublished\":\"2017-11-03T17:24:36+00:00\",\"mainEntityOfPage\":{\"@id\":\"https:\\\/\\\/www.albertojosevarela.com\\\/de\\\/ayahuasca-und-systemische-therapie-eine-explosive-kombination-fuer-das-persoenliche-wachstum\\\/\"},\"wordCount\":853,\"publisher\":{\"@id\":\"https:\\\/\\\/www.albertojosevarela.com\\\/de\\\/#\\\/schema\\\/person\\\/6197324b0e48a485e79c32ccad0064d8\"},\"inLanguage\":\"de\"},{\"@type\":\"WebPage\",\"@id\":\"https:\\\/\\\/www.albertojosevarela.com\\\/de\\\/ayahuasca-und-systemische-therapie-eine-explosive-kombination-fuer-das-persoenliche-wachstum\\\/\",\"url\":\"https:\\\/\\\/www.albertojosevarela.com\\\/de\\\/ayahuasca-und-systemische-therapie-eine-explosive-kombination-fuer-das-persoenliche-wachstum\\\/\",\"name\":\"AYAHUASCA UND SYSTEMISCHE THERAPIE: Eine explosive Kombination f\u00fcr das pers\u00f6nliche Wachstum. - Web Oficial de Alverto\",\"isPartOf\":{\"@id\":\"https:\\\/\\\/www.albertojosevarela.com\\\/de\\\/#website\"},\"datePublished\":\"2017-11-03T17:24:36+00:00\",\"breadcrumb\":{\"@id\":\"https:\\\/\\\/www.albertojosevarela.com\\\/de\\\/ayahuasca-und-systemische-therapie-eine-explosive-kombination-fuer-das-persoenliche-wachstum\\\/#breadcrumb\"},\"inLanguage\":\"de\",\"potentialAction\":[{\"@type\":\"ReadAction\",\"target\":[\"https:\\\/\\\/www.albertojosevarela.com\\\/de\\\/ayahuasca-und-systemische-therapie-eine-explosive-kombination-fuer-das-persoenliche-wachstum\\\/\"]}]},{\"@type\":\"BreadcrumbList\",\"@id\":\"https:\\\/\\\/www.albertojosevarela.com\\\/de\\\/ayahuasca-und-systemische-therapie-eine-explosive-kombination-fuer-das-persoenliche-wachstum\\\/#breadcrumb\",\"itemListElement\":[{\"@type\":\"ListItem\",\"position\":1,\"name\":\"Inicio\",\"item\":\"https:\\\/\\\/www.albertojosevarela.com\\\/de\\\/\"},{\"@type\":\"ListItem\",\"position\":2,\"name\":\"AYAHUASCA UND SYSTEMISCHE THERAPIE: Eine explosive Kombination f\u00fcr das pers\u00f6nliche Wachstum.\"}]},{\"@type\":\"WebSite\",\"@id\":\"https:\\\/\\\/www.albertojosevarela.com\\\/de\\\/#website\",\"url\":\"https:\\\/\\\/www.albertojosevarela.com\\\/de\\\/\",\"name\":\"Web Oficial de Alberto Jos\u00e9 Varela\",\"description\":\"El ser humano evoluciona cuando se mira adentro\",\"publisher\":{\"@id\":\"https:\\\/\\\/www.albertojosevarela.com\\\/de\\\/#\\\/schema\\\/person\\\/6197324b0e48a485e79c32ccad0064d8\"},\"potentialAction\":[{\"@type\":\"SearchAction\",\"target\":{\"@type\":\"EntryPoint\",\"urlTemplate\":\"https:\\\/\\\/www.albertojosevarela.com\\\/de\\\/?s={search_term_string}\"},\"query-input\":{\"@type\":\"PropertyValueSpecification\",\"valueRequired\":true,\"valueName\":\"search_term_string\"}}],\"inLanguage\":\"de\"},{\"@type\":[\"Person\",\"Organization\"],\"@id\":\"https:\\\/\\\/www.albertojosevarela.com\\\/de\\\/#\\\/schema\\\/person\\\/6197324b0e48a485e79c32ccad0064d8\",\"name\":\"Alberto Jos\u00e9 Varela\",\"image\":{\"@type\":\"ImageObject\",\"inLanguage\":\"de\",\"@id\":\"https:\\\/\\\/www.albertojosevarela.com\\\/wp-content\\\/uploads\\\/2020\\\/11\\\/alberto-varela.jpeg\",\"url\":\"https:\\\/\\\/www.albertojosevarela.com\\\/wp-content\\\/uploads\\\/2020\\\/11\\\/alberto-varela.jpeg\",\"contentUrl\":\"https:\\\/\\\/www.albertojosevarela.com\\\/wp-content\\\/uploads\\\/2020\\\/11\\\/alberto-varela.jpeg\",\"width\":682,\"height\":864,\"caption\":\"Alberto Jos\u00e9 Varela\"},\"logo\":{\"@id\":\"https:\\\/\\\/www.albertojosevarela.com\\\/wp-content\\\/uploads\\\/2020\\\/11\\\/alberto-varela.jpeg\"},\"description\":\"Fundador de empresas y organizaciones; creador de t\u00e9cnicas, m\u00e9todos y escuelas; autor de varios libros. Estudiante autodidacta, investigador y conferencista internacional, con una experiencia de m\u00e1s de 40 a\u00f1os en la gesti\u00f3n organizacional y los RRHH. Actualmente crece su influencia en el \u00e1mbito motivacional, terap\u00e9utico y espiritual a ra\u00edz del mensaje evolutivo que transmite.\",\"sameAs\":[\"https:\\\/\\\/www.facebook.com\\\/Alvertojosevarela\",\"https:\\\/\\\/www.instagram.com\\\/albertojose.varela\\\/\",\"https:\\\/\\\/www.linkedin.com\\\/in\\\/alverto-varela\\\/\",\"https:\\\/\\\/x.com\\\/albertoJ_varela\",\"https:\\\/\\\/www.youtube.com\\\/c\\\/AlvertoVarela\"]}]}<\/script>\n<!-- \/ Yoast SEO plugin. -->","yoast_head_json":{"title":"AYAHUASCA UND SYSTEMISCHE THERAPIE: Eine explosive Kombination f\u00fcr das pers\u00f6nliche Wachstum. - Web Oficial de Alverto","robots":{"index":"index","follow":"follow","max-snippet":"max-snippet:-1","max-image-preview":"max-image-preview:large","max-video-preview":"max-video-preview:-1"},"canonical":"https:\/\/www.albertojosevarela.com\/de\/ayahuasca-und-systemische-therapie-eine-explosive-kombination-fuer-das-persoenliche-wachstum\/","og_locale":"de_DE","og_type":"article","og_title":"AYAHUASCA UND SYSTEMISCHE THERAPIE: Eine explosive Kombination f\u00fcr das pers\u00f6nliche Wachstum. - Web Oficial de Alverto","og_description":"KONFRONTIERENDE FRAGEN: Von wem oder was willst du dich befreien? M\u00f6chtest du schwierige Situationen \u00fcberwinden und\/oder dein Potenzial entfalten? Was n\u00fctzt es dir, eingesperrt zu bleiben? Retreat der inneren Evolution mit psychotherapeutischem Einsatz von Ayahuasca und Integration im Gruppen- oder Einzelsetting mit systemischer Therapie. (M\u00e4chtige Werkzeuge der Selbsterkenntnis) &nbsp; Angesichts unserer momentanen Situation m\u00fcssen wir [&hellip;]","og_url":"https:\/\/www.albertojosevarela.com\/de\/ayahuasca-und-systemische-therapie-eine-explosive-kombination-fuer-das-persoenliche-wachstum\/","og_site_name":"Web Oficial de Alverto","article_publisher":"https:\/\/www.facebook.com\/Alvertojosevarela","article_author":"https:\/\/www.facebook.com\/Alvertojosevarela","article_published_time":"2017-11-03T17:24:36+00:00","author":"Alberto Jos\u00e9 Varela","twitter_card":"summary_large_image","twitter_creator":"@albertoJ_varela","twitter_site":"@albertoJ_varela","schema":{"@context":"https:\/\/schema.org","@graph":[{"@type":"Article","@id":"https:\/\/www.albertojosevarela.com\/de\/ayahuasca-und-systemische-therapie-eine-explosive-kombination-fuer-das-persoenliche-wachstum\/#article","isPartOf":{"@id":"https:\/\/www.albertojosevarela.com\/de\/ayahuasca-und-systemische-therapie-eine-explosive-kombination-fuer-das-persoenliche-wachstum\/"},"author":{"name":"Alberto Jos\u00e9 Varela","@id":"https:\/\/www.albertojosevarela.com\/de\/#\/schema\/person\/6197324b0e48a485e79c32ccad0064d8"},"headline":"AYAHUASCA UND SYSTEMISCHE THERAPIE: Eine explosive Kombination f\u00fcr das pers\u00f6nliche Wachstum.","datePublished":"2017-11-03T17:24:36+00:00","mainEntityOfPage":{"@id":"https:\/\/www.albertojosevarela.com\/de\/ayahuasca-und-systemische-therapie-eine-explosive-kombination-fuer-das-persoenliche-wachstum\/"},"wordCount":853,"publisher":{"@id":"https:\/\/www.albertojosevarela.com\/de\/#\/schema\/person\/6197324b0e48a485e79c32ccad0064d8"},"inLanguage":"de"},{"@type":"WebPage","@id":"https:\/\/www.albertojosevarela.com\/de\/ayahuasca-und-systemische-therapie-eine-explosive-kombination-fuer-das-persoenliche-wachstum\/","url":"https:\/\/www.albertojosevarela.com\/de\/ayahuasca-und-systemische-therapie-eine-explosive-kombination-fuer-das-persoenliche-wachstum\/","name":"AYAHUASCA UND SYSTEMISCHE THERAPIE: Eine explosive Kombination f\u00fcr das pers\u00f6nliche Wachstum. - Web Oficial de Alverto","isPartOf":{"@id":"https:\/\/www.albertojosevarela.com\/de\/#website"},"datePublished":"2017-11-03T17:24:36+00:00","breadcrumb":{"@id":"https:\/\/www.albertojosevarela.com\/de\/ayahuasca-und-systemische-therapie-eine-explosive-kombination-fuer-das-persoenliche-wachstum\/#breadcrumb"},"inLanguage":"de","potentialAction":[{"@type":"ReadAction","target":["https:\/\/www.albertojosevarela.com\/de\/ayahuasca-und-systemische-therapie-eine-explosive-kombination-fuer-das-persoenliche-wachstum\/"]}]},{"@type":"BreadcrumbList","@id":"https:\/\/www.albertojosevarela.com\/de\/ayahuasca-und-systemische-therapie-eine-explosive-kombination-fuer-das-persoenliche-wachstum\/#breadcrumb","itemListElement":[{"@type":"ListItem","position":1,"name":"Inicio","item":"https:\/\/www.albertojosevarela.com\/de\/"},{"@type":"ListItem","position":2,"name":"AYAHUASCA UND SYSTEMISCHE THERAPIE: Eine explosive Kombination f\u00fcr das pers\u00f6nliche Wachstum."}]},{"@type":"WebSite","@id":"https:\/\/www.albertojosevarela.com\/de\/#website","url":"https:\/\/www.albertojosevarela.com\/de\/","name":"Web Oficial de Alberto Jos\u00e9 Varela","description":"El ser humano evoluciona cuando se mira adentro","publisher":{"@id":"https:\/\/www.albertojosevarela.com\/de\/#\/schema\/person\/6197324b0e48a485e79c32ccad0064d8"},"potentialAction":[{"@type":"SearchAction","target":{"@type":"EntryPoint","urlTemplate":"https:\/\/www.albertojosevarela.com\/de\/?s={search_term_string}"},"query-input":{"@type":"PropertyValueSpecification","valueRequired":true,"valueName":"search_term_string"}}],"inLanguage":"de"},{"@type":["Person","Organization"],"@id":"https:\/\/www.albertojosevarela.com\/de\/#\/schema\/person\/6197324b0e48a485e79c32ccad0064d8","name":"Alberto Jos\u00e9 Varela","image":{"@type":"ImageObject","inLanguage":"de","@id":"https:\/\/www.albertojosevarela.com\/wp-content\/uploads\/2020\/11\/alberto-varela.jpeg","url":"https:\/\/www.albertojosevarela.com\/wp-content\/uploads\/2020\/11\/alberto-varela.jpeg","contentUrl":"https:\/\/www.albertojosevarela.com\/wp-content\/uploads\/2020\/11\/alberto-varela.jpeg","width":682,"height":864,"caption":"Alberto Jos\u00e9 Varela"},"logo":{"@id":"https:\/\/www.albertojosevarela.com\/wp-content\/uploads\/2020\/11\/alberto-varela.jpeg"},"description":"Fundador de empresas y organizaciones; creador de t\u00e9cnicas, m\u00e9todos y escuelas; autor de varios libros. Estudiante autodidacta, investigador y conferencista internacional, con una experiencia de m\u00e1s de 40 a\u00f1os en la gesti\u00f3n organizacional y los RRHH. Actualmente crece su influencia en el \u00e1mbito motivacional, terap\u00e9utico y espiritual a ra\u00edz del mensaje evolutivo que transmite.","sameAs":["https:\/\/www.facebook.com\/Alvertojosevarela","https:\/\/www.instagram.com\/albertojose.varela\/","https:\/\/www.linkedin.com\/in\/alverto-varela\/","https:\/\/x.com\/albertoJ_varela","https:\/\/www.youtube.com\/c\/AlvertoVarela"]}]}},"jetpack_featured_media_url":"","_links":{"self":[{"href":"https:\/\/www.albertojosevarela.com\/de\/wp-json\/wp\/v2\/posts\/47797","targetHints":{"allow":["GET"]}}],"collection":[{"href":"https:\/\/www.albertojosevarela.com\/de\/wp-json\/wp\/v2\/posts"}],"about":[{"href":"https:\/\/www.albertojosevarela.com\/de\/wp-json\/wp\/v2\/types\/post"}],"author":[{"embeddable":true,"href":"https:\/\/www.albertojosevarela.com\/de\/wp-json\/wp\/v2\/users\/9"}],"replies":[{"embeddable":true,"href":"https:\/\/www.albertojosevarela.com\/de\/wp-json\/wp\/v2\/comments?post=47797"}],"version-history":[{"count":0,"href":"https:\/\/www.albertojosevarela.com\/de\/wp-json\/wp\/v2\/posts\/47797\/revisions"}],"wp:attachment":[{"href":"https:\/\/www.albertojosevarela.com\/de\/wp-json\/wp\/v2\/media?parent=47797"}],"wp:term":[{"taxonomy":"category","embeddable":true,"href":"https:\/\/www.albertojosevarela.com\/de\/wp-json\/wp\/v2\/categories?post=47797"},{"taxonomy":"post_tag","embeddable":true,"href":"https:\/\/www.albertojosevarela.com\/de\/wp-json\/wp\/v2\/tags?post=47797"}],"curies":[{"name":"wp","href":"https:\/\/api.w.org\/{rel}","templated":true}]}}