{"id":47858,"date":"2018-06-15T21:31:05","date_gmt":"2018-06-15T19:31:05","guid":{"rendered":"https:\/\/www.albertojosevarela.com\/wpml\/das-erwachen-und-die-liebe-oeffnung-des-herzens-und-erweiterung-des-bewusstseins-zweiter-teil-von-laura-torrabadella\/"},"modified":"2018-06-15T21:31:05","modified_gmt":"2018-06-15T19:31:05","slug":"das-erwachen-und-die-liebe-oeffnung-des-herzens-und-erweiterung-des-bewusstseins-zweiter-teil-von-laura-torrabadella","status":"publish","type":"post","link":"https:\/\/www.albertojosevarela.com\/de\/das-erwachen-und-die-liebe-oeffnung-des-herzens-und-erweiterung-des-bewusstseins-zweiter-teil-von-laura-torrabadella\/","title":{"rendered":"DAS ERWACHEN UND DIE LIEBE. \u00d6FFNUNG DES HERZENS UND ERWEITERUNG DES BEWUSSTSEINS (Zweiter Teil, von Laura Torrabadella)"},"content":{"rendered":"<table>\n<tbody>\n<tr>\n<td>\n<h1><span style=\"color: #ff6600;\"><strong>DAS WUNDER ZU WISSEN, DASS ALLES AUF ANDERE WEISE GESCHEHEN WIRD, ALS MAN ES ERWARTET<\/strong><\/span><\/h1>\n<h2><span style=\"color: #808080;\"><em><strong>Sich der Tatsache zu \u00f6ffnen, dass wir nichts wissen, dass die Dinge anders sind, als wir es gelernt haben und dass wir neue L\u00f6sungen f\u00fcr unsere altbekannten Probleme finden k\u00f6nnen.<\/strong><\/em><\/span><\/h2>\n<p>&nbsp;<\/p>\n<p><em>\u00abLaura, ich muss wissen, mit wie vielen Leuten ich w\u00e4hrend dem Retreat ein Zimmer teilen werde. Ich leide unter Schlafst\u00f6rungen und ich weiss, dass ich nicht schlafen werden kann, wenn ich mit mehr als einer Person ein Zimmer teile, denn mich weckt bereits das geringste Ger\u00e4usch auf. Zudem m\u00f6chte ich auch gerne genauere Informationen in Bezug auf den Zeitplan, den genauen Ablauf, das Tagesprogramm und ob das Essen vegetarisch ist.\u00bb <\/em><\/p>\n<p>Solche Anfragen erreichen uns jeden Tag. Tausende von Personen interessieren sich daf\u00fcr, an einem unserer Retreats teilzunehmen. Sie wollen einem Ruf ihrer Seele folgen, da sie sp\u00fcren, dass dort etwas Wichtiges geschieht, aber sie k\u00e4mpfen mit Unsicherheiten und \u00c4ngsten, sie klammern sich an das Bekannte und haben Hemmungen, sich dem Bevorstehenden v\u00f6llig hinzugeben.<\/p>\n<p>Jedes Mal, wenn jemand mich kontaktiert, um an einem Retreat teilzunehmen, verbinde ich mich aus meinem tiefsten Inneren mit diesem anderen Menschen, ich \u00f6ffne mein Herz und vertiefe mich in die Antwort, welche das Bewusstsein mir gibt. Eine Antwort, die nichts mit der Person zu tun hat, mit der ich bereits seit ein paar Wochen in Kontakt bin, weil sie zu einem Retreat kommen will. Es ist eine Antwort, die in erster Linie mit mir zu tun hat, ein Schl\u00fcsselteil im Puzzle der Vers\u00f6hnung, welches die Energie der Heilung schmerzhaft und St\u00fcck f\u00fcr St\u00fcck in mein Leben einf\u00fcgt.<\/p>\n<p>Was kann ich in diesem Moment von jemandem lernen, der Hilfe braucht und zuf\u00e4lligerweise mit mir Kontakt aufnimmt?<\/p>\n<p>Und wie ein greller Blitz, erreicht mich die Antwort klar und deutlich:<\/p>\n<p><em>&#8222;Mich ausgehend vom Herzen zu \u00f6ffnen, bedeutet nicht nur, mich einer anderen Person, der Liebe, dem Leben oder irgendeiner anderen konkreten Sache zu \u00f6ffnen. Es bedeutet, mich v\u00f6llig und bedingungslos daf\u00fcr zu \u00f6ffnen, dass die Dinge anders sind&#8230;, dass die Geschichte sich nicht wiederholen muss. Nur weil ich etwas gestern nicht konnte, bedeutet das nicht, dass ich es heute nicht k\u00f6nnen werde. Und nur weil ich es heute nicht kann, bedeutet das nicht, dass ich es morgen nicht k\u00f6nnen werde \u2013 ICH WEISS ES NICHT. Alles was ich tun kann und was ich nicht tun kann, ist ein absolutes Geheimnis, das ausserhalb meiner Kontrolle liegt. Ich kann etwas wiederholen, das gleiche Szenario, die gleichen Umst\u00e4nde, die gleichen Schauspieler &#8211; und auch dann kann alles anders sein. Es kann auch sein, dass alles gleich ist und dass die Geschichte sich in diesem unverzeihlichen Muster wiederholt &#8211; aber die blosse Tatsache, dass ich mich daf\u00fcr ge\u00f6ffnet habe, dass die Dinge auf andere Weise geschehen, IST PURE HEILUNG. Es ist ein Heilmittel, dass ich mir selbst geschenkt habe: Die M\u00f6glichkeit, dass die Dinge nicht so sind, wie ich sie gelernt habe, dass sie anders sind.\u00bb<\/em><\/p>\n<p>\u00abUnd dann? Wird das \u00d6ffnen meines Herzens mich automatisch zur Erweiterung f\u00fchren? Zur Erweiterung von was?\u00bb<\/p>\n<p><em>\u00abDie Erweiterung des Bewusstseins ist kein magisches Ph\u00e4nomen, das dich mit dem Jenseits, mit Visionen oder Zukunftsvorhersagen verbinden wird. Das w\u00e4re wie sich erneut dem Hier und Jetzt zu verschliessen, mit dem Verstand zu glauben, dass man etwas weiss und somit das r\u00e4tselhafte Entz\u00fccken des absoluten Geheimnisses abzulehnen. Die Erweiterung des Bewusstseins ist ein Geschenk, ein Nebeneffekt deiner Offenheit daf\u00fcr, dass die Dinge nicht so sind, wie du glaubst, dass sie sind und geschehen werden. Indem du dich dem Geheimnis \u00f6ffnest, erh\u00e4ltst du neue Werkzeuge, neue kreative Wege, um deine altbekannten Probleme anzugehen. Wenn du ungeduldig bist, wirst du einen anderen Aspekt deines Misstrauens entdecken, denn alles kommt, wenn du dich entschieden hast. Wenn du Angst hast, kannst du Aufruf zum Handeln sp\u00fcren, den du durch Angstgef\u00fchle blockiert hast &#8211; deine sch\u00f6pferische Kraft wird blockiert durch dein Denken dar\u00fcber, wie die Dinge sein sollten\u2026, wenn du Hass, Wut oder ein unerkl\u00e4rliches Verlangen nach Rache in dir hast, wirst du sehen, dass du nichts machen musst, dass die Entscheidung bereits getroffen ist und dass du das, was geschehen muss nur unn\u00f6tig behinderst und verz\u00f6gerst. Die Erweiterung des Bewusstseins ist eine sch\u00f6pferische Magie, die nat\u00fcrliche Konsequenz des sich \u00d6ffnens.\u00bb<\/em><\/p>\n<p>Vielen Dank an alle, die sich f\u00fcr unsere Retreats der inneren Evolution interessieren. Danke an jeden Teilnehmer, der den Schritt in Richtung des Geheimnisses nichts zu wissen \u00fcber das, was war, ist oder sein wird, gewagt hat. Danke, dass ihr mich inspiriert, mich weiterhin kreativ dem Geheimnis von allem, was sein kann, zu \u00f6ffnen.<\/p>\n<p>Ich brauchte eineinhalb Jahre, um diese Worte zu schreiben. Die Entscheidung war getroffen &#8211; es war nur eine Frage der Zeit und des mich \u00d6ffnens. Es geschah an einem abgelegenen Ort in der Schweiz, w\u00e4hrend einer Integration in einem Retreat der inneren Evolution, bei welchem die Teilnehmer, die Geduld, das sich \u00d6ffnen und mein Team wieder einmal die beste Medizin waren.<\/p>\n<p>&nbsp;<\/p>\n<p><strong><em>Laura Torrabadella<\/em><\/strong><\/p>\n<p>retiros@innermastery.es<\/p>\n<p>&nbsp;<\/p>\n<p>&nbsp;<\/p>\n<p>&nbsp;<\/p>\n<p>&nbsp;<\/td>\n<\/tr>\n<\/tbody>\n<\/table>\n","protected":false},"excerpt":{"rendered":"<p>DAS WUNDER ZU WISSEN, DASS ALLES AUF ANDERE WEISE GESCHEHEN WIRD, ALS MAN ES ERWARTET Sich der Tatsache zu \u00f6ffnen, dass wir nichts wissen, dass die Dinge anders sind, als wir es gelernt haben und dass wir neue L\u00f6sungen f\u00fcr unsere altbekannten Probleme finden k\u00f6nnen. &nbsp; \u00abLaura, ich muss wissen, mit wie vielen Leuten ich [&hellip;]<\/p>\n","protected":false},"author":9,"featured_media":0,"comment_status":"closed","ping_status":"closed","sticky":false,"template":"elementor_header_footer","format":"standard","meta":{"_acf_changed":false,"site-sidebar-layout":"default","site-content-layout":"","ast-site-content-layout":"default","site-content-style":"default","site-sidebar-style":"default","ast-global-header-display":"","ast-banner-title-visibility":"","ast-main-header-display":"","ast-hfb-above-header-display":"","ast-hfb-below-header-display":"","ast-hfb-mobile-header-display":"","site-post-title":"","ast-breadcrumbs-content":"","ast-featured-img":"","footer-sml-layout":"","theme-transparent-header-meta":"","adv-header-id-meta":"","stick-header-meta":"","header-above-stick-meta":"","header-main-stick-meta":"","header-below-stick-meta":"","astra-migrate-meta-layouts":"default","ast-page-background-enabled":"default","ast-page-background-meta":{"desktop":{"background-color":"","background-image":"","background-repeat":"repeat","background-position":"center center","background-size":"auto","background-attachment":"scroll","background-type":"","background-media":"","overlay-type":"","overlay-color":"","overlay-opacity":"","overlay-gradient":""},"tablet":{"background-color":"","background-image":"","background-repeat":"repeat","background-position":"center center","background-size":"auto","background-attachment":"scroll","background-type":"","background-media":"","overlay-type":"","overlay-color":"","overlay-opacity":"","overlay-gradient":""},"mobile":{"background-color":"","background-image":"","background-repeat":"repeat","background-position":"center center","background-size":"auto","background-attachment":"scroll","background-type":"","background-media":"","overlay-type":"","overlay-color":"","overlay-opacity":"","overlay-gradient":""}},"ast-content-background-meta":{"desktop":{"background-color":"var(--ast-global-color-5)","background-image":"","background-repeat":"repeat","background-position":"center center","background-size":"auto","background-attachment":"scroll","background-type":"","background-media":"","overlay-type":"","overlay-color":"","overlay-opacity":"","overlay-gradient":""},"tablet":{"background-color":"var(--ast-global-color-5)","background-image":"","background-repeat":"repeat","background-position":"center center","background-size":"auto","background-attachment":"scroll","background-type":"","background-media":"","overlay-type":"","overlay-color":"","overlay-opacity":"","overlay-gradient":""},"mobile":{"background-color":"var(--ast-global-color-5)","background-image":"","background-repeat":"repeat","background-position":"center center","background-size":"auto","background-attachment":"scroll","background-type":"","background-media":"","overlay-type":"","overlay-color":"","overlay-opacity":"","overlay-gradient":""}},"ep_exclude_from_search":false,"footnotes":""},"categories":[673],"tags":[],"class_list":["post-47858","post","type-post","status-publish","format-standard","hentry","category-innere-evolution"],"acf":[],"yoast_head":"<!-- This site is optimized with the Yoast SEO plugin v27.4 - https:\/\/yoast.com\/product\/yoast-seo-wordpress\/ -->\n<title>DAS ERWACHEN UND DIE LIEBE. \u00d6FFNUNG DES HERZENS UND ERWEITERUNG DES BEWUSSTSEINS (Zweiter Teil, von Laura Torrabadella) - Web Oficial de Alverto<\/title>\n<meta name=\"robots\" content=\"index, follow, max-snippet:-1, max-image-preview:large, max-video-preview:-1\" \/>\n<link rel=\"canonical\" href=\"https:\/\/www.albertojosevarela.com\/de\/das-erwachen-und-die-liebe-oeffnung-des-herzens-und-erweiterung-des-bewusstseins-zweiter-teil-von-laura-torrabadella\/\" \/>\n<meta property=\"og:locale\" content=\"de_DE\" \/>\n<meta property=\"og:type\" content=\"article\" \/>\n<meta property=\"og:title\" content=\"DAS ERWACHEN UND DIE LIEBE. \u00d6FFNUNG DES HERZENS UND ERWEITERUNG DES BEWUSSTSEINS (Zweiter Teil, von Laura Torrabadella) - Web Oficial de Alverto\" \/>\n<meta property=\"og:description\" content=\"DAS WUNDER ZU WISSEN, DASS ALLES AUF ANDERE WEISE GESCHEHEN WIRD, ALS MAN ES ERWARTET Sich der Tatsache zu \u00f6ffnen, dass wir nichts wissen, dass die Dinge anders sind, als wir es gelernt haben und dass wir neue L\u00f6sungen f\u00fcr unsere altbekannten Probleme finden k\u00f6nnen. &nbsp; \u00abLaura, ich muss wissen, mit wie vielen Leuten ich [&hellip;]\" \/>\n<meta property=\"og:url\" content=\"https:\/\/www.albertojosevarela.com\/de\/das-erwachen-und-die-liebe-oeffnung-des-herzens-und-erweiterung-des-bewusstseins-zweiter-teil-von-laura-torrabadella\/\" \/>\n<meta property=\"og:site_name\" content=\"Web Oficial de Alverto\" \/>\n<meta property=\"article:publisher\" content=\"https:\/\/www.facebook.com\/Alvertojosevarela\" \/>\n<meta property=\"article:author\" content=\"https:\/\/www.facebook.com\/Alvertojosevarela\" \/>\n<meta property=\"article:published_time\" content=\"2018-06-15T19:31:05+00:00\" \/>\n<meta name=\"author\" content=\"Alberto Jos\u00e9 Varela\" \/>\n<meta name=\"twitter:card\" content=\"summary_large_image\" \/>\n<meta name=\"twitter:creator\" content=\"@albertoJ_varela\" \/>\n<meta name=\"twitter:site\" content=\"@albertoJ_varela\" \/>\n<script type=\"application\/ld+json\" class=\"yoast-schema-graph\">{\"@context\":\"https:\\\/\\\/schema.org\",\"@graph\":[{\"@type\":\"Article\",\"@id\":\"https:\\\/\\\/www.albertojosevarela.com\\\/de\\\/das-erwachen-und-die-liebe-oeffnung-des-herzens-und-erweiterung-des-bewusstseins-zweiter-teil-von-laura-torrabadella\\\/#article\",\"isPartOf\":{\"@id\":\"https:\\\/\\\/www.albertojosevarela.com\\\/de\\\/das-erwachen-und-die-liebe-oeffnung-des-herzens-und-erweiterung-des-bewusstseins-zweiter-teil-von-laura-torrabadella\\\/\"},\"author\":{\"name\":\"Alberto Jos\u00e9 Varela\",\"@id\":\"https:\\\/\\\/www.albertojosevarela.com\\\/de\\\/#\\\/schema\\\/person\\\/6197324b0e48a485e79c32ccad0064d8\"},\"headline\":\"DAS ERWACHEN UND DIE LIEBE. \u00d6FFNUNG DES HERZENS UND ERWEITERUNG DES BEWUSSTSEINS (Zweiter Teil, von Laura Torrabadella)\",\"datePublished\":\"2018-06-15T19:31:05+00:00\",\"mainEntityOfPage\":{\"@id\":\"https:\\\/\\\/www.albertojosevarela.com\\\/de\\\/das-erwachen-und-die-liebe-oeffnung-des-herzens-und-erweiterung-des-bewusstseins-zweiter-teil-von-laura-torrabadella\\\/\"},\"wordCount\":887,\"publisher\":{\"@id\":\"https:\\\/\\\/www.albertojosevarela.com\\\/de\\\/#\\\/schema\\\/person\\\/6197324b0e48a485e79c32ccad0064d8\"},\"articleSection\":[\"Innere Evolution\"],\"inLanguage\":\"de\"},{\"@type\":\"WebPage\",\"@id\":\"https:\\\/\\\/www.albertojosevarela.com\\\/de\\\/das-erwachen-und-die-liebe-oeffnung-des-herzens-und-erweiterung-des-bewusstseins-zweiter-teil-von-laura-torrabadella\\\/\",\"url\":\"https:\\\/\\\/www.albertojosevarela.com\\\/de\\\/das-erwachen-und-die-liebe-oeffnung-des-herzens-und-erweiterung-des-bewusstseins-zweiter-teil-von-laura-torrabadella\\\/\",\"name\":\"DAS ERWACHEN UND DIE LIEBE. \u00d6FFNUNG DES HERZENS UND ERWEITERUNG DES BEWUSSTSEINS (Zweiter Teil, von Laura Torrabadella) - Web Oficial de Alverto\",\"isPartOf\":{\"@id\":\"https:\\\/\\\/www.albertojosevarela.com\\\/de\\\/#website\"},\"datePublished\":\"2018-06-15T19:31:05+00:00\",\"breadcrumb\":{\"@id\":\"https:\\\/\\\/www.albertojosevarela.com\\\/de\\\/das-erwachen-und-die-liebe-oeffnung-des-herzens-und-erweiterung-des-bewusstseins-zweiter-teil-von-laura-torrabadella\\\/#breadcrumb\"},\"inLanguage\":\"de\",\"potentialAction\":[{\"@type\":\"ReadAction\",\"target\":[\"https:\\\/\\\/www.albertojosevarela.com\\\/de\\\/das-erwachen-und-die-liebe-oeffnung-des-herzens-und-erweiterung-des-bewusstseins-zweiter-teil-von-laura-torrabadella\\\/\"]}]},{\"@type\":\"BreadcrumbList\",\"@id\":\"https:\\\/\\\/www.albertojosevarela.com\\\/de\\\/das-erwachen-und-die-liebe-oeffnung-des-herzens-und-erweiterung-des-bewusstseins-zweiter-teil-von-laura-torrabadella\\\/#breadcrumb\",\"itemListElement\":[{\"@type\":\"ListItem\",\"position\":1,\"name\":\"Inicio\",\"item\":\"https:\\\/\\\/www.albertojosevarela.com\\\/de\\\/\"},{\"@type\":\"ListItem\",\"position\":2,\"name\":\"Innere Evolution\",\"item\":\"https:\\\/\\\/www.albertojosevarela.com\\\/de\\\/category\\\/innere-evolution\\\/\"},{\"@type\":\"ListItem\",\"position\":3,\"name\":\"DAS ERWACHEN UND DIE LIEBE. \u00d6FFNUNG DES HERZENS UND ERWEITERUNG DES BEWUSSTSEINS (Zweiter Teil, von Laura Torrabadella)\"}]},{\"@type\":\"WebSite\",\"@id\":\"https:\\\/\\\/www.albertojosevarela.com\\\/de\\\/#website\",\"url\":\"https:\\\/\\\/www.albertojosevarela.com\\\/de\\\/\",\"name\":\"Web Oficial de Alberto Jos\u00e9 Varela\",\"description\":\"El ser humano evoluciona cuando se mira adentro\",\"publisher\":{\"@id\":\"https:\\\/\\\/www.albertojosevarela.com\\\/de\\\/#\\\/schema\\\/person\\\/6197324b0e48a485e79c32ccad0064d8\"},\"potentialAction\":[{\"@type\":\"SearchAction\",\"target\":{\"@type\":\"EntryPoint\",\"urlTemplate\":\"https:\\\/\\\/www.albertojosevarela.com\\\/de\\\/?s={search_term_string}\"},\"query-input\":{\"@type\":\"PropertyValueSpecification\",\"valueRequired\":true,\"valueName\":\"search_term_string\"}}],\"inLanguage\":\"de\"},{\"@type\":[\"Person\",\"Organization\"],\"@id\":\"https:\\\/\\\/www.albertojosevarela.com\\\/de\\\/#\\\/schema\\\/person\\\/6197324b0e48a485e79c32ccad0064d8\",\"name\":\"Alberto Jos\u00e9 Varela\",\"image\":{\"@type\":\"ImageObject\",\"inLanguage\":\"de\",\"@id\":\"https:\\\/\\\/www.albertojosevarela.com\\\/wp-content\\\/uploads\\\/2020\\\/11\\\/alberto-varela.jpeg\",\"url\":\"https:\\\/\\\/www.albertojosevarela.com\\\/wp-content\\\/uploads\\\/2020\\\/11\\\/alberto-varela.jpeg\",\"contentUrl\":\"https:\\\/\\\/www.albertojosevarela.com\\\/wp-content\\\/uploads\\\/2020\\\/11\\\/alberto-varela.jpeg\",\"width\":682,\"height\":864,\"caption\":\"Alberto Jos\u00e9 Varela\"},\"logo\":{\"@id\":\"https:\\\/\\\/www.albertojosevarela.com\\\/wp-content\\\/uploads\\\/2020\\\/11\\\/alberto-varela.jpeg\"},\"description\":\"Fundador de empresas y organizaciones; creador de t\u00e9cnicas, m\u00e9todos y escuelas; autor de varios libros. Estudiante autodidacta, investigador y conferencista internacional, con una experiencia de m\u00e1s de 40 a\u00f1os en la gesti\u00f3n organizacional y los RRHH. Actualmente crece su influencia en el \u00e1mbito motivacional, terap\u00e9utico y espiritual a ra\u00edz del mensaje evolutivo que transmite.\",\"sameAs\":[\"https:\\\/\\\/www.facebook.com\\\/Alvertojosevarela\",\"https:\\\/\\\/www.instagram.com\\\/albertojose.varela\\\/\",\"https:\\\/\\\/www.linkedin.com\\\/in\\\/alverto-varela\\\/\",\"https:\\\/\\\/x.com\\\/albertoJ_varela\",\"https:\\\/\\\/www.youtube.com\\\/c\\\/AlvertoVarela\"]}]}<\/script>\n<!-- \/ Yoast SEO plugin. -->","yoast_head_json":{"title":"DAS ERWACHEN UND DIE LIEBE. \u00d6FFNUNG DES HERZENS UND ERWEITERUNG DES BEWUSSTSEINS (Zweiter Teil, von Laura Torrabadella) - Web Oficial de Alverto","robots":{"index":"index","follow":"follow","max-snippet":"max-snippet:-1","max-image-preview":"max-image-preview:large","max-video-preview":"max-video-preview:-1"},"canonical":"https:\/\/www.albertojosevarela.com\/de\/das-erwachen-und-die-liebe-oeffnung-des-herzens-und-erweiterung-des-bewusstseins-zweiter-teil-von-laura-torrabadella\/","og_locale":"de_DE","og_type":"article","og_title":"DAS ERWACHEN UND DIE LIEBE. \u00d6FFNUNG DES HERZENS UND ERWEITERUNG DES BEWUSSTSEINS (Zweiter Teil, von Laura Torrabadella) - Web Oficial de Alverto","og_description":"DAS WUNDER ZU WISSEN, DASS ALLES AUF ANDERE WEISE GESCHEHEN WIRD, ALS MAN ES ERWARTET Sich der Tatsache zu \u00f6ffnen, dass wir nichts wissen, dass die Dinge anders sind, als wir es gelernt haben und dass wir neue L\u00f6sungen f\u00fcr unsere altbekannten Probleme finden k\u00f6nnen. &nbsp; \u00abLaura, ich muss wissen, mit wie vielen Leuten ich [&hellip;]","og_url":"https:\/\/www.albertojosevarela.com\/de\/das-erwachen-und-die-liebe-oeffnung-des-herzens-und-erweiterung-des-bewusstseins-zweiter-teil-von-laura-torrabadella\/","og_site_name":"Web Oficial de Alverto","article_publisher":"https:\/\/www.facebook.com\/Alvertojosevarela","article_author":"https:\/\/www.facebook.com\/Alvertojosevarela","article_published_time":"2018-06-15T19:31:05+00:00","author":"Alberto Jos\u00e9 Varela","twitter_card":"summary_large_image","twitter_creator":"@albertoJ_varela","twitter_site":"@albertoJ_varela","schema":{"@context":"https:\/\/schema.org","@graph":[{"@type":"Article","@id":"https:\/\/www.albertojosevarela.com\/de\/das-erwachen-und-die-liebe-oeffnung-des-herzens-und-erweiterung-des-bewusstseins-zweiter-teil-von-laura-torrabadella\/#article","isPartOf":{"@id":"https:\/\/www.albertojosevarela.com\/de\/das-erwachen-und-die-liebe-oeffnung-des-herzens-und-erweiterung-des-bewusstseins-zweiter-teil-von-laura-torrabadella\/"},"author":{"name":"Alberto Jos\u00e9 Varela","@id":"https:\/\/www.albertojosevarela.com\/de\/#\/schema\/person\/6197324b0e48a485e79c32ccad0064d8"},"headline":"DAS ERWACHEN UND DIE LIEBE. \u00d6FFNUNG DES HERZENS UND ERWEITERUNG DES BEWUSSTSEINS (Zweiter Teil, von Laura Torrabadella)","datePublished":"2018-06-15T19:31:05+00:00","mainEntityOfPage":{"@id":"https:\/\/www.albertojosevarela.com\/de\/das-erwachen-und-die-liebe-oeffnung-des-herzens-und-erweiterung-des-bewusstseins-zweiter-teil-von-laura-torrabadella\/"},"wordCount":887,"publisher":{"@id":"https:\/\/www.albertojosevarela.com\/de\/#\/schema\/person\/6197324b0e48a485e79c32ccad0064d8"},"articleSection":["Innere Evolution"],"inLanguage":"de"},{"@type":"WebPage","@id":"https:\/\/www.albertojosevarela.com\/de\/das-erwachen-und-die-liebe-oeffnung-des-herzens-und-erweiterung-des-bewusstseins-zweiter-teil-von-laura-torrabadella\/","url":"https:\/\/www.albertojosevarela.com\/de\/das-erwachen-und-die-liebe-oeffnung-des-herzens-und-erweiterung-des-bewusstseins-zweiter-teil-von-laura-torrabadella\/","name":"DAS ERWACHEN UND DIE LIEBE. \u00d6FFNUNG DES HERZENS UND ERWEITERUNG DES BEWUSSTSEINS (Zweiter Teil, von Laura Torrabadella) - Web Oficial de Alverto","isPartOf":{"@id":"https:\/\/www.albertojosevarela.com\/de\/#website"},"datePublished":"2018-06-15T19:31:05+00:00","breadcrumb":{"@id":"https:\/\/www.albertojosevarela.com\/de\/das-erwachen-und-die-liebe-oeffnung-des-herzens-und-erweiterung-des-bewusstseins-zweiter-teil-von-laura-torrabadella\/#breadcrumb"},"inLanguage":"de","potentialAction":[{"@type":"ReadAction","target":["https:\/\/www.albertojosevarela.com\/de\/das-erwachen-und-die-liebe-oeffnung-des-herzens-und-erweiterung-des-bewusstseins-zweiter-teil-von-laura-torrabadella\/"]}]},{"@type":"BreadcrumbList","@id":"https:\/\/www.albertojosevarela.com\/de\/das-erwachen-und-die-liebe-oeffnung-des-herzens-und-erweiterung-des-bewusstseins-zweiter-teil-von-laura-torrabadella\/#breadcrumb","itemListElement":[{"@type":"ListItem","position":1,"name":"Inicio","item":"https:\/\/www.albertojosevarela.com\/de\/"},{"@type":"ListItem","position":2,"name":"Innere Evolution","item":"https:\/\/www.albertojosevarela.com\/de\/category\/innere-evolution\/"},{"@type":"ListItem","position":3,"name":"DAS ERWACHEN UND DIE LIEBE. \u00d6FFNUNG DES HERZENS UND ERWEITERUNG DES BEWUSSTSEINS (Zweiter Teil, von Laura Torrabadella)"}]},{"@type":"WebSite","@id":"https:\/\/www.albertojosevarela.com\/de\/#website","url":"https:\/\/www.albertojosevarela.com\/de\/","name":"Web Oficial de Alberto Jos\u00e9 Varela","description":"El ser humano evoluciona cuando se mira adentro","publisher":{"@id":"https:\/\/www.albertojosevarela.com\/de\/#\/schema\/person\/6197324b0e48a485e79c32ccad0064d8"},"potentialAction":[{"@type":"SearchAction","target":{"@type":"EntryPoint","urlTemplate":"https:\/\/www.albertojosevarela.com\/de\/?s={search_term_string}"},"query-input":{"@type":"PropertyValueSpecification","valueRequired":true,"valueName":"search_term_string"}}],"inLanguage":"de"},{"@type":["Person","Organization"],"@id":"https:\/\/www.albertojosevarela.com\/de\/#\/schema\/person\/6197324b0e48a485e79c32ccad0064d8","name":"Alberto Jos\u00e9 Varela","image":{"@type":"ImageObject","inLanguage":"de","@id":"https:\/\/www.albertojosevarela.com\/wp-content\/uploads\/2020\/11\/alberto-varela.jpeg","url":"https:\/\/www.albertojosevarela.com\/wp-content\/uploads\/2020\/11\/alberto-varela.jpeg","contentUrl":"https:\/\/www.albertojosevarela.com\/wp-content\/uploads\/2020\/11\/alberto-varela.jpeg","width":682,"height":864,"caption":"Alberto Jos\u00e9 Varela"},"logo":{"@id":"https:\/\/www.albertojosevarela.com\/wp-content\/uploads\/2020\/11\/alberto-varela.jpeg"},"description":"Fundador de empresas y organizaciones; creador de t\u00e9cnicas, m\u00e9todos y escuelas; autor de varios libros. Estudiante autodidacta, investigador y conferencista internacional, con una experiencia de m\u00e1s de 40 a\u00f1os en la gesti\u00f3n organizacional y los RRHH. Actualmente crece su influencia en el \u00e1mbito motivacional, terap\u00e9utico y espiritual a ra\u00edz del mensaje evolutivo que transmite.","sameAs":["https:\/\/www.facebook.com\/Alvertojosevarela","https:\/\/www.instagram.com\/albertojose.varela\/","https:\/\/www.linkedin.com\/in\/alverto-varela\/","https:\/\/x.com\/albertoJ_varela","https:\/\/www.youtube.com\/c\/AlvertoVarela"]}]}},"jetpack_featured_media_url":"","_links":{"self":[{"href":"https:\/\/www.albertojosevarela.com\/de\/wp-json\/wp\/v2\/posts\/47858","targetHints":{"allow":["GET"]}}],"collection":[{"href":"https:\/\/www.albertojosevarela.com\/de\/wp-json\/wp\/v2\/posts"}],"about":[{"href":"https:\/\/www.albertojosevarela.com\/de\/wp-json\/wp\/v2\/types\/post"}],"author":[{"embeddable":true,"href":"https:\/\/www.albertojosevarela.com\/de\/wp-json\/wp\/v2\/users\/9"}],"replies":[{"embeddable":true,"href":"https:\/\/www.albertojosevarela.com\/de\/wp-json\/wp\/v2\/comments?post=47858"}],"version-history":[{"count":0,"href":"https:\/\/www.albertojosevarela.com\/de\/wp-json\/wp\/v2\/posts\/47858\/revisions"}],"wp:attachment":[{"href":"https:\/\/www.albertojosevarela.com\/de\/wp-json\/wp\/v2\/media?parent=47858"}],"wp:term":[{"taxonomy":"category","embeddable":true,"href":"https:\/\/www.albertojosevarela.com\/de\/wp-json\/wp\/v2\/categories?post=47858"},{"taxonomy":"post_tag","embeddable":true,"href":"https:\/\/www.albertojosevarela.com\/de\/wp-json\/wp\/v2\/tags?post=47858"}],"curies":[{"name":"wp","href":"https:\/\/api.w.org\/{rel}","templated":true}]}}