{"id":47872,"date":"2018-09-28T19:26:54","date_gmt":"2018-09-28T17:26:54","guid":{"rendered":"https:\/\/www.albertojosevarela.com\/wpml\/der-blog-von-alberto-jose-varela-wird-auf-der-ganzen-welt-gelesen\/"},"modified":"2018-09-28T19:26:54","modified_gmt":"2018-09-28T17:26:54","slug":"der-blog-von-alberto-jose-varela-wird-auf-der-ganzen-welt-gelesen","status":"publish","type":"post","link":"https:\/\/www.albertojosevarela.com\/de\/der-blog-von-alberto-jose-varela-wird-auf-der-ganzen-welt-gelesen\/","title":{"rendered":"DER BLOG VON ALBERTO JOS\u00c9 VARELA WIRD AUF DER GANZEN WELT GELESEN. Wir haben Leser auf allen Kontinenten und aus allen L\u00e4ndern."},"content":{"rendered":"<table>\n<tbody>\n<tr>\n<td>\n<h1><span style=\"color: #ff6600;\"><strong>VOR 3 JAHREN STARTETEN WIR DIESEN BLOG, UM DAMIT EINE SICHTWEISE DER WELT, DES LEBENS UND DES MENSCHEN ZU VERMITTELN.<\/strong><\/span><\/h1>\n<h2><span style=\"color: #808080;\"><strong><em>\u00abWir befinden uns in einer Zeit des Wandels in Bezug auf jene Ideologien und Paradigmen, auf welche wir unser Bewusstsein f\u00fcr das Angehen der menschlichen Probleme basieren.\u00bb <\/em><\/strong><\/span><\/h2>\n<p>&nbsp;<\/p>\n<p><strong><u>DATEN DIESES BLOGS GEM\u00c4SS GOOGLE ANALYTICS:<\/u><\/strong><\/p>\n<p>\u2022 Fast 10 Millionen Besuche.<\/p>\n<p>\u2022 Leser aus allen L\u00e4ndern der Welt. (mehr als 200)<\/p>\n<p>\u2022 Mehr als 600 ver\u00f6ffentlichte Artikel.<\/p>\n<p>\u2022 \u00dcbersetzt in 7 Sprachen.<\/p>\n<p><strong>(Die auf dem Titelbild ersichtliche Karte, erstellt von Google Analytics, zeigt alle L\u00e4nder eingef\u00e4rbt in verschiedenen Blaut\u00f6nen. Diese blaue Einf\u00e4rbung bedeutet, dass es dort Leser des Blogs gibt.)<\/strong><\/p>\n<p>&nbsp;<\/p>\n<p>Dieser Blog wurde im September 2015 erschaffen, mit dem Ziel Inhalte \u00fcber die Spiritualit\u00e4t, den psychotherapeutischen Ansatz, das Erwachen des Bewusstseins und die innere Suche des Menschen &#8211; innerhalb des Kontexts der Anwendung von schamanischen Heilmitteln oder entheogenen Substanzen &#8211; zu ver\u00f6ffentlichen, welche ich bereits seit vielen Jahren am Schreiben war. Zu Beginn wurde der Blog von Tausenden von Menschen gelesen, die Teil der Gemeinschaft AYAHUASCA INTERNATIONAL\u00ae sind, aber im Verlauf von 3 Jahren hat sich dieser Blog zum globalen Kommunikationsmittel der <strong>\u00abBewegung zur Potenzialit\u00e4t<\/strong>\u00bb entwickelt. Diese Bewegung entstand aus der Organisation INNER MASTERY INTERNATIONAL\u00ae, deren pluralistischer Ansatz in Bezug auf die spirituelle und therapeutische Realit\u00e4t des Menschen sich in der Schaffung der Methode der INNEREN EVOLUTION\u00ae vereinigt hat. Diese Methode wird j\u00e4hrlich von mehr als 20.000 Menschen angewendet, welche an den mehr als 500 GANZHEITLICHEN REATREATS teilnehmen, die in unseren HOLISTISCHEN EPIZENTERN in mehr als 20 L\u00e4ndern in Amerika und Europa unter der Leitung von unseren mehr als 100 Moderatoren und Therapeuten durchgef\u00fchrt werden.<\/p>\n<p>Wir haben 3 internationale Schulen gegr\u00fcndet, um Menschen aus der ganzen Welt in Bezug auf diese erstaunliche Methode zur Entdeckung und Verwirklichung des individuellen und menschlichen Potenzials zu schulen und auszubilden.<\/p>\n<p>Dieser Artikel beinhaltet ungef\u00e4hre Daten \u00fcber etwas, das viel schneller w\u00e4chst, als jeder rationale Plan es h\u00e4tte berechnen k\u00f6nnen. Wir glauben, dass der Grund f\u00fcr dieses Wachstum sehr tiefgreifend ist und mit der neuen Art der menschlichen Suche nach Antworten und L\u00f6sungen f\u00fcr die vielen komplexen Realit\u00e4ten auf unserem Lebensweg zusammenh\u00e4ngt.<\/p>\n<p>Mit diesem Blog schaffe ich die Grundlagen f\u00fcr die Entwicklung von Werkzeugen, Techniken, Ans\u00e4tzen, Methoden und Systemen, welche erm\u00f6glichen eine grosse Anzahl Menschen zu bef\u00e4higen neue Arten der Wahrnehmung zu erreichen, welche die alten und vorherigen Wahrnehmungen relativieren. Denn die Transformation der Wahrnehmung bewirkt die Zerst\u00f6rung jeglicher zuvor geschaffener Realit\u00e4ten, um neuen Realit\u00e4ten Raum zu geben, welche die Basis oder die Rohmaterialen der bevorstehenden grossen Transformation sind.<\/p>\n<p>ES IST SEHR GUT M\u00d6GLICH, DASS ES HIER UM ETWAS GEHT, DAS SICH SELBST SCH\u00dcTZT UND EIN EIGENES LEBEN HAT, ES GEHT UM EINE EXPANSION, WELCHE VIELE GRENZEN ZERST\u00d6RT, SOWOHL INNERE WIE AUCH \u00c4USSERE.<\/p>\n<p>&nbsp;<\/p>\n<p>Falls du irgendwelche Fragen oder Anmerkungen zu diesen Themen hast, kannst du mir gerne schreiben.<\/p>\n<p><strong><em>Alberto Jos\u00e9 Varela<\/em><\/strong><\/p>\n<p>nosoy@albertojosevarela.com<\/td>\n<\/tr>\n<\/tbody>\n<\/table>\n<p>&nbsp;<\/p>\n","protected":false},"excerpt":{"rendered":"<p>VOR 3 JAHREN STARTETEN WIR DIESEN BLOG, UM DAMIT EINE SICHTWEISE DER WELT, DES LEBENS UND DES MENSCHEN ZU VERMITTELN. \u00abWir befinden uns in einer Zeit des Wandels in Bezug auf jene Ideologien und Paradigmen, auf welche wir unser Bewusstsein f\u00fcr das Angehen der menschlichen Probleme basieren.\u00bb &nbsp; DATEN DIESES BLOGS GEM\u00c4SS GOOGLE ANALYTICS: \u2022 [&hellip;]<\/p>\n","protected":false},"author":9,"featured_media":0,"comment_status":"closed","ping_status":"closed","sticky":false,"template":"elementor_header_footer","format":"standard","meta":{"_acf_changed":false,"site-sidebar-layout":"default","site-content-layout":"","ast-site-content-layout":"default","site-content-style":"default","site-sidebar-style":"default","ast-global-header-display":"","ast-banner-title-visibility":"","ast-main-header-display":"","ast-hfb-above-header-display":"","ast-hfb-below-header-display":"","ast-hfb-mobile-header-display":"","site-post-title":"","ast-breadcrumbs-content":"","ast-featured-img":"","footer-sml-layout":"","theme-transparent-header-meta":"","adv-header-id-meta":"","stick-header-meta":"","header-above-stick-meta":"","header-main-stick-meta":"","header-below-stick-meta":"","astra-migrate-meta-layouts":"default","ast-page-background-enabled":"default","ast-page-background-meta":{"desktop":{"background-color":"","background-image":"","background-repeat":"repeat","background-position":"center center","background-size":"auto","background-attachment":"scroll","background-type":"","background-media":"","overlay-type":"","overlay-color":"","overlay-opacity":"","overlay-gradient":""},"tablet":{"background-color":"","background-image":"","background-repeat":"repeat","background-position":"center center","background-size":"auto","background-attachment":"scroll","background-type":"","background-media":"","overlay-type":"","overlay-color":"","overlay-opacity":"","overlay-gradient":""},"mobile":{"background-color":"","background-image":"","background-repeat":"repeat","background-position":"center center","background-size":"auto","background-attachment":"scroll","background-type":"","background-media":"","overlay-type":"","overlay-color":"","overlay-opacity":"","overlay-gradient":""}},"ast-content-background-meta":{"desktop":{"background-color":"var(--ast-global-color-5)","background-image":"","background-repeat":"repeat","background-position":"center center","background-size":"auto","background-attachment":"scroll","background-type":"","background-media":"","overlay-type":"","overlay-color":"","overlay-opacity":"","overlay-gradient":""},"tablet":{"background-color":"var(--ast-global-color-5)","background-image":"","background-repeat":"repeat","background-position":"center center","background-size":"auto","background-attachment":"scroll","background-type":"","background-media":"","overlay-type":"","overlay-color":"","overlay-opacity":"","overlay-gradient":""},"mobile":{"background-color":"var(--ast-global-color-5)","background-image":"","background-repeat":"repeat","background-position":"center center","background-size":"auto","background-attachment":"scroll","background-type":"","background-media":"","overlay-type":"","overlay-color":"","overlay-opacity":"","overlay-gradient":""}},"ep_exclude_from_search":false,"footnotes":""},"categories":[690],"tags":[],"class_list":["post-47872","post","type-post","status-publish","format-standard","hentry","category-noticias-de"],"acf":[],"yoast_head":"<!-- This site is optimized with the Yoast SEO plugin v27.4 - https:\/\/yoast.com\/product\/yoast-seo-wordpress\/ -->\n<title>DER BLOG VON ALBERTO JOS\u00c9 VARELA WIRD AUF DER GANZEN WELT GELESEN. Wir haben Leser auf allen Kontinenten und aus allen L\u00e4ndern. - Web Oficial de Alverto<\/title>\n<meta name=\"robots\" content=\"index, follow, max-snippet:-1, max-image-preview:large, max-video-preview:-1\" \/>\n<link rel=\"canonical\" href=\"https:\/\/www.albertojosevarela.com\/de\/der-blog-von-alberto-jose-varela-wird-auf-der-ganzen-welt-gelesen\/\" \/>\n<meta property=\"og:locale\" content=\"de_DE\" \/>\n<meta property=\"og:type\" content=\"article\" \/>\n<meta property=\"og:title\" content=\"DER BLOG VON ALBERTO JOS\u00c9 VARELA WIRD AUF DER GANZEN WELT GELESEN. Wir haben Leser auf allen Kontinenten und aus allen L\u00e4ndern. - Web Oficial de Alverto\" \/>\n<meta property=\"og:description\" content=\"VOR 3 JAHREN STARTETEN WIR DIESEN BLOG, UM DAMIT EINE SICHTWEISE DER WELT, DES LEBENS UND DES MENSCHEN ZU VERMITTELN. \u00abWir befinden uns in einer Zeit des Wandels in Bezug auf jene Ideologien und Paradigmen, auf welche wir unser Bewusstsein f\u00fcr das Angehen der menschlichen Probleme basieren.\u00bb &nbsp; DATEN DIESES BLOGS GEM\u00c4SS GOOGLE ANALYTICS: \u2022 [&hellip;]\" \/>\n<meta property=\"og:url\" content=\"https:\/\/www.albertojosevarela.com\/de\/der-blog-von-alberto-jose-varela-wird-auf-der-ganzen-welt-gelesen\/\" \/>\n<meta property=\"og:site_name\" content=\"Web Oficial de Alverto\" \/>\n<meta property=\"article:publisher\" content=\"https:\/\/www.facebook.com\/Alvertojosevarela\" \/>\n<meta property=\"article:author\" content=\"https:\/\/www.facebook.com\/Alvertojosevarela\" \/>\n<meta property=\"article:published_time\" content=\"2018-09-28T17:26:54+00:00\" \/>\n<meta name=\"author\" content=\"Alberto Jos\u00e9 Varela\" \/>\n<meta name=\"twitter:card\" content=\"summary_large_image\" \/>\n<meta name=\"twitter:creator\" content=\"@albertoJ_varela\" \/>\n<meta name=\"twitter:site\" content=\"@albertoJ_varela\" \/>\n<script type=\"application\/ld+json\" class=\"yoast-schema-graph\">{\"@context\":\"https:\\\/\\\/schema.org\",\"@graph\":[{\"@type\":\"Article\",\"@id\":\"https:\\\/\\\/www.albertojosevarela.com\\\/de\\\/der-blog-von-alberto-jose-varela-wird-auf-der-ganzen-welt-gelesen\\\/#article\",\"isPartOf\":{\"@id\":\"https:\\\/\\\/www.albertojosevarela.com\\\/de\\\/der-blog-von-alberto-jose-varela-wird-auf-der-ganzen-welt-gelesen\\\/\"},\"author\":{\"name\":\"Alberto Jos\u00e9 Varela\",\"@id\":\"https:\\\/\\\/www.albertojosevarela.com\\\/de\\\/#\\\/schema\\\/person\\\/6197324b0e48a485e79c32ccad0064d8\"},\"headline\":\"DER BLOG VON ALBERTO JOS\u00c9 VARELA WIRD AUF DER GANZEN WELT GELESEN. Wir haben Leser auf allen Kontinenten und aus allen L\u00e4ndern.\",\"datePublished\":\"2018-09-28T17:26:54+00:00\",\"mainEntityOfPage\":{\"@id\":\"https:\\\/\\\/www.albertojosevarela.com\\\/de\\\/der-blog-von-alberto-jose-varela-wird-auf-der-ganzen-welt-gelesen\\\/\"},\"wordCount\":522,\"publisher\":{\"@id\":\"https:\\\/\\\/www.albertojosevarela.com\\\/de\\\/#\\\/schema\\\/person\\\/6197324b0e48a485e79c32ccad0064d8\"},\"articleSection\":[\"Noticias\"],\"inLanguage\":\"de\"},{\"@type\":\"WebPage\",\"@id\":\"https:\\\/\\\/www.albertojosevarela.com\\\/de\\\/der-blog-von-alberto-jose-varela-wird-auf-der-ganzen-welt-gelesen\\\/\",\"url\":\"https:\\\/\\\/www.albertojosevarela.com\\\/de\\\/der-blog-von-alberto-jose-varela-wird-auf-der-ganzen-welt-gelesen\\\/\",\"name\":\"DER BLOG VON ALBERTO JOS\u00c9 VARELA WIRD AUF DER GANZEN WELT GELESEN. Wir haben Leser auf allen Kontinenten und aus allen L\u00e4ndern. - Web Oficial de Alverto\",\"isPartOf\":{\"@id\":\"https:\\\/\\\/www.albertojosevarela.com\\\/de\\\/#website\"},\"datePublished\":\"2018-09-28T17:26:54+00:00\",\"breadcrumb\":{\"@id\":\"https:\\\/\\\/www.albertojosevarela.com\\\/de\\\/der-blog-von-alberto-jose-varela-wird-auf-der-ganzen-welt-gelesen\\\/#breadcrumb\"},\"inLanguage\":\"de\",\"potentialAction\":[{\"@type\":\"ReadAction\",\"target\":[\"https:\\\/\\\/www.albertojosevarela.com\\\/de\\\/der-blog-von-alberto-jose-varela-wird-auf-der-ganzen-welt-gelesen\\\/\"]}]},{\"@type\":\"BreadcrumbList\",\"@id\":\"https:\\\/\\\/www.albertojosevarela.com\\\/de\\\/der-blog-von-alberto-jose-varela-wird-auf-der-ganzen-welt-gelesen\\\/#breadcrumb\",\"itemListElement\":[{\"@type\":\"ListItem\",\"position\":1,\"name\":\"Inicio\",\"item\":\"https:\\\/\\\/www.albertojosevarela.com\\\/de\\\/\"},{\"@type\":\"ListItem\",\"position\":2,\"name\":\"Noticias\",\"item\":\"https:\\\/\\\/www.albertojosevarela.com\\\/de\\\/category\\\/noticias-de\\\/\"},{\"@type\":\"ListItem\",\"position\":3,\"name\":\"DER BLOG VON ALBERTO JOS\u00c9 VARELA WIRD AUF DER GANZEN WELT GELESEN. Wir haben Leser auf allen Kontinenten und aus allen L\u00e4ndern.\"}]},{\"@type\":\"WebSite\",\"@id\":\"https:\\\/\\\/www.albertojosevarela.com\\\/de\\\/#website\",\"url\":\"https:\\\/\\\/www.albertojosevarela.com\\\/de\\\/\",\"name\":\"Web Oficial de Alberto Jos\u00e9 Varela\",\"description\":\"El ser humano evoluciona cuando se mira adentro\",\"publisher\":{\"@id\":\"https:\\\/\\\/www.albertojosevarela.com\\\/de\\\/#\\\/schema\\\/person\\\/6197324b0e48a485e79c32ccad0064d8\"},\"potentialAction\":[{\"@type\":\"SearchAction\",\"target\":{\"@type\":\"EntryPoint\",\"urlTemplate\":\"https:\\\/\\\/www.albertojosevarela.com\\\/de\\\/?s={search_term_string}\"},\"query-input\":{\"@type\":\"PropertyValueSpecification\",\"valueRequired\":true,\"valueName\":\"search_term_string\"}}],\"inLanguage\":\"de\"},{\"@type\":[\"Person\",\"Organization\"],\"@id\":\"https:\\\/\\\/www.albertojosevarela.com\\\/de\\\/#\\\/schema\\\/person\\\/6197324b0e48a485e79c32ccad0064d8\",\"name\":\"Alberto Jos\u00e9 Varela\",\"image\":{\"@type\":\"ImageObject\",\"inLanguage\":\"de\",\"@id\":\"https:\\\/\\\/www.albertojosevarela.com\\\/wp-content\\\/uploads\\\/2020\\\/11\\\/alberto-varela.jpeg\",\"url\":\"https:\\\/\\\/www.albertojosevarela.com\\\/wp-content\\\/uploads\\\/2020\\\/11\\\/alberto-varela.jpeg\",\"contentUrl\":\"https:\\\/\\\/www.albertojosevarela.com\\\/wp-content\\\/uploads\\\/2020\\\/11\\\/alberto-varela.jpeg\",\"width\":682,\"height\":864,\"caption\":\"Alberto Jos\u00e9 Varela\"},\"logo\":{\"@id\":\"https:\\\/\\\/www.albertojosevarela.com\\\/wp-content\\\/uploads\\\/2020\\\/11\\\/alberto-varela.jpeg\"},\"description\":\"Fundador de empresas y organizaciones; creador de t\u00e9cnicas, m\u00e9todos y escuelas; autor de varios libros. Estudiante autodidacta, investigador y conferencista internacional, con una experiencia de m\u00e1s de 40 a\u00f1os en la gesti\u00f3n organizacional y los RRHH. Actualmente crece su influencia en el \u00e1mbito motivacional, terap\u00e9utico y espiritual a ra\u00edz del mensaje evolutivo que transmite.\",\"sameAs\":[\"https:\\\/\\\/www.facebook.com\\\/Alvertojosevarela\",\"https:\\\/\\\/www.instagram.com\\\/albertojose.varela\\\/\",\"https:\\\/\\\/www.linkedin.com\\\/in\\\/alverto-varela\\\/\",\"https:\\\/\\\/x.com\\\/albertoJ_varela\",\"https:\\\/\\\/www.youtube.com\\\/c\\\/AlvertoVarela\"]}]}<\/script>\n<!-- \/ Yoast SEO plugin. -->","yoast_head_json":{"title":"DER BLOG VON ALBERTO JOS\u00c9 VARELA WIRD AUF DER GANZEN WELT GELESEN. Wir haben Leser auf allen Kontinenten und aus allen L\u00e4ndern. - Web Oficial de Alverto","robots":{"index":"index","follow":"follow","max-snippet":"max-snippet:-1","max-image-preview":"max-image-preview:large","max-video-preview":"max-video-preview:-1"},"canonical":"https:\/\/www.albertojosevarela.com\/de\/der-blog-von-alberto-jose-varela-wird-auf-der-ganzen-welt-gelesen\/","og_locale":"de_DE","og_type":"article","og_title":"DER BLOG VON ALBERTO JOS\u00c9 VARELA WIRD AUF DER GANZEN WELT GELESEN. Wir haben Leser auf allen Kontinenten und aus allen L\u00e4ndern. - Web Oficial de Alverto","og_description":"VOR 3 JAHREN STARTETEN WIR DIESEN BLOG, UM DAMIT EINE SICHTWEISE DER WELT, DES LEBENS UND DES MENSCHEN ZU VERMITTELN. \u00abWir befinden uns in einer Zeit des Wandels in Bezug auf jene Ideologien und Paradigmen, auf welche wir unser Bewusstsein f\u00fcr das Angehen der menschlichen Probleme basieren.\u00bb &nbsp; DATEN DIESES BLOGS GEM\u00c4SS GOOGLE ANALYTICS: \u2022 [&hellip;]","og_url":"https:\/\/www.albertojosevarela.com\/de\/der-blog-von-alberto-jose-varela-wird-auf-der-ganzen-welt-gelesen\/","og_site_name":"Web Oficial de Alverto","article_publisher":"https:\/\/www.facebook.com\/Alvertojosevarela","article_author":"https:\/\/www.facebook.com\/Alvertojosevarela","article_published_time":"2018-09-28T17:26:54+00:00","author":"Alberto Jos\u00e9 Varela","twitter_card":"summary_large_image","twitter_creator":"@albertoJ_varela","twitter_site":"@albertoJ_varela","schema":{"@context":"https:\/\/schema.org","@graph":[{"@type":"Article","@id":"https:\/\/www.albertojosevarela.com\/de\/der-blog-von-alberto-jose-varela-wird-auf-der-ganzen-welt-gelesen\/#article","isPartOf":{"@id":"https:\/\/www.albertojosevarela.com\/de\/der-blog-von-alberto-jose-varela-wird-auf-der-ganzen-welt-gelesen\/"},"author":{"name":"Alberto Jos\u00e9 Varela","@id":"https:\/\/www.albertojosevarela.com\/de\/#\/schema\/person\/6197324b0e48a485e79c32ccad0064d8"},"headline":"DER BLOG VON ALBERTO JOS\u00c9 VARELA WIRD AUF DER GANZEN WELT GELESEN. Wir haben Leser auf allen Kontinenten und aus allen L\u00e4ndern.","datePublished":"2018-09-28T17:26:54+00:00","mainEntityOfPage":{"@id":"https:\/\/www.albertojosevarela.com\/de\/der-blog-von-alberto-jose-varela-wird-auf-der-ganzen-welt-gelesen\/"},"wordCount":522,"publisher":{"@id":"https:\/\/www.albertojosevarela.com\/de\/#\/schema\/person\/6197324b0e48a485e79c32ccad0064d8"},"articleSection":["Noticias"],"inLanguage":"de"},{"@type":"WebPage","@id":"https:\/\/www.albertojosevarela.com\/de\/der-blog-von-alberto-jose-varela-wird-auf-der-ganzen-welt-gelesen\/","url":"https:\/\/www.albertojosevarela.com\/de\/der-blog-von-alberto-jose-varela-wird-auf-der-ganzen-welt-gelesen\/","name":"DER BLOG VON ALBERTO JOS\u00c9 VARELA WIRD AUF DER GANZEN WELT GELESEN. Wir haben Leser auf allen Kontinenten und aus allen L\u00e4ndern. - Web Oficial de Alverto","isPartOf":{"@id":"https:\/\/www.albertojosevarela.com\/de\/#website"},"datePublished":"2018-09-28T17:26:54+00:00","breadcrumb":{"@id":"https:\/\/www.albertojosevarela.com\/de\/der-blog-von-alberto-jose-varela-wird-auf-der-ganzen-welt-gelesen\/#breadcrumb"},"inLanguage":"de","potentialAction":[{"@type":"ReadAction","target":["https:\/\/www.albertojosevarela.com\/de\/der-blog-von-alberto-jose-varela-wird-auf-der-ganzen-welt-gelesen\/"]}]},{"@type":"BreadcrumbList","@id":"https:\/\/www.albertojosevarela.com\/de\/der-blog-von-alberto-jose-varela-wird-auf-der-ganzen-welt-gelesen\/#breadcrumb","itemListElement":[{"@type":"ListItem","position":1,"name":"Inicio","item":"https:\/\/www.albertojosevarela.com\/de\/"},{"@type":"ListItem","position":2,"name":"Noticias","item":"https:\/\/www.albertojosevarela.com\/de\/category\/noticias-de\/"},{"@type":"ListItem","position":3,"name":"DER BLOG VON ALBERTO JOS\u00c9 VARELA WIRD AUF DER GANZEN WELT GELESEN. Wir haben Leser auf allen Kontinenten und aus allen L\u00e4ndern."}]},{"@type":"WebSite","@id":"https:\/\/www.albertojosevarela.com\/de\/#website","url":"https:\/\/www.albertojosevarela.com\/de\/","name":"Web Oficial de Alberto Jos\u00e9 Varela","description":"El ser humano evoluciona cuando se mira adentro","publisher":{"@id":"https:\/\/www.albertojosevarela.com\/de\/#\/schema\/person\/6197324b0e48a485e79c32ccad0064d8"},"potentialAction":[{"@type":"SearchAction","target":{"@type":"EntryPoint","urlTemplate":"https:\/\/www.albertojosevarela.com\/de\/?s={search_term_string}"},"query-input":{"@type":"PropertyValueSpecification","valueRequired":true,"valueName":"search_term_string"}}],"inLanguage":"de"},{"@type":["Person","Organization"],"@id":"https:\/\/www.albertojosevarela.com\/de\/#\/schema\/person\/6197324b0e48a485e79c32ccad0064d8","name":"Alberto Jos\u00e9 Varela","image":{"@type":"ImageObject","inLanguage":"de","@id":"https:\/\/www.albertojosevarela.com\/wp-content\/uploads\/2020\/11\/alberto-varela.jpeg","url":"https:\/\/www.albertojosevarela.com\/wp-content\/uploads\/2020\/11\/alberto-varela.jpeg","contentUrl":"https:\/\/www.albertojosevarela.com\/wp-content\/uploads\/2020\/11\/alberto-varela.jpeg","width":682,"height":864,"caption":"Alberto Jos\u00e9 Varela"},"logo":{"@id":"https:\/\/www.albertojosevarela.com\/wp-content\/uploads\/2020\/11\/alberto-varela.jpeg"},"description":"Fundador de empresas y organizaciones; creador de t\u00e9cnicas, m\u00e9todos y escuelas; autor de varios libros. Estudiante autodidacta, investigador y conferencista internacional, con una experiencia de m\u00e1s de 40 a\u00f1os en la gesti\u00f3n organizacional y los RRHH. Actualmente crece su influencia en el \u00e1mbito motivacional, terap\u00e9utico y espiritual a ra\u00edz del mensaje evolutivo que transmite.","sameAs":["https:\/\/www.facebook.com\/Alvertojosevarela","https:\/\/www.instagram.com\/albertojose.varela\/","https:\/\/www.linkedin.com\/in\/alverto-varela\/","https:\/\/x.com\/albertoJ_varela","https:\/\/www.youtube.com\/c\/AlvertoVarela"]}]}},"jetpack_featured_media_url":"","_links":{"self":[{"href":"https:\/\/www.albertojosevarela.com\/de\/wp-json\/wp\/v2\/posts\/47872","targetHints":{"allow":["GET"]}}],"collection":[{"href":"https:\/\/www.albertojosevarela.com\/de\/wp-json\/wp\/v2\/posts"}],"about":[{"href":"https:\/\/www.albertojosevarela.com\/de\/wp-json\/wp\/v2\/types\/post"}],"author":[{"embeddable":true,"href":"https:\/\/www.albertojosevarela.com\/de\/wp-json\/wp\/v2\/users\/9"}],"replies":[{"embeddable":true,"href":"https:\/\/www.albertojosevarela.com\/de\/wp-json\/wp\/v2\/comments?post=47872"}],"version-history":[{"count":0,"href":"https:\/\/www.albertojosevarela.com\/de\/wp-json\/wp\/v2\/posts\/47872\/revisions"}],"wp:attachment":[{"href":"https:\/\/www.albertojosevarela.com\/de\/wp-json\/wp\/v2\/media?parent=47872"}],"wp:term":[{"taxonomy":"category","embeddable":true,"href":"https:\/\/www.albertojosevarela.com\/de\/wp-json\/wp\/v2\/categories?post=47872"},{"taxonomy":"post_tag","embeddable":true,"href":"https:\/\/www.albertojosevarela.com\/de\/wp-json\/wp\/v2\/tags?post=47872"}],"curies":[{"name":"wp","href":"https:\/\/api.w.org\/{rel}","templated":true}]}}