{"id":69153,"date":"2022-02-24T17:25:52","date_gmt":"2022-02-24T16:25:52","guid":{"rendered":"https:\/\/www.albertojosevarela.com\/neue-denunziation-gegen-alberto-varela-von-weiteren-100-wissenschaftlern-es-ist-das-zweite-mal-dass-sich-viele-experten-zu-einer-person-aeussern\/"},"modified":"2022-02-24T17:25:54","modified_gmt":"2022-02-24T16:25:54","slug":"neue-denunziation-gegen-alberto-varela-von-weiteren-100-wissenschaftlern-es-ist-das-zweite-mal-dass-sich-viele-experten-zu-einer-person-aeussern","status":"publish","type":"post","link":"https:\/\/www.albertojosevarela.com\/de\/neue-denunziation-gegen-alberto-varela-von-weiteren-100-wissenschaftlern-es-ist-das-zweite-mal-dass-sich-viele-experten-zu-einer-person-aeussern\/","title":{"rendered":"NEUE DENUNZIATION GEGEN ALBERTO VARELA VON WEITEREN 100 WISSENSCHAFTLERN. Es ist das zweite Mal, dass sich viele Experten zu einer Person \u00e4ussern."},"content":{"rendered":"\t\t<div data-elementor-type=\"wp-post\" data-elementor-id=\"69153\" class=\"elementor elementor-69153 elementor-46708\" data-elementor-post-type=\"post\">\n\t\t\t\t\t\t<section class=\"elementor-section elementor-top-section elementor-element elementor-element-f8a15ef elementor-section-boxed elementor-section-height-default elementor-section-height-default\" data-id=\"f8a15ef\" data-element_type=\"section\" data-e-type=\"section\">\n\t\t\t\t\t\t<div class=\"elementor-container elementor-column-gap-default\">\n\t\t\t\t\t<div class=\"elementor-column elementor-col-100 elementor-top-column elementor-element elementor-element-a23e61d\" data-id=\"a23e61d\" data-element_type=\"column\" data-e-type=\"column\">\n\t\t\t<div class=\"elementor-widget-wrap elementor-element-populated\">\n\t\t\t\t\t\t<div class=\"elementor-element elementor-element-0378f4b elementor-widget elementor-widget-text-editor\" data-id=\"0378f4b\" data-element_type=\"widget\" data-e-type=\"widget\" data-widget_type=\"text-editor.default\">\n\t\t\t\t<div class=\"elementor-widget-container\">\n\t\t\t\t\t\t\t\t\t<h3><strong>BRIEF DER DANKBAREN 100: EINE HOMMAGE AN DIE, DIE DURCH DIE INNERE MEISTERSCHAFT VON ALBERTO VARELA TRANSFORMIERT WURDEN.<\/strong><\/h3>\r\n<strong>\u00dcber die entheogene Pr\u00e4senz der Seele, die alles aufs Teilen setzt.<\/strong>\r\n\r\nDiese 100 Wissenschaftler kommen nicht von Universit\u00e4ten oder Institutionen, die aus der Notwendigkeit heraus sprechen, eine Meinung zu \u00e4u\u00dfern, ohne selbst etwas zu wissen, sondern von Menschen, die zu Wissenschaftlern ihrer eigenen Lebenstransformation geworden sind. Ihre eigenen Erfahrungen untermauern ihre Worte und Visionen, inspiriert von der Pr\u00e4senz und der Inspiration eines Wesens, das augenscheinlich Kontroversen ausl\u00f6st.\r\n\r\nEINE DENUNZIATION F\u00dcR ALLE DIEJENIGEN, DIE SPRECHEN OHNE EIGENES WISSEN ODER EIGENE KENNTNISSE.\r\n\r\nhttps:\/\/www.escuelaconsciente.org\/letter-100-agradecidos-alberto-varela\/\t\t\t\t\t\t\t\t<\/div>\n\t\t\t\t<\/div>\n\t\t\t\t\t<\/div>\n\t\t<\/div>\n\t\t\t\t\t<\/div>\n\t\t<\/section>\n\t\t\t\t<\/div>\n\t\t","protected":false},"excerpt":{"rendered":"<p>BRIEF DER DANKBAREN 100: EINE HOMMAGE AN DIE, DIE DURCH DIE INNERE MEISTERSCHAFT VON ALBERTO VARELA TRANSFORMIERT WURDEN. \u00dcber die entheogene Pr\u00e4senz der Seele, die alles aufs Teilen setzt. Diese 100 Wissenschaftler kommen nicht von Universit\u00e4ten oder Institutionen, die aus der Notwendigkeit heraus sprechen, eine Meinung zu \u00e4u\u00dfern, ohne selbst etwas zu wissen, sondern von [&hellip;]<\/p>\n","protected":false},"author":9,"featured_media":68966,"comment_status":"closed","ping_status":"closed","sticky":false,"template":"","format":"standard","meta":{"_acf_changed":false,"site-sidebar-layout":"default","site-content-layout":"","ast-site-content-layout":"default","site-content-style":"default","site-sidebar-style":"default","ast-global-header-display":"","ast-banner-title-visibility":"","ast-main-header-display":"","ast-hfb-above-header-display":"","ast-hfb-below-header-display":"","ast-hfb-mobile-header-display":"","site-post-title":"","ast-breadcrumbs-content":"","ast-featured-img":"","footer-sml-layout":"","theme-transparent-header-meta":"","adv-header-id-meta":"","stick-header-meta":"","header-above-stick-meta":"","header-main-stick-meta":"","header-below-stick-meta":"","astra-migrate-meta-layouts":"default","ast-page-background-enabled":"default","ast-page-background-meta":{"desktop":{"background-color":"","background-image":"","background-repeat":"repeat","background-position":"center center","background-size":"auto","background-attachment":"scroll","background-type":"","background-media":"","overlay-type":"","overlay-color":"","overlay-opacity":"","overlay-gradient":""},"tablet":{"background-color":"","background-image":"","background-repeat":"repeat","background-position":"center center","background-size":"auto","background-attachment":"scroll","background-type":"","background-media":"","overlay-type":"","overlay-color":"","overlay-opacity":"","overlay-gradient":""},"mobile":{"background-color":"","background-image":"","background-repeat":"repeat","background-position":"center center","background-size":"auto","background-attachment":"scroll","background-type":"","background-media":"","overlay-type":"","overlay-color":"","overlay-opacity":"","overlay-gradient":""}},"ast-content-background-meta":{"desktop":{"background-color":"var(--ast-global-color-5)","background-image":"","background-repeat":"repeat","background-position":"center center","background-size":"auto","background-attachment":"scroll","background-type":"","background-media":"","overlay-type":"","overlay-color":"","overlay-opacity":"","overlay-gradient":""},"tablet":{"background-color":"var(--ast-global-color-5)","background-image":"","background-repeat":"repeat","background-position":"center center","background-size":"auto","background-attachment":"scroll","background-type":"","background-media":"","overlay-type":"","overlay-color":"","overlay-opacity":"","overlay-gradient":""},"mobile":{"background-color":"var(--ast-global-color-5)","background-image":"","background-repeat":"repeat","background-position":"center center","background-size":"auto","background-attachment":"scroll","background-type":"","background-media":"","overlay-type":"","overlay-color":"","overlay-opacity":"","overlay-gradient":""}},"ep_exclude_from_search":false,"footnotes":""},"categories":[2],"tags":[],"class_list":["post-69153","post","type-post","status-publish","format-standard","has-post-thumbnail","hentry","category-acerca-de-alberto-varela"],"acf":[],"yoast_head":"<!-- This site is optimized with the Yoast SEO plugin v27.5 - https:\/\/yoast.com\/product\/yoast-seo-wordpress\/ -->\n<title>NEUE DENUNZIATION GEGEN ALBERTO VARELA VON WEITEREN 100 WISSENSCHAFTLERN. Es ist das zweite Mal, dass sich viele Experten zu einer Person \u00e4ussern. - Web Oficial de Alverto<\/title>\n<meta name=\"robots\" content=\"index, follow, max-snippet:-1, max-image-preview:large, max-video-preview:-1\" \/>\n<link rel=\"canonical\" href=\"https:\/\/www.albertojosevarela.com\/de\/neue-denunziation-gegen-alberto-varela-von-weiteren-100-wissenschaftlern-es-ist-das-zweite-mal-dass-sich-viele-experten-zu-einer-person-aeussern\/\" \/>\n<meta property=\"og:locale\" content=\"de_DE\" \/>\n<meta property=\"og:type\" content=\"article\" \/>\n<meta property=\"og:title\" content=\"NEUE DENUNZIATION GEGEN ALBERTO VARELA VON WEITEREN 100 WISSENSCHAFTLERN. Es ist das zweite Mal, dass sich viele Experten zu einer Person \u00e4ussern. - Web Oficial de Alverto\" \/>\n<meta property=\"og:description\" content=\"BRIEF DER DANKBAREN 100: EINE HOMMAGE AN DIE, DIE DURCH DIE INNERE MEISTERSCHAFT VON ALBERTO VARELA TRANSFORMIERT WURDEN. \u00dcber die entheogene Pr\u00e4senz der Seele, die alles aufs Teilen setzt. Diese 100 Wissenschaftler kommen nicht von Universit\u00e4ten oder Institutionen, die aus der Notwendigkeit heraus sprechen, eine Meinung zu \u00e4u\u00dfern, ohne selbst etwas zu wissen, sondern von [&hellip;]\" \/>\n<meta property=\"og:url\" content=\"https:\/\/www.albertojosevarela.com\/de\/neue-denunziation-gegen-alberto-varela-von-weiteren-100-wissenschaftlern-es-ist-das-zweite-mal-dass-sich-viele-experten-zu-einer-person-aeussern\/\" \/>\n<meta property=\"og:site_name\" content=\"Web Oficial de Alverto\" \/>\n<meta property=\"article:publisher\" content=\"https:\/\/www.facebook.com\/Alvertojosevarela\" \/>\n<meta property=\"article:author\" content=\"https:\/\/www.facebook.com\/Alvertojosevarela\" \/>\n<meta property=\"article:published_time\" content=\"2022-02-24T16:25:52+00:00\" \/>\n<meta property=\"article:modified_time\" content=\"2022-02-24T16:25:54+00:00\" \/>\n<meta property=\"og:image\" content=\"https:\/\/www.albertojosevarela.com\/wp-content\/uploads\/2019\/08\/carta-recomendacion.jpeg\" \/>\n\t<meta property=\"og:image:width\" content=\"800\" \/>\n\t<meta property=\"og:image:height\" content=\"533\" \/>\n\t<meta property=\"og:image:type\" content=\"image\/jpeg\" \/>\n<meta name=\"author\" content=\"Alberto Jos\u00e9 Varela\" \/>\n<meta name=\"twitter:card\" content=\"summary_large_image\" \/>\n<meta name=\"twitter:creator\" content=\"@albertoJ_varela\" \/>\n<meta name=\"twitter:site\" content=\"@albertoJ_varela\" \/>\n<script type=\"application\/ld+json\" class=\"yoast-schema-graph\">{\"@context\":\"https:\\\/\\\/schema.org\",\"@graph\":[{\"@type\":\"Article\",\"@id\":\"https:\\\/\\\/www.albertojosevarela.com\\\/de\\\/neue-denunziation-gegen-alberto-varela-von-weiteren-100-wissenschaftlern-es-ist-das-zweite-mal-dass-sich-viele-experten-zu-einer-person-aeussern\\\/#article\",\"isPartOf\":{\"@id\":\"https:\\\/\\\/www.albertojosevarela.com\\\/de\\\/neue-denunziation-gegen-alberto-varela-von-weiteren-100-wissenschaftlern-es-ist-das-zweite-mal-dass-sich-viele-experten-zu-einer-person-aeussern\\\/\"},\"author\":{\"name\":\"Alberto Jos\u00e9 Varela\",\"@id\":\"https:\\\/\\\/www.albertojosevarela.com\\\/de\\\/#\\\/schema\\\/person\\\/6197324b0e48a485e79c32ccad0064d8\"},\"headline\":\"NEUE DENUNZIATION GEGEN ALBERTO VARELA VON WEITEREN 100 WISSENSCHAFTLERN. Es ist das zweite Mal, dass sich viele Experten zu einer Person \u00e4ussern.\",\"datePublished\":\"2022-02-24T16:25:52+00:00\",\"dateModified\":\"2022-02-24T16:25:54+00:00\",\"mainEntityOfPage\":{\"@id\":\"https:\\\/\\\/www.albertojosevarela.com\\\/de\\\/neue-denunziation-gegen-alberto-varela-von-weiteren-100-wissenschaftlern-es-ist-das-zweite-mal-dass-sich-viele-experten-zu-einer-person-aeussern\\\/\"},\"wordCount\":129,\"publisher\":{\"@id\":\"https:\\\/\\\/www.albertojosevarela.com\\\/de\\\/#\\\/schema\\\/person\\\/6197324b0e48a485e79c32ccad0064d8\"},\"image\":{\"@id\":\"https:\\\/\\\/www.albertojosevarela.com\\\/de\\\/neue-denunziation-gegen-alberto-varela-von-weiteren-100-wissenschaftlern-es-ist-das-zweite-mal-dass-sich-viele-experten-zu-einer-person-aeussern\\\/#primaryimage\"},\"thumbnailUrl\":\"https:\\\/\\\/www.albertojosevarela.com\\\/wp-content\\\/uploads\\\/2019\\\/08\\\/carta-recomendacion.jpeg\",\"articleSection\":[\"Acerca de Alberto Varela\"],\"inLanguage\":\"de\"},{\"@type\":\"WebPage\",\"@id\":\"https:\\\/\\\/www.albertojosevarela.com\\\/de\\\/neue-denunziation-gegen-alberto-varela-von-weiteren-100-wissenschaftlern-es-ist-das-zweite-mal-dass-sich-viele-experten-zu-einer-person-aeussern\\\/\",\"url\":\"https:\\\/\\\/www.albertojosevarela.com\\\/de\\\/neue-denunziation-gegen-alberto-varela-von-weiteren-100-wissenschaftlern-es-ist-das-zweite-mal-dass-sich-viele-experten-zu-einer-person-aeussern\\\/\",\"name\":\"NEUE DENUNZIATION GEGEN ALBERTO VARELA VON WEITEREN 100 WISSENSCHAFTLERN. Es ist das zweite Mal, dass sich viele Experten zu einer Person \u00e4ussern. - Web Oficial de Alverto\",\"isPartOf\":{\"@id\":\"https:\\\/\\\/www.albertojosevarela.com\\\/de\\\/#website\"},\"primaryImageOfPage\":{\"@id\":\"https:\\\/\\\/www.albertojosevarela.com\\\/de\\\/neue-denunziation-gegen-alberto-varela-von-weiteren-100-wissenschaftlern-es-ist-das-zweite-mal-dass-sich-viele-experten-zu-einer-person-aeussern\\\/#primaryimage\"},\"image\":{\"@id\":\"https:\\\/\\\/www.albertojosevarela.com\\\/de\\\/neue-denunziation-gegen-alberto-varela-von-weiteren-100-wissenschaftlern-es-ist-das-zweite-mal-dass-sich-viele-experten-zu-einer-person-aeussern\\\/#primaryimage\"},\"thumbnailUrl\":\"https:\\\/\\\/www.albertojosevarela.com\\\/wp-content\\\/uploads\\\/2019\\\/08\\\/carta-recomendacion.jpeg\",\"datePublished\":\"2022-02-24T16:25:52+00:00\",\"dateModified\":\"2022-02-24T16:25:54+00:00\",\"breadcrumb\":{\"@id\":\"https:\\\/\\\/www.albertojosevarela.com\\\/de\\\/neue-denunziation-gegen-alberto-varela-von-weiteren-100-wissenschaftlern-es-ist-das-zweite-mal-dass-sich-viele-experten-zu-einer-person-aeussern\\\/#breadcrumb\"},\"inLanguage\":\"de\",\"potentialAction\":[{\"@type\":\"ReadAction\",\"target\":[\"https:\\\/\\\/www.albertojosevarela.com\\\/de\\\/neue-denunziation-gegen-alberto-varela-von-weiteren-100-wissenschaftlern-es-ist-das-zweite-mal-dass-sich-viele-experten-zu-einer-person-aeussern\\\/\"]}]},{\"@type\":\"ImageObject\",\"inLanguage\":\"de\",\"@id\":\"https:\\\/\\\/www.albertojosevarela.com\\\/de\\\/neue-denunziation-gegen-alberto-varela-von-weiteren-100-wissenschaftlern-es-ist-das-zweite-mal-dass-sich-viele-experten-zu-einer-person-aeussern\\\/#primaryimage\",\"url\":\"https:\\\/\\\/www.albertojosevarela.com\\\/wp-content\\\/uploads\\\/2019\\\/08\\\/carta-recomendacion.jpeg\",\"contentUrl\":\"https:\\\/\\\/www.albertojosevarela.com\\\/wp-content\\\/uploads\\\/2019\\\/08\\\/carta-recomendacion.jpeg\",\"width\":800,\"height\":533},{\"@type\":\"BreadcrumbList\",\"@id\":\"https:\\\/\\\/www.albertojosevarela.com\\\/de\\\/neue-denunziation-gegen-alberto-varela-von-weiteren-100-wissenschaftlern-es-ist-das-zweite-mal-dass-sich-viele-experten-zu-einer-person-aeussern\\\/#breadcrumb\",\"itemListElement\":[{\"@type\":\"ListItem\",\"position\":1,\"name\":\"Inicio\",\"item\":\"https:\\\/\\\/www.albertojosevarela.com\\\/de\\\/\"},{\"@type\":\"ListItem\",\"position\":2,\"name\":\"Acerca de Alberto Varela\",\"item\":\"https:\\\/\\\/www.albertojosevarela.com\\\/de\\\/category\\\/acerca-de-alberto-varela-de\\\/\"},{\"@type\":\"ListItem\",\"position\":3,\"name\":\"NEUE DENUNZIATION GEGEN ALBERTO VARELA VON WEITEREN 100 WISSENSCHAFTLERN. Es ist das zweite Mal, dass sich viele Experten zu einer Person \u00e4ussern.\"}]},{\"@type\":\"WebSite\",\"@id\":\"https:\\\/\\\/www.albertojosevarela.com\\\/de\\\/#website\",\"url\":\"https:\\\/\\\/www.albertojosevarela.com\\\/de\\\/\",\"name\":\"Web Oficial de Alberto Jos\u00e9 Varela\",\"description\":\"El ser humano evoluciona cuando se mira adentro\",\"publisher\":{\"@id\":\"https:\\\/\\\/www.albertojosevarela.com\\\/de\\\/#\\\/schema\\\/person\\\/6197324b0e48a485e79c32ccad0064d8\"},\"potentialAction\":[{\"@type\":\"SearchAction\",\"target\":{\"@type\":\"EntryPoint\",\"urlTemplate\":\"https:\\\/\\\/www.albertojosevarela.com\\\/de\\\/?s={search_term_string}\"},\"query-input\":{\"@type\":\"PropertyValueSpecification\",\"valueRequired\":true,\"valueName\":\"search_term_string\"}}],\"inLanguage\":\"de\"},{\"@type\":[\"Person\",\"Organization\"],\"@id\":\"https:\\\/\\\/www.albertojosevarela.com\\\/de\\\/#\\\/schema\\\/person\\\/6197324b0e48a485e79c32ccad0064d8\",\"name\":\"Alberto Jos\u00e9 Varela\",\"image\":{\"@type\":\"ImageObject\",\"inLanguage\":\"de\",\"@id\":\"https:\\\/\\\/www.albertojosevarela.com\\\/wp-content\\\/uploads\\\/2020\\\/11\\\/alberto-varela.jpeg\",\"url\":\"https:\\\/\\\/www.albertojosevarela.com\\\/wp-content\\\/uploads\\\/2020\\\/11\\\/alberto-varela.jpeg\",\"contentUrl\":\"https:\\\/\\\/www.albertojosevarela.com\\\/wp-content\\\/uploads\\\/2020\\\/11\\\/alberto-varela.jpeg\",\"width\":682,\"height\":864,\"caption\":\"Alberto Jos\u00e9 Varela\"},\"logo\":{\"@id\":\"https:\\\/\\\/www.albertojosevarela.com\\\/wp-content\\\/uploads\\\/2020\\\/11\\\/alberto-varela.jpeg\"},\"description\":\"Fundador de empresas y organizaciones; creador de t\u00e9cnicas, m\u00e9todos y escuelas; autor de varios libros. Estudiante autodidacta, investigador y conferencista internacional, con una experiencia de m\u00e1s de 40 a\u00f1os en la gesti\u00f3n organizacional y los RRHH. Actualmente crece su influencia en el \u00e1mbito motivacional, terap\u00e9utico y espiritual a ra\u00edz del mensaje evolutivo que transmite.\",\"sameAs\":[\"https:\\\/\\\/www.facebook.com\\\/Alvertojosevarela\",\"https:\\\/\\\/www.instagram.com\\\/albertojose.varela\\\/\",\"https:\\\/\\\/www.linkedin.com\\\/in\\\/alverto-varela\\\/\",\"https:\\\/\\\/x.com\\\/albertoJ_varela\",\"https:\\\/\\\/www.youtube.com\\\/c\\\/AlvertoVarela\"]}]}<\/script>\n<!-- \/ Yoast SEO plugin. -->","yoast_head_json":{"title":"NEUE DENUNZIATION GEGEN ALBERTO VARELA VON WEITEREN 100 WISSENSCHAFTLERN. Es ist das zweite Mal, dass sich viele Experten zu einer Person \u00e4ussern. - Web Oficial de Alverto","robots":{"index":"index","follow":"follow","max-snippet":"max-snippet:-1","max-image-preview":"max-image-preview:large","max-video-preview":"max-video-preview:-1"},"canonical":"https:\/\/www.albertojosevarela.com\/de\/neue-denunziation-gegen-alberto-varela-von-weiteren-100-wissenschaftlern-es-ist-das-zweite-mal-dass-sich-viele-experten-zu-einer-person-aeussern\/","og_locale":"de_DE","og_type":"article","og_title":"NEUE DENUNZIATION GEGEN ALBERTO VARELA VON WEITEREN 100 WISSENSCHAFTLERN. Es ist das zweite Mal, dass sich viele Experten zu einer Person \u00e4ussern. - Web Oficial de Alverto","og_description":"BRIEF DER DANKBAREN 100: EINE HOMMAGE AN DIE, DIE DURCH DIE INNERE MEISTERSCHAFT VON ALBERTO VARELA TRANSFORMIERT WURDEN. \u00dcber die entheogene Pr\u00e4senz der Seele, die alles aufs Teilen setzt. Diese 100 Wissenschaftler kommen nicht von Universit\u00e4ten oder Institutionen, die aus der Notwendigkeit heraus sprechen, eine Meinung zu \u00e4u\u00dfern, ohne selbst etwas zu wissen, sondern von [&hellip;]","og_url":"https:\/\/www.albertojosevarela.com\/de\/neue-denunziation-gegen-alberto-varela-von-weiteren-100-wissenschaftlern-es-ist-das-zweite-mal-dass-sich-viele-experten-zu-einer-person-aeussern\/","og_site_name":"Web Oficial de Alverto","article_publisher":"https:\/\/www.facebook.com\/Alvertojosevarela","article_author":"https:\/\/www.facebook.com\/Alvertojosevarela","article_published_time":"2022-02-24T16:25:52+00:00","article_modified_time":"2022-02-24T16:25:54+00:00","og_image":[{"width":800,"height":533,"url":"https:\/\/www.albertojosevarela.com\/wp-content\/uploads\/2019\/08\/carta-recomendacion.jpeg","type":"image\/jpeg"}],"author":"Alberto Jos\u00e9 Varela","twitter_card":"summary_large_image","twitter_creator":"@albertoJ_varela","twitter_site":"@albertoJ_varela","schema":{"@context":"https:\/\/schema.org","@graph":[{"@type":"Article","@id":"https:\/\/www.albertojosevarela.com\/de\/neue-denunziation-gegen-alberto-varela-von-weiteren-100-wissenschaftlern-es-ist-das-zweite-mal-dass-sich-viele-experten-zu-einer-person-aeussern\/#article","isPartOf":{"@id":"https:\/\/www.albertojosevarela.com\/de\/neue-denunziation-gegen-alberto-varela-von-weiteren-100-wissenschaftlern-es-ist-das-zweite-mal-dass-sich-viele-experten-zu-einer-person-aeussern\/"},"author":{"name":"Alberto Jos\u00e9 Varela","@id":"https:\/\/www.albertojosevarela.com\/de\/#\/schema\/person\/6197324b0e48a485e79c32ccad0064d8"},"headline":"NEUE DENUNZIATION GEGEN ALBERTO VARELA VON WEITEREN 100 WISSENSCHAFTLERN. Es ist das zweite Mal, dass sich viele Experten zu einer Person \u00e4ussern.","datePublished":"2022-02-24T16:25:52+00:00","dateModified":"2022-02-24T16:25:54+00:00","mainEntityOfPage":{"@id":"https:\/\/www.albertojosevarela.com\/de\/neue-denunziation-gegen-alberto-varela-von-weiteren-100-wissenschaftlern-es-ist-das-zweite-mal-dass-sich-viele-experten-zu-einer-person-aeussern\/"},"wordCount":129,"publisher":{"@id":"https:\/\/www.albertojosevarela.com\/de\/#\/schema\/person\/6197324b0e48a485e79c32ccad0064d8"},"image":{"@id":"https:\/\/www.albertojosevarela.com\/de\/neue-denunziation-gegen-alberto-varela-von-weiteren-100-wissenschaftlern-es-ist-das-zweite-mal-dass-sich-viele-experten-zu-einer-person-aeussern\/#primaryimage"},"thumbnailUrl":"https:\/\/www.albertojosevarela.com\/wp-content\/uploads\/2019\/08\/carta-recomendacion.jpeg","articleSection":["Acerca de Alberto Varela"],"inLanguage":"de"},{"@type":"WebPage","@id":"https:\/\/www.albertojosevarela.com\/de\/neue-denunziation-gegen-alberto-varela-von-weiteren-100-wissenschaftlern-es-ist-das-zweite-mal-dass-sich-viele-experten-zu-einer-person-aeussern\/","url":"https:\/\/www.albertojosevarela.com\/de\/neue-denunziation-gegen-alberto-varela-von-weiteren-100-wissenschaftlern-es-ist-das-zweite-mal-dass-sich-viele-experten-zu-einer-person-aeussern\/","name":"NEUE DENUNZIATION GEGEN ALBERTO VARELA VON WEITEREN 100 WISSENSCHAFTLERN. Es ist das zweite Mal, dass sich viele Experten zu einer Person \u00e4ussern. - Web Oficial de Alverto","isPartOf":{"@id":"https:\/\/www.albertojosevarela.com\/de\/#website"},"primaryImageOfPage":{"@id":"https:\/\/www.albertojosevarela.com\/de\/neue-denunziation-gegen-alberto-varela-von-weiteren-100-wissenschaftlern-es-ist-das-zweite-mal-dass-sich-viele-experten-zu-einer-person-aeussern\/#primaryimage"},"image":{"@id":"https:\/\/www.albertojosevarela.com\/de\/neue-denunziation-gegen-alberto-varela-von-weiteren-100-wissenschaftlern-es-ist-das-zweite-mal-dass-sich-viele-experten-zu-einer-person-aeussern\/#primaryimage"},"thumbnailUrl":"https:\/\/www.albertojosevarela.com\/wp-content\/uploads\/2019\/08\/carta-recomendacion.jpeg","datePublished":"2022-02-24T16:25:52+00:00","dateModified":"2022-02-24T16:25:54+00:00","breadcrumb":{"@id":"https:\/\/www.albertojosevarela.com\/de\/neue-denunziation-gegen-alberto-varela-von-weiteren-100-wissenschaftlern-es-ist-das-zweite-mal-dass-sich-viele-experten-zu-einer-person-aeussern\/#breadcrumb"},"inLanguage":"de","potentialAction":[{"@type":"ReadAction","target":["https:\/\/www.albertojosevarela.com\/de\/neue-denunziation-gegen-alberto-varela-von-weiteren-100-wissenschaftlern-es-ist-das-zweite-mal-dass-sich-viele-experten-zu-einer-person-aeussern\/"]}]},{"@type":"ImageObject","inLanguage":"de","@id":"https:\/\/www.albertojosevarela.com\/de\/neue-denunziation-gegen-alberto-varela-von-weiteren-100-wissenschaftlern-es-ist-das-zweite-mal-dass-sich-viele-experten-zu-einer-person-aeussern\/#primaryimage","url":"https:\/\/www.albertojosevarela.com\/wp-content\/uploads\/2019\/08\/carta-recomendacion.jpeg","contentUrl":"https:\/\/www.albertojosevarela.com\/wp-content\/uploads\/2019\/08\/carta-recomendacion.jpeg","width":800,"height":533},{"@type":"BreadcrumbList","@id":"https:\/\/www.albertojosevarela.com\/de\/neue-denunziation-gegen-alberto-varela-von-weiteren-100-wissenschaftlern-es-ist-das-zweite-mal-dass-sich-viele-experten-zu-einer-person-aeussern\/#breadcrumb","itemListElement":[{"@type":"ListItem","position":1,"name":"Inicio","item":"https:\/\/www.albertojosevarela.com\/de\/"},{"@type":"ListItem","position":2,"name":"Acerca de Alberto Varela","item":"https:\/\/www.albertojosevarela.com\/de\/category\/acerca-de-alberto-varela-de\/"},{"@type":"ListItem","position":3,"name":"NEUE DENUNZIATION GEGEN ALBERTO VARELA VON WEITEREN 100 WISSENSCHAFTLERN. Es ist das zweite Mal, dass sich viele Experten zu einer Person \u00e4ussern."}]},{"@type":"WebSite","@id":"https:\/\/www.albertojosevarela.com\/de\/#website","url":"https:\/\/www.albertojosevarela.com\/de\/","name":"Web Oficial de Alberto Jos\u00e9 Varela","description":"El ser humano evoluciona cuando se mira adentro","publisher":{"@id":"https:\/\/www.albertojosevarela.com\/de\/#\/schema\/person\/6197324b0e48a485e79c32ccad0064d8"},"potentialAction":[{"@type":"SearchAction","target":{"@type":"EntryPoint","urlTemplate":"https:\/\/www.albertojosevarela.com\/de\/?s={search_term_string}"},"query-input":{"@type":"PropertyValueSpecification","valueRequired":true,"valueName":"search_term_string"}}],"inLanguage":"de"},{"@type":["Person","Organization"],"@id":"https:\/\/www.albertojosevarela.com\/de\/#\/schema\/person\/6197324b0e48a485e79c32ccad0064d8","name":"Alberto Jos\u00e9 Varela","image":{"@type":"ImageObject","inLanguage":"de","@id":"https:\/\/www.albertojosevarela.com\/wp-content\/uploads\/2020\/11\/alberto-varela.jpeg","url":"https:\/\/www.albertojosevarela.com\/wp-content\/uploads\/2020\/11\/alberto-varela.jpeg","contentUrl":"https:\/\/www.albertojosevarela.com\/wp-content\/uploads\/2020\/11\/alberto-varela.jpeg","width":682,"height":864,"caption":"Alberto Jos\u00e9 Varela"},"logo":{"@id":"https:\/\/www.albertojosevarela.com\/wp-content\/uploads\/2020\/11\/alberto-varela.jpeg"},"description":"Fundador de empresas y organizaciones; creador de t\u00e9cnicas, m\u00e9todos y escuelas; autor de varios libros. Estudiante autodidacta, investigador y conferencista internacional, con una experiencia de m\u00e1s de 40 a\u00f1os en la gesti\u00f3n organizacional y los RRHH. Actualmente crece su influencia en el \u00e1mbito motivacional, terap\u00e9utico y espiritual a ra\u00edz del mensaje evolutivo que transmite.","sameAs":["https:\/\/www.facebook.com\/Alvertojosevarela","https:\/\/www.instagram.com\/albertojose.varela\/","https:\/\/www.linkedin.com\/in\/alverto-varela\/","https:\/\/x.com\/albertoJ_varela","https:\/\/www.youtube.com\/c\/AlvertoVarela"]}]}},"jetpack_featured_media_url":"https:\/\/www.albertojosevarela.com\/wp-content\/uploads\/2019\/08\/carta-recomendacion.jpeg","_links":{"self":[{"href":"https:\/\/www.albertojosevarela.com\/de\/wp-json\/wp\/v2\/posts\/69153","targetHints":{"allow":["GET"]}}],"collection":[{"href":"https:\/\/www.albertojosevarela.com\/de\/wp-json\/wp\/v2\/posts"}],"about":[{"href":"https:\/\/www.albertojosevarela.com\/de\/wp-json\/wp\/v2\/types\/post"}],"author":[{"embeddable":true,"href":"https:\/\/www.albertojosevarela.com\/de\/wp-json\/wp\/v2\/users\/9"}],"replies":[{"embeddable":true,"href":"https:\/\/www.albertojosevarela.com\/de\/wp-json\/wp\/v2\/comments?post=69153"}],"version-history":[{"count":0,"href":"https:\/\/www.albertojosevarela.com\/de\/wp-json\/wp\/v2\/posts\/69153\/revisions"}],"wp:featuredmedia":[{"embeddable":true,"href":"https:\/\/www.albertojosevarela.com\/de\/wp-json\/wp\/v2\/media\/68966"}],"wp:attachment":[{"href":"https:\/\/www.albertojosevarela.com\/de\/wp-json\/wp\/v2\/media?parent=69153"}],"wp:term":[{"taxonomy":"category","embeddable":true,"href":"https:\/\/www.albertojosevarela.com\/de\/wp-json\/wp\/v2\/categories?post=69153"},{"taxonomy":"post_tag","embeddable":true,"href":"https:\/\/www.albertojosevarela.com\/de\/wp-json\/wp\/v2\/tags?post=69153"}],"curies":[{"name":"wp","href":"https:\/\/api.w.org\/{rel}","templated":true}]}}