{"id":47139,"date":"2021-05-12T15:35:00","date_gmt":"2021-05-12T13:35:00","guid":{"rendered":"https:\/\/www.albertojosevarela.com\/wpml\/short-comments-that-speak-very-clearly-of-the-process-we-propose-about-ayahuasca-bufo-alvarius-the-psychotherapeutic-integration-and-the-facilitators-of-our-organisation\/"},"modified":"2021-05-12T15:35:00","modified_gmt":"2021-05-12T13:35:00","slug":"short-comments-that-speak-very-clearly-of-the-process-we-propose-about-ayahuasca-bufo-alvarius-the-psychotherapeutic-integration-and-the-facilitators-of-our-organisation","status":"publish","type":"post","link":"https:\/\/www.albertojosevarela.com\/en\/short-comments-that-speak-very-clearly-of-the-process-we-propose-about-ayahuasca-bufo-alvarius-the-psychotherapeutic-integration-and-the-facilitators-of-our-organisation\/","title":{"rendered":"SHORT COMMENTS THAT SPEAK VERY CLEARLY OF THE PROCESS WE PROPOSE About Ayahuasca, Bufo Alvarius, the psychotherapeutic integration and the facilitators of our organisation."},"content":{"rendered":"<h1><span style=\"color: #ff6600;\"><strong>THANKS TO THE MANY PARTICIPANTS THAT WRITE US&#8230;<\/strong><\/span><\/h1>\n<h2><em><strong>Whether it is to compliment, thank, or tell us how they are or encourage us to continue<\/strong> <\/em><\/h2>\n<p>I did the first Ayahuasca International retreat with Eliel and Ennio. After the retreat I have told them how much I appreciated their tremendous therapeutic capacity and quality, even though they are so young. The second retreat I did with Victor and Ingrid and again nothing but compliments for the accompaniment and the integration process. This young capacity and integrity gives me so much hope for the future! Congratulations also to a school that achieves the graduation of such high quality professionals!<\/p>\n<p><em><strong>Lieve<\/strong><\/em><\/p>\n<p>&nbsp;<\/p>\n<p>Hi Alberto, I am PEDRO ANDR\u00c9S MU\u00d1OZ, firstly I would like to thank you for what you have brought to my life, people say many things about you&#8230; that you are not authorised, that you are not a shaman, etc., to which I reply the same&#8230; if it had not been for this man I would not have known this, therefore I can only say THANK YOU, and from my heart I tell you THANK YOU VERY MUCH, I had over 12 years smoking marihuana and I could not stop, I did two Ayahuasca retreats and two toad intakes and I have over 3 months without smoking (I am loving it) and also I see a totally different life to what I saw before.<\/p>\n<p>A hug and thank you very much for everything<\/p>\n<p><em><strong>Pedro<\/strong><\/em><\/p>\n<p>&nbsp;<\/p>\n<p>Hi Alberto, I am Isabel, I attended the Bufo Alvarius and Ayahuasca retreat the 17\/18 of this month in Marbella, I have a long trajectory of training in natural therapies and personal growth, which has helped me to be evolving and healing and accepting the situations in my life, and become conscious of the beliefs that limited me. For me your retreat was very revealing on all levels, I very much liked the way you work, starting with respect and letting each participant get involved in his\/her own process, knowing that if at any time support was needed, there was someone to go to, I had already had two ayahuasca experiences (in another centre) and they were also very healing experiences. The very day I left that afternoon it was clear to me that I wanted to be part of your team, what fulfils me is to work with people, because in a personal way it is what I have been doing with my therapies, facilitating self-knowledge and accompanying people to keep growing and become conscious of their blockages to be able to heal them and keep advancing.<\/p>\n<p><em><strong>Isabel<\/strong><\/em><\/p>\n<p>&nbsp;<\/p>\n<p>I am rejoiced and excited about finding you, in this path with no end, a path, where I am constantly finding what I like and dislike, realising now, that what I really care about is not whether I like it or not, but the consciousness that emerges in every moment, increasingly, in any moment, when I least expect it. I have finally given permission to this mystery called LIFE, to take me wherever it wants. When I see you, I realise I am on the right path and the right path has nothing to do with comfort, but it is a path full of LIFE, full of adventure, full of LOVE. Since I started in June in Barcelona, until today, already in school, every time I go home, it is like going into the operating room, going out of it, and going immediately into the laboratory, where I can observe who I really am, how the beliefs die right there, sometimes I do not realise, but it does not matter, because I know I am healing. When I leave home, I realise I am still entering and exiting the operating room and the laboratory is inside me, I feel more confidence, I no longer have a fear of \u201cdying\u201d. Apart from viewing ayahuasca as a tool for evolution, I know see her as a path companion, I no longer need her, along with the need to reach somewhere, I surrendered to her, I feel her energy, her wisdom full of silence and love. There is a before and after with ayahuasca. I will always consult her, I want to keep learning, it is time for less theories and more practice, she teaches me the practice so I can later transcend what causes me pain every day, making me responsible of my life without blaming anyone. Thank you Alberto, and all the people that work every day in accompanying people to achieve consciousness, and also to all the participants, who have the courage to jump into the void and find what they desire the most.<\/p>\n<p>HEARTFELT THANKS FOT THE OPPORTUNITY OF LIVING THIS EXPERIENCE.<\/p>\n<p><em><strong>Carlos Chito<\/strong><\/em><\/p>\n<p>&nbsp;<\/p>\n<p>If you want to participate in out retreats or formative cycles write to:<\/p>\n<p><a href=\"mailto:retiros@innermastery.es\">retiros@innermastery.es<\/a><\/p>\n<p><a href=\"mailto:escuela@innermastery.es\">escuela@innermastery.es<\/a><\/p>\n<p>&nbsp;<\/p>\n<p><strong>Ayahuasca International holds Inner Evolution retreats with therapeutic use of Ayahuasca in several countries in Europe. Click the links for specific information on each retreat.<\/strong><\/p>\n<p>Berlin, <strong><a href=\"https:\/\/www.albertojosevarela.com\/en\/lp\/berlin-5\/\">March 9 to 12<\/a><\/strong><\/p>\n<p>Eindhoven, Netherlands <strong><a href=\"https:\/\/www.albertojosevarela.com\/en\/lp\/eindhoven-launch-retreat\/\">March 9 to 20<\/a><\/strong><\/p>\n<p>Marbella,<strong> <a href=\"https:\/\/www.albertojosevarela.com\/en\/lp\/marbella-en-integrativo-4\/\">March 15 to 19<\/a><\/strong><\/p>\n<p>Cologne, <a href=\"https:\/\/www.albertojosevarela.com\/en\/lp\/cologne-2\/\"><strong>March 16 to 19<\/strong><\/a><\/p>\n<p>Switzerland, <strong><a href=\"https:\/\/www.albertojosevarela.com\/en\/lp\/switzerland-4\/\">March 16 to 19<\/a><\/strong><\/p>\n<p>Vienna, <strong><a href=\"https:\/\/www.albertojosevarela.com\/en\/lp\/vienna-2\/\">March 16 to 19<\/a><\/strong><\/p>\n<p>Tenerife, <a href=\"https:\/\/www.albertojosevarela.com\/en\/lp\/tenerife-en-4\/\"><strong>March 16 to 19<\/strong><\/a><\/p>\n<p>Barcelona, <a href=\"https:\/\/www.albertojosevarela.com\/en\/lp\/barcelona-en-integrativo-3\/\"><strong>March 22 to 26<\/strong><\/a><\/p>\n<p>Berlin, <a href=\"https:\/\/www.albertojosevarela.com\/en\/lp\/berlin-6\/\"><strong>March 23 to 26<\/strong><\/a><\/p>\n<p>Mallorca, <a href=\"https:\/\/www.albertojosevarela.com\/en\/lp\/mallorca-en-integrativo-2\/\"><strong>March 23 to 26<\/strong><\/a><\/p>\n<p>Madrid, <strong><a href=\"https:\/\/www.albertojosevarela.com\/en\/lp\/madrid-uk-integrativo-3\/\">March 23 to 27<\/a><\/strong><\/p>\n<p>Marbella, <strong><a href=\"https:\/\/www.albertojosevarela.com\/en\/lp\/marbella-en-integrativo-5\/\">March 29 to April 2<\/a><\/strong><\/p>\n<p>Munich, <a href=\"https:\/\/www.albertojosevarela.com\/en\/lp\/munich-3\/\"><strong>March 30 to April 2<\/strong><\/a><\/p>\n<p>Salzburg, <a href=\"https:\/\/www.albertojosevarela.com\/en\/lp\/salzburg-3\/\"><strong>March 30 to April 2<\/strong><\/a><\/p>\n<p>Sweden, <a href=\"https:\/\/www.albertojosevarela.com\/en\/lp\/sweden-3\/\"><strong>March 30 to April 2<\/strong><\/a><\/p>\n<p>Hanover, <a href=\"https:\/\/www.albertojosevarela.com\/en\/lp\/hanover-4\/\"><strong>April 6 to 9<\/strong><\/a><\/p>\n<p>Estonia, <a href=\"https:\/\/www.albertojosevarela.com\/en\/lp\/estonia-1\/\"><strong>April 6 to 9<\/strong><\/a><\/p>\n<p>Switzerland, <a href=\"https:\/\/www.albertojosevarela.com\/en\/lp\/switzerland-5\/\"><strong>April 6 to 9<\/strong><\/a><\/p>\n<p>&nbsp;<\/p>\n<p><strong><a href=\"https:\/\/www.albertojosevarela.com\/en\/lp\/english-retreats\/\">Click here<\/a>\u00a0for a complete listing of\u00a0 information of all the\u00a0<a href=\"https:\/\/www.albertojosevarela.com\/en\/lp\/english-retreats\/\">2017\u00a0<\/a><a href=\"https:\/\/www.albertojosevarela.com\/en\/lp\/english-retreats\/\" target=\"_blank\" rel=\"noopener\">Ayahuasca International Retreats\u00a0Calendar<\/a>. It includes subsequent links to information, prices and booking procedure for each retreat.<\/strong><\/p>\n<p><strong>For bookings or to request any further information\u00a0call to\u00a0+49 (0) 171 987 6655\u00a0(also available by whatsapp)\u00a0or write to\u00a0<a href=\"mailto:english@innermastery.es\" target=\"_blank\" rel=\"noopener\">english@innermastery.es\u00a0<\/a><\/strong><\/p>\n","protected":false},"excerpt":{"rendered":"<p>THANKS TO THE MANY PARTICIPANTS THAT WRITE US&#8230; Whether it is to compliment, thank, or tell us how they are or encourage us to continue I did the first Ayahuasca International retreat with Eliel and Ennio. After the retreat I have told them how much I appreciated their tremendous therapeutic capacity and quality, even though [&hellip;]<\/p>\n","protected":false},"author":9,"featured_media":0,"comment_status":"closed","ping_status":"closed","sticky":false,"template":"elementor_header_footer","format":"standard","meta":{"_acf_changed":false,"site-sidebar-layout":"default","site-content-layout":"","ast-site-content-layout":"default","site-content-style":"default","site-sidebar-style":"default","ast-global-header-display":"","ast-banner-title-visibility":"","ast-main-header-display":"","ast-hfb-above-header-display":"","ast-hfb-below-header-display":"","ast-hfb-mobile-header-display":"","site-post-title":"","ast-breadcrumbs-content":"","ast-featured-img":"","footer-sml-layout":"","theme-transparent-header-meta":"","adv-header-id-meta":"","stick-header-meta":"","header-above-stick-meta":"","header-main-stick-meta":"","header-below-stick-meta":"","astra-migrate-meta-layouts":"default","ast-page-background-enabled":"default","ast-page-background-meta":{"desktop":{"background-color":"","background-image":"","background-repeat":"repeat","background-position":"center center","background-size":"auto","background-attachment":"scroll","background-type":"","background-media":"","overlay-type":"","overlay-color":"","overlay-opacity":"","overlay-gradient":""},"tablet":{"background-color":"","background-image":"","background-repeat":"repeat","background-position":"center center","background-size":"auto","background-attachment":"scroll","background-type":"","background-media":"","overlay-type":"","overlay-color":"","overlay-opacity":"","overlay-gradient":""},"mobile":{"background-color":"","background-image":"","background-repeat":"repeat","background-position":"center center","background-size":"auto","background-attachment":"scroll","background-type":"","background-media":"","overlay-type":"","overlay-color":"","overlay-opacity":"","overlay-gradient":""}},"ast-content-background-meta":{"desktop":{"background-color":"var(--ast-global-color-5)","background-image":"","background-repeat":"repeat","background-position":"center center","background-size":"auto","background-attachment":"scroll","background-type":"","background-media":"","overlay-type":"","overlay-color":"","overlay-opacity":"","overlay-gradient":""},"tablet":{"background-color":"var(--ast-global-color-5)","background-image":"","background-repeat":"repeat","background-position":"center center","background-size":"auto","background-attachment":"scroll","background-type":"","background-media":"","overlay-type":"","overlay-color":"","overlay-opacity":"","overlay-gradient":""},"mobile":{"background-color":"var(--ast-global-color-5)","background-image":"","background-repeat":"repeat","background-position":"center center","background-size":"auto","background-attachment":"scroll","background-type":"","background-media":"","overlay-type":"","overlay-color":"","overlay-opacity":"","overlay-gradient":""}},"ep_exclude_from_search":false,"footnotes":""},"categories":[678],"tags":[],"class_list":["post-47139","post","type-post","status-publish","format-standard","hentry","category-featured"],"acf":[],"yoast_head":"<!-- This site is optimized with the Yoast SEO plugin v27.4 - https:\/\/yoast.com\/product\/yoast-seo-wordpress\/ -->\n<title>SHORT COMMENTS THAT SPEAK VERY CLEARLY OF THE PROCESS WE PROPOSE About Ayahuasca, Bufo Alvarius, the psychotherapeutic integration and the facilitators of our organisation. - Web Oficial de Alverto<\/title>\n<meta name=\"robots\" content=\"index, follow, max-snippet:-1, max-image-preview:large, max-video-preview:-1\" \/>\n<link rel=\"canonical\" href=\"https:\/\/www.albertojosevarela.com\/en\/short-comments-that-speak-very-clearly-of-the-process-we-propose-about-ayahuasca-bufo-alvarius-the-psychotherapeutic-integration-and-the-facilitators-of-our-organisation\/\" \/>\n<meta property=\"og:locale\" content=\"en_US\" \/>\n<meta property=\"og:type\" content=\"article\" \/>\n<meta property=\"og:title\" content=\"SHORT COMMENTS THAT SPEAK VERY CLEARLY OF THE PROCESS WE PROPOSE About Ayahuasca, Bufo Alvarius, the psychotherapeutic integration and the facilitators of our organisation. - Web Oficial de Alverto\" \/>\n<meta property=\"og:description\" content=\"THANKS TO THE MANY PARTICIPANTS THAT WRITE US&#8230; Whether it is to compliment, thank, or tell us how they are or encourage us to continue I did the first Ayahuasca International retreat with Eliel and Ennio. After the retreat I have told them how much I appreciated their tremendous therapeutic capacity and quality, even though [&hellip;]\" \/>\n<meta property=\"og:url\" content=\"https:\/\/www.albertojosevarela.com\/en\/short-comments-that-speak-very-clearly-of-the-process-we-propose-about-ayahuasca-bufo-alvarius-the-psychotherapeutic-integration-and-the-facilitators-of-our-organisation\/\" \/>\n<meta property=\"og:site_name\" content=\"Web Oficial de Alverto\" \/>\n<meta property=\"article:publisher\" content=\"https:\/\/www.facebook.com\/Alvertojosevarela\" \/>\n<meta property=\"article:author\" content=\"https:\/\/www.facebook.com\/Alvertojosevarela\" \/>\n<meta property=\"article:published_time\" content=\"2021-05-12T13:35:00+00:00\" \/>\n<meta name=\"author\" content=\"Alberto Jos\u00e9 Varela\" \/>\n<meta name=\"twitter:card\" content=\"summary_large_image\" \/>\n<meta name=\"twitter:creator\" content=\"@albertoJ_varela\" \/>\n<meta name=\"twitter:site\" content=\"@albertoJ_varela\" \/>\n<script type=\"application\/ld+json\" class=\"yoast-schema-graph\">{\"@context\":\"https:\\\/\\\/schema.org\",\"@graph\":[{\"@type\":\"Article\",\"@id\":\"https:\\\/\\\/www.albertojosevarela.com\\\/en\\\/short-comments-that-speak-very-clearly-of-the-process-we-propose-about-ayahuasca-bufo-alvarius-the-psychotherapeutic-integration-and-the-facilitators-of-our-organisation\\\/#article\",\"isPartOf\":{\"@id\":\"https:\\\/\\\/www.albertojosevarela.com\\\/en\\\/short-comments-that-speak-very-clearly-of-the-process-we-propose-about-ayahuasca-bufo-alvarius-the-psychotherapeutic-integration-and-the-facilitators-of-our-organisation\\\/\"},\"author\":{\"name\":\"Alberto Jos\u00e9 Varela\",\"@id\":\"https:\\\/\\\/www.albertojosevarela.com\\\/en\\\/#\\\/schema\\\/person\\\/6197324b0e48a485e79c32ccad0064d8\"},\"headline\":\"SHORT COMMENTS THAT SPEAK VERY CLEARLY OF THE PROCESS WE PROPOSE About Ayahuasca, Bufo Alvarius, the psychotherapeutic integration and the facilitators of our organisation.\",\"datePublished\":\"2021-05-12T13:35:00+00:00\",\"mainEntityOfPage\":{\"@id\":\"https:\\\/\\\/www.albertojosevarela.com\\\/en\\\/short-comments-that-speak-very-clearly-of-the-process-we-propose-about-ayahuasca-bufo-alvarius-the-psychotherapeutic-integration-and-the-facilitators-of-our-organisation\\\/\"},\"wordCount\":967,\"publisher\":{\"@id\":\"https:\\\/\\\/www.albertojosevarela.com\\\/en\\\/#\\\/schema\\\/person\\\/6197324b0e48a485e79c32ccad0064d8\"},\"articleSection\":[\"Featured\"],\"inLanguage\":\"en-US\"},{\"@type\":\"WebPage\",\"@id\":\"https:\\\/\\\/www.albertojosevarela.com\\\/en\\\/short-comments-that-speak-very-clearly-of-the-process-we-propose-about-ayahuasca-bufo-alvarius-the-psychotherapeutic-integration-and-the-facilitators-of-our-organisation\\\/\",\"url\":\"https:\\\/\\\/www.albertojosevarela.com\\\/en\\\/short-comments-that-speak-very-clearly-of-the-process-we-propose-about-ayahuasca-bufo-alvarius-the-psychotherapeutic-integration-and-the-facilitators-of-our-organisation\\\/\",\"name\":\"SHORT COMMENTS THAT SPEAK VERY CLEARLY OF THE PROCESS WE PROPOSE About Ayahuasca, Bufo Alvarius, the psychotherapeutic integration and the facilitators of our organisation. - Web Oficial de Alverto\",\"isPartOf\":{\"@id\":\"https:\\\/\\\/www.albertojosevarela.com\\\/en\\\/#website\"},\"datePublished\":\"2021-05-12T13:35:00+00:00\",\"breadcrumb\":{\"@id\":\"https:\\\/\\\/www.albertojosevarela.com\\\/en\\\/short-comments-that-speak-very-clearly-of-the-process-we-propose-about-ayahuasca-bufo-alvarius-the-psychotherapeutic-integration-and-the-facilitators-of-our-organisation\\\/#breadcrumb\"},\"inLanguage\":\"en-US\",\"potentialAction\":[{\"@type\":\"ReadAction\",\"target\":[\"https:\\\/\\\/www.albertojosevarela.com\\\/en\\\/short-comments-that-speak-very-clearly-of-the-process-we-propose-about-ayahuasca-bufo-alvarius-the-psychotherapeutic-integration-and-the-facilitators-of-our-organisation\\\/\"]}]},{\"@type\":\"BreadcrumbList\",\"@id\":\"https:\\\/\\\/www.albertojosevarela.com\\\/en\\\/short-comments-that-speak-very-clearly-of-the-process-we-propose-about-ayahuasca-bufo-alvarius-the-psychotherapeutic-integration-and-the-facilitators-of-our-organisation\\\/#breadcrumb\",\"itemListElement\":[{\"@type\":\"ListItem\",\"position\":1,\"name\":\"Inicio\",\"item\":\"http:\\\/\\\/www.albertojosevarela.com\\\/en\\\/\"},{\"@type\":\"ListItem\",\"position\":2,\"name\":\"Featured\",\"item\":\"https:\\\/\\\/www.albertojosevarela.com\\\/en\\\/category\\\/featured\\\/\"},{\"@type\":\"ListItem\",\"position\":3,\"name\":\"SHORT COMMENTS THAT SPEAK VERY CLEARLY OF THE PROCESS WE PROPOSE About Ayahuasca, Bufo Alvarius, the psychotherapeutic integration and the facilitators of our organisation.\"}]},{\"@type\":\"WebSite\",\"@id\":\"https:\\\/\\\/www.albertojosevarela.com\\\/en\\\/#website\",\"url\":\"https:\\\/\\\/www.albertojosevarela.com\\\/en\\\/\",\"name\":\"Web Oficial de Alberto Jos\u00e9 Varela\",\"description\":\"El ser humano evoluciona cuando se mira adentro\",\"publisher\":{\"@id\":\"https:\\\/\\\/www.albertojosevarela.com\\\/en\\\/#\\\/schema\\\/person\\\/6197324b0e48a485e79c32ccad0064d8\"},\"potentialAction\":[{\"@type\":\"SearchAction\",\"target\":{\"@type\":\"EntryPoint\",\"urlTemplate\":\"https:\\\/\\\/www.albertojosevarela.com\\\/en\\\/?s={search_term_string}\"},\"query-input\":{\"@type\":\"PropertyValueSpecification\",\"valueRequired\":true,\"valueName\":\"search_term_string\"}}],\"inLanguage\":\"en-US\"},{\"@type\":[\"Person\",\"Organization\"],\"@id\":\"https:\\\/\\\/www.albertojosevarela.com\\\/en\\\/#\\\/schema\\\/person\\\/6197324b0e48a485e79c32ccad0064d8\",\"name\":\"Alberto Jos\u00e9 Varela\",\"image\":{\"@type\":\"ImageObject\",\"inLanguage\":\"en-US\",\"@id\":\"https:\\\/\\\/www.albertojosevarela.com\\\/wp-content\\\/uploads\\\/2020\\\/11\\\/alberto-varela.jpeg\",\"url\":\"https:\\\/\\\/www.albertojosevarela.com\\\/wp-content\\\/uploads\\\/2020\\\/11\\\/alberto-varela.jpeg\",\"contentUrl\":\"https:\\\/\\\/www.albertojosevarela.com\\\/wp-content\\\/uploads\\\/2020\\\/11\\\/alberto-varela.jpeg\",\"width\":682,\"height\":864,\"caption\":\"Alberto Jos\u00e9 Varela\"},\"logo\":{\"@id\":\"https:\\\/\\\/www.albertojosevarela.com\\\/wp-content\\\/uploads\\\/2020\\\/11\\\/alberto-varela.jpeg\"},\"description\":\"Fundador de empresas y organizaciones; creador de t\u00e9cnicas, m\u00e9todos y escuelas; autor de varios libros. Estudiante autodidacta, investigador y conferencista internacional, con una experiencia de m\u00e1s de 40 a\u00f1os en la gesti\u00f3n organizacional y los RRHH. Actualmente crece su influencia en el \u00e1mbito motivacional, terap\u00e9utico y espiritual a ra\u00edz del mensaje evolutivo que transmite.\",\"sameAs\":[\"https:\\\/\\\/www.facebook.com\\\/Alvertojosevarela\",\"https:\\\/\\\/www.instagram.com\\\/albertojose.varela\\\/\",\"https:\\\/\\\/www.linkedin.com\\\/in\\\/alverto-varela\\\/\",\"https:\\\/\\\/x.com\\\/albertoJ_varela\",\"https:\\\/\\\/www.youtube.com\\\/c\\\/AlvertoVarela\"]}]}<\/script>\n<!-- \/ Yoast SEO plugin. -->","yoast_head_json":{"title":"SHORT COMMENTS THAT SPEAK VERY CLEARLY OF THE PROCESS WE PROPOSE About Ayahuasca, Bufo Alvarius, the psychotherapeutic integration and the facilitators of our organisation. - Web Oficial de Alverto","robots":{"index":"index","follow":"follow","max-snippet":"max-snippet:-1","max-image-preview":"max-image-preview:large","max-video-preview":"max-video-preview:-1"},"canonical":"https:\/\/www.albertojosevarela.com\/en\/short-comments-that-speak-very-clearly-of-the-process-we-propose-about-ayahuasca-bufo-alvarius-the-psychotherapeutic-integration-and-the-facilitators-of-our-organisation\/","og_locale":"en_US","og_type":"article","og_title":"SHORT COMMENTS THAT SPEAK VERY CLEARLY OF THE PROCESS WE PROPOSE About Ayahuasca, Bufo Alvarius, the psychotherapeutic integration and the facilitators of our organisation. - Web Oficial de Alverto","og_description":"THANKS TO THE MANY PARTICIPANTS THAT WRITE US&#8230; Whether it is to compliment, thank, or tell us how they are or encourage us to continue I did the first Ayahuasca International retreat with Eliel and Ennio. After the retreat I have told them how much I appreciated their tremendous therapeutic capacity and quality, even though [&hellip;]","og_url":"https:\/\/www.albertojosevarela.com\/en\/short-comments-that-speak-very-clearly-of-the-process-we-propose-about-ayahuasca-bufo-alvarius-the-psychotherapeutic-integration-and-the-facilitators-of-our-organisation\/","og_site_name":"Web Oficial de Alverto","article_publisher":"https:\/\/www.facebook.com\/Alvertojosevarela","article_author":"https:\/\/www.facebook.com\/Alvertojosevarela","article_published_time":"2021-05-12T13:35:00+00:00","author":"Alberto Jos\u00e9 Varela","twitter_card":"summary_large_image","twitter_creator":"@albertoJ_varela","twitter_site":"@albertoJ_varela","schema":{"@context":"https:\/\/schema.org","@graph":[{"@type":"Article","@id":"https:\/\/www.albertojosevarela.com\/en\/short-comments-that-speak-very-clearly-of-the-process-we-propose-about-ayahuasca-bufo-alvarius-the-psychotherapeutic-integration-and-the-facilitators-of-our-organisation\/#article","isPartOf":{"@id":"https:\/\/www.albertojosevarela.com\/en\/short-comments-that-speak-very-clearly-of-the-process-we-propose-about-ayahuasca-bufo-alvarius-the-psychotherapeutic-integration-and-the-facilitators-of-our-organisation\/"},"author":{"name":"Alberto Jos\u00e9 Varela","@id":"https:\/\/www.albertojosevarela.com\/en\/#\/schema\/person\/6197324b0e48a485e79c32ccad0064d8"},"headline":"SHORT COMMENTS THAT SPEAK VERY CLEARLY OF THE PROCESS WE PROPOSE About Ayahuasca, Bufo Alvarius, the psychotherapeutic integration and the facilitators of our organisation.","datePublished":"2021-05-12T13:35:00+00:00","mainEntityOfPage":{"@id":"https:\/\/www.albertojosevarela.com\/en\/short-comments-that-speak-very-clearly-of-the-process-we-propose-about-ayahuasca-bufo-alvarius-the-psychotherapeutic-integration-and-the-facilitators-of-our-organisation\/"},"wordCount":967,"publisher":{"@id":"https:\/\/www.albertojosevarela.com\/en\/#\/schema\/person\/6197324b0e48a485e79c32ccad0064d8"},"articleSection":["Featured"],"inLanguage":"en-US"},{"@type":"WebPage","@id":"https:\/\/www.albertojosevarela.com\/en\/short-comments-that-speak-very-clearly-of-the-process-we-propose-about-ayahuasca-bufo-alvarius-the-psychotherapeutic-integration-and-the-facilitators-of-our-organisation\/","url":"https:\/\/www.albertojosevarela.com\/en\/short-comments-that-speak-very-clearly-of-the-process-we-propose-about-ayahuasca-bufo-alvarius-the-psychotherapeutic-integration-and-the-facilitators-of-our-organisation\/","name":"SHORT COMMENTS THAT SPEAK VERY CLEARLY OF THE PROCESS WE PROPOSE About Ayahuasca, Bufo Alvarius, the psychotherapeutic integration and the facilitators of our organisation. - Web Oficial de Alverto","isPartOf":{"@id":"https:\/\/www.albertojosevarela.com\/en\/#website"},"datePublished":"2021-05-12T13:35:00+00:00","breadcrumb":{"@id":"https:\/\/www.albertojosevarela.com\/en\/short-comments-that-speak-very-clearly-of-the-process-we-propose-about-ayahuasca-bufo-alvarius-the-psychotherapeutic-integration-and-the-facilitators-of-our-organisation\/#breadcrumb"},"inLanguage":"en-US","potentialAction":[{"@type":"ReadAction","target":["https:\/\/www.albertojosevarela.com\/en\/short-comments-that-speak-very-clearly-of-the-process-we-propose-about-ayahuasca-bufo-alvarius-the-psychotherapeutic-integration-and-the-facilitators-of-our-organisation\/"]}]},{"@type":"BreadcrumbList","@id":"https:\/\/www.albertojosevarela.com\/en\/short-comments-that-speak-very-clearly-of-the-process-we-propose-about-ayahuasca-bufo-alvarius-the-psychotherapeutic-integration-and-the-facilitators-of-our-organisation\/#breadcrumb","itemListElement":[{"@type":"ListItem","position":1,"name":"Inicio","item":"http:\/\/www.albertojosevarela.com\/en\/"},{"@type":"ListItem","position":2,"name":"Featured","item":"https:\/\/www.albertojosevarela.com\/en\/category\/featured\/"},{"@type":"ListItem","position":3,"name":"SHORT COMMENTS THAT SPEAK VERY CLEARLY OF THE PROCESS WE PROPOSE About Ayahuasca, Bufo Alvarius, the psychotherapeutic integration and the facilitators of our organisation."}]},{"@type":"WebSite","@id":"https:\/\/www.albertojosevarela.com\/en\/#website","url":"https:\/\/www.albertojosevarela.com\/en\/","name":"Web Oficial de Alberto Jos\u00e9 Varela","description":"El ser humano evoluciona cuando se mira adentro","publisher":{"@id":"https:\/\/www.albertojosevarela.com\/en\/#\/schema\/person\/6197324b0e48a485e79c32ccad0064d8"},"potentialAction":[{"@type":"SearchAction","target":{"@type":"EntryPoint","urlTemplate":"https:\/\/www.albertojosevarela.com\/en\/?s={search_term_string}"},"query-input":{"@type":"PropertyValueSpecification","valueRequired":true,"valueName":"search_term_string"}}],"inLanguage":"en-US"},{"@type":["Person","Organization"],"@id":"https:\/\/www.albertojosevarela.com\/en\/#\/schema\/person\/6197324b0e48a485e79c32ccad0064d8","name":"Alberto Jos\u00e9 Varela","image":{"@type":"ImageObject","inLanguage":"en-US","@id":"https:\/\/www.albertojosevarela.com\/wp-content\/uploads\/2020\/11\/alberto-varela.jpeg","url":"https:\/\/www.albertojosevarela.com\/wp-content\/uploads\/2020\/11\/alberto-varela.jpeg","contentUrl":"https:\/\/www.albertojosevarela.com\/wp-content\/uploads\/2020\/11\/alberto-varela.jpeg","width":682,"height":864,"caption":"Alberto Jos\u00e9 Varela"},"logo":{"@id":"https:\/\/www.albertojosevarela.com\/wp-content\/uploads\/2020\/11\/alberto-varela.jpeg"},"description":"Fundador de empresas y organizaciones; creador de t\u00e9cnicas, m\u00e9todos y escuelas; autor de varios libros. Estudiante autodidacta, investigador y conferencista internacional, con una experiencia de m\u00e1s de 40 a\u00f1os en la gesti\u00f3n organizacional y los RRHH. Actualmente crece su influencia en el \u00e1mbito motivacional, terap\u00e9utico y espiritual a ra\u00edz del mensaje evolutivo que transmite.","sameAs":["https:\/\/www.facebook.com\/Alvertojosevarela","https:\/\/www.instagram.com\/albertojose.varela\/","https:\/\/www.linkedin.com\/in\/alverto-varela\/","https:\/\/x.com\/albertoJ_varela","https:\/\/www.youtube.com\/c\/AlvertoVarela"]}]}},"jetpack_featured_media_url":"","_links":{"self":[{"href":"https:\/\/www.albertojosevarela.com\/en\/wp-json\/wp\/v2\/posts\/47139","targetHints":{"allow":["GET"]}}],"collection":[{"href":"https:\/\/www.albertojosevarela.com\/en\/wp-json\/wp\/v2\/posts"}],"about":[{"href":"https:\/\/www.albertojosevarela.com\/en\/wp-json\/wp\/v2\/types\/post"}],"author":[{"embeddable":true,"href":"https:\/\/www.albertojosevarela.com\/en\/wp-json\/wp\/v2\/users\/9"}],"replies":[{"embeddable":true,"href":"https:\/\/www.albertojosevarela.com\/en\/wp-json\/wp\/v2\/comments?post=47139"}],"version-history":[{"count":0,"href":"https:\/\/www.albertojosevarela.com\/en\/wp-json\/wp\/v2\/posts\/47139\/revisions"}],"wp:attachment":[{"href":"https:\/\/www.albertojosevarela.com\/en\/wp-json\/wp\/v2\/media?parent=47139"}],"wp:term":[{"taxonomy":"category","embeddable":true,"href":"https:\/\/www.albertojosevarela.com\/en\/wp-json\/wp\/v2\/categories?post=47139"},{"taxonomy":"post_tag","embeddable":true,"href":"https:\/\/www.albertojosevarela.com\/en\/wp-json\/wp\/v2\/tags?post=47139"}],"curies":[{"name":"wp","href":"https:\/\/api.w.org\/{rel}","templated":true}]}}