{"id":47300,"date":"2021-05-12T15:40:39","date_gmt":"2021-05-12T13:40:39","guid":{"rendered":"https:\/\/www.albertojosevarela.com\/wpml\/testimonial-of-participant-of-an-integrative-inner-mastery-retreat-in-mallorca-spain-i-found-myself-today-i-know-who-i-am-ismael-vazquez-rey\/"},"modified":"2021-05-12T15:40:39","modified_gmt":"2021-05-12T13:40:39","slug":"testimonial-of-participant-of-an-integrative-inner-mastery-retreat-in-mallorca-spain-i-found-myself-today-i-know-who-i-am-ismael-vazquez-rey","status":"publish","type":"post","link":"https:\/\/www.albertojosevarela.com\/en\/testimonial-of-participant-of-an-integrative-inner-mastery-retreat-in-mallorca-spain-i-found-myself-today-i-know-who-i-am-ismael-vazquez-rey\/","title":{"rendered":"TESTIMONIAL OF PARTICIPANT OF AN INTEGRATIVE INNER MASTERY RETREAT IN MALLORCA, SPAIN. &#8220;I found myself, today I know who I am&#8221;. Ismael V\u00e1zquez Rey"},"content":{"rendered":"<h1><span style=\"color: #ff6600;\"><strong><b>&#8220;I HAVE SUFFERED ENOUGH. I NO<\/b><\/strong><strong><b>\u00a0LONGER<\/b><\/strong><strong><b>\u00a0WANT TO SWIM <\/b><\/strong><strong><b>AGAINST THE CURRENT.<\/b><\/strong><strong><b>\u00a0I WANT TO FLOW&#8221;<\/b><\/strong>\u00a0<\/span><\/h1>\n<h2><em><span style=\"color: #808080;\"><strong><b>\u201dM<\/b><\/strong><strong><b>y heart beats again and <\/b><\/strong><strong><b>it <\/b><\/strong><strong><b>is full of emotion<\/b><\/strong><strong><b>.<\/b><\/strong><strong><b>\u00a0<\/b><\/strong><strong><b>T<\/b><\/strong><strong><b>oday<\/b><\/strong><strong><b>,<\/b><\/strong><strong><b>\u00a0I feel again&#8221;<\/b><\/strong><\/span><\/em><\/h2>\n<p>Today,\u00a0I would like to share this moment of inspiration\u00a0with you all.\u00a0Because on the journey\u00a0to freedom,\u00a0there is understanding.<\/p>\n<p>Yesterday I found myself, today I know who I am.<\/p>\n<p>Tomorrow is now, and my brain a calculator that has stopped calculating,\u00a0that simply lets go, that simply allows things\u00a0to\u00a0be. I have suffered enough.\u00a0Now is the time to love and forgive, to learn that there is nothing to learn, that everything I need to know is in being. Let myself go\u2026<\/p>\n<p>To\u00a0let myself be\u00a0taken on\u00a0the path of illusion, to find the love within me\u00a0wrapped in flames of passion, where so much time was lost in a drawer there in the depths of the subconscious.\u00a0Love is a living decision.\u00a0Enough swimming\u00a0against the current. Today my interior burns in flames, today I feel better, with more desire to live than ever, with many dreams to fulfil, for having&#8221;found\u00a0you my love&#8221;.\u00a0My heart beats again and is full of emotion, today again I feel again &#8230; I am awake yes, I am, I have finally opened today, I finally comprehend \u00a0understanding, I finally feel, I have finally found myself,\u00a0having\u00a0hurt myself\u00a0so many times with my thoughts &#8230; I can only say\u00a0to myself\u00a0that I&#8217;m sorry. I apologize to myself, I love myself, and I thank God for having found myself, leaving aside cynicism, pain\u00a0and\u00a0embracing love again. Today I declare that we are all one. Today I declare that I am a god.\u00a0Today I give myself to love and I overcome fear.\u00a0I will never say &#8220;I can not&#8221; or deny myself, nor will I please you unless I want to. I am the owner of my life, I am the imagination, the infinite happiness.\u00a0Today I am pure dynamite in my interior, I am god and god is me. There is a long way to go, although I won\u2019t do it alone.\u00a0I will walk with god next to me and it is a pleasure.\u00a0A\u00a0few days ago I was reborn. Today I declare that I feel better than ever.\u00a0Today I declare that I feel good. THANK YOU VERY MUCH!! BECAUSE TODAY I FEEL REGENERATED, BECAUSE AM REBORN!!!!<\/p>\n<p>&nbsp;<br \/>\n(I would like to thank Ayahuasca International Baleares for the treatment I received at the retreat, and especially Bruno Maroto and Ennio for their great work as facilitator,\u00a0as\u00a0without them, finding\u00a0myself would not have been possible.\u00a0Without a doubt they are angels\u00a0fallen from heaven&#8230; A thousand thanks to both of you.)<\/p>\n<p>Ismael V\u00e1zquez Rey<\/p>\n<p><strong><b>TO PARTICIPATE IN <\/b><\/strong><strong><b>RETREAT<\/b><\/strong><strong><b>S IN THE BALEARIC ISLANDS: <\/b><\/strong><\/p>\n<p>baleres@innermastery.es<\/p>\n<p>+34 634 095 824 (WhatsApp Available)<\/p>\n","protected":false},"excerpt":{"rendered":"<p>&#8220;I HAVE SUFFERED ENOUGH. I NO\u00a0LONGER\u00a0WANT TO SWIM AGAINST THE CURRENT.\u00a0I WANT TO FLOW&#8221;\u00a0 \u201dMy heart beats again and it is full of emotion.\u00a0Today,\u00a0I feel again&#8221; Today,\u00a0I would like to share this moment of inspiration\u00a0with you all.\u00a0Because on the journey\u00a0to freedom,\u00a0there is understanding. Yesterday I found myself, today I know who I am. Tomorrow is [&hellip;]<\/p>\n","protected":false},"author":9,"featured_media":0,"comment_status":"closed","ping_status":"closed","sticky":false,"template":"elementor_header_footer","format":"standard","meta":{"_acf_changed":false,"site-sidebar-layout":"default","site-content-layout":"","ast-site-content-layout":"default","site-content-style":"default","site-sidebar-style":"default","ast-global-header-display":"","ast-banner-title-visibility":"","ast-main-header-display":"","ast-hfb-above-header-display":"","ast-hfb-below-header-display":"","ast-hfb-mobile-header-display":"","site-post-title":"","ast-breadcrumbs-content":"","ast-featured-img":"","footer-sml-layout":"","theme-transparent-header-meta":"","adv-header-id-meta":"","stick-header-meta":"","header-above-stick-meta":"","header-main-stick-meta":"","header-below-stick-meta":"","astra-migrate-meta-layouts":"default","ast-page-background-enabled":"default","ast-page-background-meta":{"desktop":{"background-color":"","background-image":"","background-repeat":"repeat","background-position":"center center","background-size":"auto","background-attachment":"scroll","background-type":"","background-media":"","overlay-type":"","overlay-color":"","overlay-opacity":"","overlay-gradient":""},"tablet":{"background-color":"","background-image":"","background-repeat":"repeat","background-position":"center center","background-size":"auto","background-attachment":"scroll","background-type":"","background-media":"","overlay-type":"","overlay-color":"","overlay-opacity":"","overlay-gradient":""},"mobile":{"background-color":"","background-image":"","background-repeat":"repeat","background-position":"center center","background-size":"auto","background-attachment":"scroll","background-type":"","background-media":"","overlay-type":"","overlay-color":"","overlay-opacity":"","overlay-gradient":""}},"ast-content-background-meta":{"desktop":{"background-color":"var(--ast-global-color-5)","background-image":"","background-repeat":"repeat","background-position":"center center","background-size":"auto","background-attachment":"scroll","background-type":"","background-media":"","overlay-type":"","overlay-color":"","overlay-opacity":"","overlay-gradient":""},"tablet":{"background-color":"var(--ast-global-color-5)","background-image":"","background-repeat":"repeat","background-position":"center center","background-size":"auto","background-attachment":"scroll","background-type":"","background-media":"","overlay-type":"","overlay-color":"","overlay-opacity":"","overlay-gradient":""},"mobile":{"background-color":"var(--ast-global-color-5)","background-image":"","background-repeat":"repeat","background-position":"center center","background-size":"auto","background-attachment":"scroll","background-type":"","background-media":"","overlay-type":"","overlay-color":"","overlay-opacity":"","overlay-gradient":""}},"ep_exclude_from_search":false,"footnotes":""},"categories":[],"tags":[],"class_list":["post-47300","post","type-post","status-publish","format-standard","hentry"],"acf":[],"yoast_head":"<!-- This site is optimized with the Yoast SEO plugin v27.5 - https:\/\/yoast.com\/product\/yoast-seo-wordpress\/ -->\n<title>TESTIMONIAL OF PARTICIPANT OF AN INTEGRATIVE INNER MASTERY RETREAT IN MALLORCA, SPAIN. &quot;I found myself, today I know who I am&quot;. Ismael V\u00e1zquez Rey - Web Oficial de Alverto<\/title>\n<meta name=\"robots\" content=\"index, follow, max-snippet:-1, max-image-preview:large, max-video-preview:-1\" \/>\n<link rel=\"canonical\" href=\"https:\/\/www.albertojosevarela.com\/en\/testimonial-of-participant-of-an-integrative-inner-mastery-retreat-in-mallorca-spain-i-found-myself-today-i-know-who-i-am-ismael-vazquez-rey\/\" \/>\n<meta property=\"og:locale\" content=\"en_US\" \/>\n<meta property=\"og:type\" content=\"article\" \/>\n<meta property=\"og:title\" content=\"TESTIMONIAL OF PARTICIPANT OF AN INTEGRATIVE INNER MASTERY RETREAT IN MALLORCA, SPAIN. &quot;I found myself, today I know who I am&quot;. Ismael V\u00e1zquez Rey - Web Oficial de Alverto\" \/>\n<meta property=\"og:description\" content=\"&#8220;I HAVE SUFFERED ENOUGH. I NO\u00a0LONGER\u00a0WANT TO SWIM AGAINST THE CURRENT.\u00a0I WANT TO FLOW&#8221;\u00a0 \u201dMy heart beats again and it is full of emotion.\u00a0Today,\u00a0I feel again&#8221; Today,\u00a0I would like to share this moment of inspiration\u00a0with you all.\u00a0Because on the journey\u00a0to freedom,\u00a0there is understanding. Yesterday I found myself, today I know who I am. Tomorrow is [&hellip;]\" \/>\n<meta property=\"og:url\" content=\"https:\/\/www.albertojosevarela.com\/en\/testimonial-of-participant-of-an-integrative-inner-mastery-retreat-in-mallorca-spain-i-found-myself-today-i-know-who-i-am-ismael-vazquez-rey\/\" \/>\n<meta property=\"og:site_name\" content=\"Web Oficial de Alverto\" \/>\n<meta property=\"article:publisher\" content=\"https:\/\/www.facebook.com\/Alvertojosevarela\" \/>\n<meta property=\"article:author\" content=\"https:\/\/www.facebook.com\/Alvertojosevarela\" \/>\n<meta property=\"article:published_time\" content=\"2021-05-12T13:40:39+00:00\" \/>\n<meta name=\"author\" content=\"Alberto Jos\u00e9 Varela\" \/>\n<meta name=\"twitter:card\" content=\"summary_large_image\" \/>\n<meta name=\"twitter:creator\" content=\"@albertoJ_varela\" \/>\n<meta name=\"twitter:site\" content=\"@albertoJ_varela\" \/>\n<script type=\"application\/ld+json\" class=\"yoast-schema-graph\">{\"@context\":\"https:\\\/\\\/schema.org\",\"@graph\":[{\"@type\":\"Article\",\"@id\":\"https:\\\/\\\/www.albertojosevarela.com\\\/en\\\/testimonial-of-participant-of-an-integrative-inner-mastery-retreat-in-mallorca-spain-i-found-myself-today-i-know-who-i-am-ismael-vazquez-rey\\\/#article\",\"isPartOf\":{\"@id\":\"https:\\\/\\\/www.albertojosevarela.com\\\/en\\\/testimonial-of-participant-of-an-integrative-inner-mastery-retreat-in-mallorca-spain-i-found-myself-today-i-know-who-i-am-ismael-vazquez-rey\\\/\"},\"author\":{\"name\":\"Alberto Jos\u00e9 Varela\",\"@id\":\"https:\\\/\\\/www.albertojosevarela.com\\\/en\\\/#\\\/schema\\\/person\\\/6197324b0e48a485e79c32ccad0064d8\"},\"headline\":\"TESTIMONIAL OF PARTICIPANT OF AN INTEGRATIVE INNER MASTERY RETREAT IN MALLORCA, SPAIN. &#8220;I found myself, today I know who I am&#8221;. Ismael V\u00e1zquez Rey\",\"datePublished\":\"2021-05-12T13:40:39+00:00\",\"mainEntityOfPage\":{\"@id\":\"https:\\\/\\\/www.albertojosevarela.com\\\/en\\\/testimonial-of-participant-of-an-integrative-inner-mastery-retreat-in-mallorca-spain-i-found-myself-today-i-know-who-i-am-ismael-vazquez-rey\\\/\"},\"wordCount\":507,\"publisher\":{\"@id\":\"https:\\\/\\\/www.albertojosevarela.com\\\/en\\\/#\\\/schema\\\/person\\\/6197324b0e48a485e79c32ccad0064d8\"},\"inLanguage\":\"en-US\"},{\"@type\":\"WebPage\",\"@id\":\"https:\\\/\\\/www.albertojosevarela.com\\\/en\\\/testimonial-of-participant-of-an-integrative-inner-mastery-retreat-in-mallorca-spain-i-found-myself-today-i-know-who-i-am-ismael-vazquez-rey\\\/\",\"url\":\"https:\\\/\\\/www.albertojosevarela.com\\\/en\\\/testimonial-of-participant-of-an-integrative-inner-mastery-retreat-in-mallorca-spain-i-found-myself-today-i-know-who-i-am-ismael-vazquez-rey\\\/\",\"name\":\"TESTIMONIAL OF PARTICIPANT OF AN INTEGRATIVE INNER MASTERY RETREAT IN MALLORCA, SPAIN. \\\"I found myself, today I know who I am\\\". Ismael V\u00e1zquez Rey - Web Oficial de Alverto\",\"isPartOf\":{\"@id\":\"https:\\\/\\\/www.albertojosevarela.com\\\/en\\\/#website\"},\"datePublished\":\"2021-05-12T13:40:39+00:00\",\"breadcrumb\":{\"@id\":\"https:\\\/\\\/www.albertojosevarela.com\\\/en\\\/testimonial-of-participant-of-an-integrative-inner-mastery-retreat-in-mallorca-spain-i-found-myself-today-i-know-who-i-am-ismael-vazquez-rey\\\/#breadcrumb\"},\"inLanguage\":\"en-US\",\"potentialAction\":[{\"@type\":\"ReadAction\",\"target\":[\"https:\\\/\\\/www.albertojosevarela.com\\\/en\\\/testimonial-of-participant-of-an-integrative-inner-mastery-retreat-in-mallorca-spain-i-found-myself-today-i-know-who-i-am-ismael-vazquez-rey\\\/\"]}]},{\"@type\":\"BreadcrumbList\",\"@id\":\"https:\\\/\\\/www.albertojosevarela.com\\\/en\\\/testimonial-of-participant-of-an-integrative-inner-mastery-retreat-in-mallorca-spain-i-found-myself-today-i-know-who-i-am-ismael-vazquez-rey\\\/#breadcrumb\",\"itemListElement\":[{\"@type\":\"ListItem\",\"position\":1,\"name\":\"Inicio\",\"item\":\"https:\\\/\\\/www.albertojosevarela.com\\\/en\\\/\"},{\"@type\":\"ListItem\",\"position\":2,\"name\":\"TESTIMONIAL OF PARTICIPANT OF AN INTEGRATIVE INNER MASTERY RETREAT IN MALLORCA, SPAIN. &#8220;I found myself, today I know who I am&#8221;. Ismael V\u00e1zquez Rey\"}]},{\"@type\":\"WebSite\",\"@id\":\"https:\\\/\\\/www.albertojosevarela.com\\\/en\\\/#website\",\"url\":\"https:\\\/\\\/www.albertojosevarela.com\\\/en\\\/\",\"name\":\"Web Oficial de Alberto Jos\u00e9 Varela\",\"description\":\"El ser humano evoluciona cuando se mira adentro\",\"publisher\":{\"@id\":\"https:\\\/\\\/www.albertojosevarela.com\\\/en\\\/#\\\/schema\\\/person\\\/6197324b0e48a485e79c32ccad0064d8\"},\"potentialAction\":[{\"@type\":\"SearchAction\",\"target\":{\"@type\":\"EntryPoint\",\"urlTemplate\":\"https:\\\/\\\/www.albertojosevarela.com\\\/en\\\/?s={search_term_string}\"},\"query-input\":{\"@type\":\"PropertyValueSpecification\",\"valueRequired\":true,\"valueName\":\"search_term_string\"}}],\"inLanguage\":\"en-US\"},{\"@type\":[\"Person\",\"Organization\"],\"@id\":\"https:\\\/\\\/www.albertojosevarela.com\\\/en\\\/#\\\/schema\\\/person\\\/6197324b0e48a485e79c32ccad0064d8\",\"name\":\"Alberto Jos\u00e9 Varela\",\"image\":{\"@type\":\"ImageObject\",\"inLanguage\":\"en-US\",\"@id\":\"https:\\\/\\\/www.albertojosevarela.com\\\/wp-content\\\/uploads\\\/2020\\\/11\\\/alberto-varela.jpeg\",\"url\":\"https:\\\/\\\/www.albertojosevarela.com\\\/wp-content\\\/uploads\\\/2020\\\/11\\\/alberto-varela.jpeg\",\"contentUrl\":\"https:\\\/\\\/www.albertojosevarela.com\\\/wp-content\\\/uploads\\\/2020\\\/11\\\/alberto-varela.jpeg\",\"width\":682,\"height\":864,\"caption\":\"Alberto Jos\u00e9 Varela\"},\"logo\":{\"@id\":\"https:\\\/\\\/www.albertojosevarela.com\\\/wp-content\\\/uploads\\\/2020\\\/11\\\/alberto-varela.jpeg\"},\"description\":\"Fundador de empresas y organizaciones; creador de t\u00e9cnicas, m\u00e9todos y escuelas; autor de varios libros. Estudiante autodidacta, investigador y conferencista internacional, con una experiencia de m\u00e1s de 40 a\u00f1os en la gesti\u00f3n organizacional y los RRHH. Actualmente crece su influencia en el \u00e1mbito motivacional, terap\u00e9utico y espiritual a ra\u00edz del mensaje evolutivo que transmite.\",\"sameAs\":[\"https:\\\/\\\/www.facebook.com\\\/Alvertojosevarela\",\"https:\\\/\\\/www.instagram.com\\\/albertojose.varela\\\/\",\"https:\\\/\\\/www.linkedin.com\\\/in\\\/alverto-varela\\\/\",\"https:\\\/\\\/x.com\\\/albertoJ_varela\",\"https:\\\/\\\/www.youtube.com\\\/c\\\/AlvertoVarela\"]}]}<\/script>\n<!-- \/ Yoast SEO plugin. -->","yoast_head_json":{"title":"TESTIMONIAL OF PARTICIPANT OF AN INTEGRATIVE INNER MASTERY RETREAT IN MALLORCA, SPAIN. \"I found myself, today I know who I am\". Ismael V\u00e1zquez Rey - Web Oficial de Alverto","robots":{"index":"index","follow":"follow","max-snippet":"max-snippet:-1","max-image-preview":"max-image-preview:large","max-video-preview":"max-video-preview:-1"},"canonical":"https:\/\/www.albertojosevarela.com\/en\/testimonial-of-participant-of-an-integrative-inner-mastery-retreat-in-mallorca-spain-i-found-myself-today-i-know-who-i-am-ismael-vazquez-rey\/","og_locale":"en_US","og_type":"article","og_title":"TESTIMONIAL OF PARTICIPANT OF AN INTEGRATIVE INNER MASTERY RETREAT IN MALLORCA, SPAIN. \"I found myself, today I know who I am\". Ismael V\u00e1zquez Rey - Web Oficial de Alverto","og_description":"&#8220;I HAVE SUFFERED ENOUGH. I NO\u00a0LONGER\u00a0WANT TO SWIM AGAINST THE CURRENT.\u00a0I WANT TO FLOW&#8221;\u00a0 \u201dMy heart beats again and it is full of emotion.\u00a0Today,\u00a0I feel again&#8221; Today,\u00a0I would like to share this moment of inspiration\u00a0with you all.\u00a0Because on the journey\u00a0to freedom,\u00a0there is understanding. Yesterday I found myself, today I know who I am. Tomorrow is [&hellip;]","og_url":"https:\/\/www.albertojosevarela.com\/en\/testimonial-of-participant-of-an-integrative-inner-mastery-retreat-in-mallorca-spain-i-found-myself-today-i-know-who-i-am-ismael-vazquez-rey\/","og_site_name":"Web Oficial de Alverto","article_publisher":"https:\/\/www.facebook.com\/Alvertojosevarela","article_author":"https:\/\/www.facebook.com\/Alvertojosevarela","article_published_time":"2021-05-12T13:40:39+00:00","author":"Alberto Jos\u00e9 Varela","twitter_card":"summary_large_image","twitter_creator":"@albertoJ_varela","twitter_site":"@albertoJ_varela","schema":{"@context":"https:\/\/schema.org","@graph":[{"@type":"Article","@id":"https:\/\/www.albertojosevarela.com\/en\/testimonial-of-participant-of-an-integrative-inner-mastery-retreat-in-mallorca-spain-i-found-myself-today-i-know-who-i-am-ismael-vazquez-rey\/#article","isPartOf":{"@id":"https:\/\/www.albertojosevarela.com\/en\/testimonial-of-participant-of-an-integrative-inner-mastery-retreat-in-mallorca-spain-i-found-myself-today-i-know-who-i-am-ismael-vazquez-rey\/"},"author":{"name":"Alberto Jos\u00e9 Varela","@id":"https:\/\/www.albertojosevarela.com\/en\/#\/schema\/person\/6197324b0e48a485e79c32ccad0064d8"},"headline":"TESTIMONIAL OF PARTICIPANT OF AN INTEGRATIVE INNER MASTERY RETREAT IN MALLORCA, SPAIN. &#8220;I found myself, today I know who I am&#8221;. Ismael V\u00e1zquez Rey","datePublished":"2021-05-12T13:40:39+00:00","mainEntityOfPage":{"@id":"https:\/\/www.albertojosevarela.com\/en\/testimonial-of-participant-of-an-integrative-inner-mastery-retreat-in-mallorca-spain-i-found-myself-today-i-know-who-i-am-ismael-vazquez-rey\/"},"wordCount":507,"publisher":{"@id":"https:\/\/www.albertojosevarela.com\/en\/#\/schema\/person\/6197324b0e48a485e79c32ccad0064d8"},"inLanguage":"en-US"},{"@type":"WebPage","@id":"https:\/\/www.albertojosevarela.com\/en\/testimonial-of-participant-of-an-integrative-inner-mastery-retreat-in-mallorca-spain-i-found-myself-today-i-know-who-i-am-ismael-vazquez-rey\/","url":"https:\/\/www.albertojosevarela.com\/en\/testimonial-of-participant-of-an-integrative-inner-mastery-retreat-in-mallorca-spain-i-found-myself-today-i-know-who-i-am-ismael-vazquez-rey\/","name":"TESTIMONIAL OF PARTICIPANT OF AN INTEGRATIVE INNER MASTERY RETREAT IN MALLORCA, SPAIN. \"I found myself, today I know who I am\". Ismael V\u00e1zquez Rey - Web Oficial de Alverto","isPartOf":{"@id":"https:\/\/www.albertojosevarela.com\/en\/#website"},"datePublished":"2021-05-12T13:40:39+00:00","breadcrumb":{"@id":"https:\/\/www.albertojosevarela.com\/en\/testimonial-of-participant-of-an-integrative-inner-mastery-retreat-in-mallorca-spain-i-found-myself-today-i-know-who-i-am-ismael-vazquez-rey\/#breadcrumb"},"inLanguage":"en-US","potentialAction":[{"@type":"ReadAction","target":["https:\/\/www.albertojosevarela.com\/en\/testimonial-of-participant-of-an-integrative-inner-mastery-retreat-in-mallorca-spain-i-found-myself-today-i-know-who-i-am-ismael-vazquez-rey\/"]}]},{"@type":"BreadcrumbList","@id":"https:\/\/www.albertojosevarela.com\/en\/testimonial-of-participant-of-an-integrative-inner-mastery-retreat-in-mallorca-spain-i-found-myself-today-i-know-who-i-am-ismael-vazquez-rey\/#breadcrumb","itemListElement":[{"@type":"ListItem","position":1,"name":"Inicio","item":"https:\/\/www.albertojosevarela.com\/en\/"},{"@type":"ListItem","position":2,"name":"TESTIMONIAL OF PARTICIPANT OF AN INTEGRATIVE INNER MASTERY RETREAT IN MALLORCA, SPAIN. &#8220;I found myself, today I know who I am&#8221;. Ismael V\u00e1zquez Rey"}]},{"@type":"WebSite","@id":"https:\/\/www.albertojosevarela.com\/en\/#website","url":"https:\/\/www.albertojosevarela.com\/en\/","name":"Web Oficial de Alberto Jos\u00e9 Varela","description":"El ser humano evoluciona cuando se mira adentro","publisher":{"@id":"https:\/\/www.albertojosevarela.com\/en\/#\/schema\/person\/6197324b0e48a485e79c32ccad0064d8"},"potentialAction":[{"@type":"SearchAction","target":{"@type":"EntryPoint","urlTemplate":"https:\/\/www.albertojosevarela.com\/en\/?s={search_term_string}"},"query-input":{"@type":"PropertyValueSpecification","valueRequired":true,"valueName":"search_term_string"}}],"inLanguage":"en-US"},{"@type":["Person","Organization"],"@id":"https:\/\/www.albertojosevarela.com\/en\/#\/schema\/person\/6197324b0e48a485e79c32ccad0064d8","name":"Alberto Jos\u00e9 Varela","image":{"@type":"ImageObject","inLanguage":"en-US","@id":"https:\/\/www.albertojosevarela.com\/wp-content\/uploads\/2020\/11\/alberto-varela.jpeg","url":"https:\/\/www.albertojosevarela.com\/wp-content\/uploads\/2020\/11\/alberto-varela.jpeg","contentUrl":"https:\/\/www.albertojosevarela.com\/wp-content\/uploads\/2020\/11\/alberto-varela.jpeg","width":682,"height":864,"caption":"Alberto Jos\u00e9 Varela"},"logo":{"@id":"https:\/\/www.albertojosevarela.com\/wp-content\/uploads\/2020\/11\/alberto-varela.jpeg"},"description":"Fundador de empresas y organizaciones; creador de t\u00e9cnicas, m\u00e9todos y escuelas; autor de varios libros. Estudiante autodidacta, investigador y conferencista internacional, con una experiencia de m\u00e1s de 40 a\u00f1os en la gesti\u00f3n organizacional y los RRHH. Actualmente crece su influencia en el \u00e1mbito motivacional, terap\u00e9utico y espiritual a ra\u00edz del mensaje evolutivo que transmite.","sameAs":["https:\/\/www.facebook.com\/Alvertojosevarela","https:\/\/www.instagram.com\/albertojose.varela\/","https:\/\/www.linkedin.com\/in\/alverto-varela\/","https:\/\/x.com\/albertoJ_varela","https:\/\/www.youtube.com\/c\/AlvertoVarela"]}]}},"jetpack_featured_media_url":"","_links":{"self":[{"href":"https:\/\/www.albertojosevarela.com\/en\/wp-json\/wp\/v2\/posts\/47300","targetHints":{"allow":["GET"]}}],"collection":[{"href":"https:\/\/www.albertojosevarela.com\/en\/wp-json\/wp\/v2\/posts"}],"about":[{"href":"https:\/\/www.albertojosevarela.com\/en\/wp-json\/wp\/v2\/types\/post"}],"author":[{"embeddable":true,"href":"https:\/\/www.albertojosevarela.com\/en\/wp-json\/wp\/v2\/users\/9"}],"replies":[{"embeddable":true,"href":"https:\/\/www.albertojosevarela.com\/en\/wp-json\/wp\/v2\/comments?post=47300"}],"version-history":[{"count":0,"href":"https:\/\/www.albertojosevarela.com\/en\/wp-json\/wp\/v2\/posts\/47300\/revisions"}],"wp:attachment":[{"href":"https:\/\/www.albertojosevarela.com\/en\/wp-json\/wp\/v2\/media?parent=47300"}],"wp:term":[{"taxonomy":"category","embeddable":true,"href":"https:\/\/www.albertojosevarela.com\/en\/wp-json\/wp\/v2\/categories?post=47300"},{"taxonomy":"post_tag","embeddable":true,"href":"https:\/\/www.albertojosevarela.com\/en\/wp-json\/wp\/v2\/tags?post=47300"}],"curies":[{"name":"wp","href":"https:\/\/api.w.org\/{rel}","templated":true}]}}