{"id":64760,"date":"2016-12-19T15:55:47","date_gmt":"2016-12-19T14:55:47","guid":{"rendered":"https:\/\/www.albertojosevarela.com\/violence-conjugale\/"},"modified":"2016-12-19T15:55:47","modified_gmt":"2016-12-19T14:55:47","slug":"violence-conjugale","status":"publish","type":"post","link":"https:\/\/www.albertojosevarela.com\/fr\/violence-conjugale\/","title":{"rendered":"PRENDRE LA MALTRAITANCE ET LA VIOLENCE CONJUGALE PAR LA RACINE. Une vision qui pousse \u00e0 la confrontation sur un probl\u00e8me global."},"content":{"rendered":"<h1><strong><span style=\"color: #ff9900;\">MALTRAITANCE OU VIOLENCE CONJUGAL<\/span><\/strong><\/h1>\n<h2><strong><span style=\"color: #808080;\">Des hommes qui agressent des femmes, des femmes qui acceptent d&rsquo;\u00eatre violent\u00e9es. <\/span><\/strong><\/h2>\n<p>La maltraitance na\u00eet de la relation entre l&rsquo;agresseur et la maltrait\u00e9e. Un accord entre les deux parties, la soumise et la dominante. Comment soigner ce mal avec la transcendance ?<br \/>\nJ&rsquo;ai l&rsquo;habitude de prendre en charge des groupes de femmes maltrait\u00e9es et viol\u00e9es par leur compagnon, et dans tous les cas, j&rsquo;ai remarqu\u00e9 en elles, un sentiment de culpabilit\u00e9, un manque de dignit\u00e9 et d&rsquo;estime de soi plus ou moins prononc\u00e9s. Quand chaque femme se rend compte de ce qu&rsquo;elle vaut, de ce que vaut sa vie, sa sant\u00e9 et son int\u00e9grit\u00e9, quelque chose de magique se produit en elle, elle s&rsquo;\u00e9veille, d\u00e9couvrant que ce qu&rsquo;elle supporte en r\u00e9alit\u00e9 ne leur correspond pas (\u00e0 ses attentes dans la vie). C&rsquo;est alors que ses yeux se mettent \u00e0 briller et que s&rsquo;impose la d\u00e9cision d&rsquo;en finir avec tout acte ne correspondant pas \u00e0 sa v\u00e9ritable valeur.<\/p>\n<p>C&rsquo;est \u00e0 ce moment que ce produit ce que j&rsquo;appelle: LA GRANDE FUITE. Non pas parce que ces femmes prennent la fuite, mais parce qu&rsquo;elles d\u00e9cident de sortir de cette prison qu&rsquo;elles avaient elles-m\u00eame -sans le savoir- construite. Elles sont pr\u00eates pour \u00eatre libres.<\/p>\n<p>Les agresseurs, g\u00e9n\u00e9ralement des hommes, sont des personnes en souffrance dans tous les sens du terme, surtout au vue de d\u00e9s\u00e9quilibres psychologiques et d&rsquo;une r\u00e9alit\u00e9 \u00e9motionnelle inadapt\u00e9e, qu&rsquo;ils alimentent durant des ann\u00e9es. Cette situation extr\u00eamement d\u00e9licate se projette sous forme de violence envers les femmes. Toute maltraitance est un m\u00e9canisme de d\u00e9fense. Mais au del\u00e0 de la recherche de quelconque justification excusant les maltraitances exerc\u00e9es, ou de juger leurs auteurs sans autre forme de proc\u00e8s, je voudrais donner une vision \u00e0 ce sujet, \u00e9tant donn\u00e9 que j&rsquo;ai eu l&rsquo;opportunit\u00e9 de travailler avec de nombreuses femmes maltrait\u00e9es en groupes de th\u00e9rapie. N&rsquo;ayant aucune exp\u00e9rience avec des agresseurs, je ne peux rien dire en ce qui les concerne. Ils ne cherchent jamais d&rsquo;aide parce qu&rsquo;ils se sont install\u00e9s dans une position de faux pouvoir, en s\u2019octroyant des droits de mani\u00e8re frauduleuse, comme par exemple l&rsquo;utilisation de la violence.<br \/>\n<strong><span style=\"color: #808080;\">LA GU\u00c9RISON\u00a0EST UN PROCESSUS DE TRANSCENDANCE<\/span><\/strong><br \/>\nIl est r\u00e9ellement important d&rsquo;\u00e9veiller la conscience pour gu\u00e9rir, r\u00e9soudre ou surmonter les probl\u00e8mes qui nous affligent. D\u00e8s lors que nous nous \u00e9veillons \u00e0 la conscience, nous n&rsquo;avons d&rsquo;autre choix que de faire face au jour le jour, \u00e0 tout ce qui nous bloque, nous attrape, nous r\u00e9duit en esclavage ou qui nous fait souffrir, \u00e0 partir de l\u00e0, nous pouvons nous surpasser nous-m\u00eame et grandir face \u00e0 cela, pour nous positionner au-del\u00e0 du pouvoir qu&rsquo;exerce le conditionnement sur nous.<\/p>\n<p>Par \u201cconditionnement\u201d, j&rsquo;entends les limites pr\u00e9-\u00e9tablies et programm\u00e9es qui nous sont impos\u00e9es en guise de protection, mais qui sont une barri\u00e8re entre nous et une vie heureuse.<\/p>\n<p>L&rsquo;un de ces puissants conditionnements est la soumission. L&rsquo;ordre que nous devons nous soumettre face aux autres. Et lorsque nous souffrons \u00e0 cause de cette dite soumission, nous n&rsquo;avons pas de meilleure id\u00e9e que de culpabiliser les autres qui nous dominent. Une attitude qui d\u00e9montre l&rsquo;\u00e9tat de mal-\u00eatre de la personne qui accuse l&rsquo;autre.<\/p>\n<p>La prise de pouvoir personnelle ne vient pas des autres, sinon de cette part en nous, qui accepte d&rsquo;\u00eatre soumise; celle qui est domin\u00e9e, subjugu\u00e9e et contr\u00f4l\u00e9e par les autres. L&rsquo;autre qui nous met en esclavage est un facteur moins important dans la solution du probl\u00e8me. Chacun devrait \u00eatre responsable de sa propre vie et sa situation personnelle, en observant \u00e0 l&rsquo;int\u00e9rieure de soi pourquoi on accepte ces actes indignes venant de l&rsquo;ext\u00e9rieur. Quand un \u00eatre humain s&rsquo;aventure dans les facettes d\u00e9s\u00e9quilibr\u00e9e de son \u00eatre, il peut commencer \u00e0 comprendre les raisons de cette maltraitance exerc\u00e9e par l&rsquo;autre.<\/p>\n<p>La transcendance vient \u00ab en \u00bb nous et est de notre responsabilit\u00e9.<\/p>\n<p>Il faut d&rsquo;abord transcender<strong> l&rsquo;ext\u00e9rieur<\/strong>. Dans ce sens, ce sont les diff\u00e9rents m\u00e9canismes de d\u00e9fense qui ne nous permettent pas de nous centrer sur nous-m\u00eame, parce ce sont eux qui nous poussent \u00e0 focaliser notre attention sur l&rsquo;ext\u00e9rieur. Par exemple: la projection, la rationalisation, l&rsquo;explication, la justification, les attaques, la n\u00e9gation, la fuite, sont diff\u00e9rents m\u00e9canismes que nous utilisons pour nous d\u00e9fendre de l&rsquo;ext\u00e9rieur, pour attribuer aux autres ce qui nous est propre, pour ne pas assumer notre part malade. Nous montrons, jugeons, critiquons et pointons du doigt l&rsquo;ext\u00e9rieur pour chercher les causes et nous ne regardons pas \u00e0 l&rsquo;int\u00e9rieur.<\/p>\n<p>Un exemple tr\u00e8s actuel et dur \u00e0 la fois sont ces \u00e9pisodes de violences conjugales qui se produisent chaque jour dans le monde. En Espagne, on se demande comment d\u00e9finir un acte o\u00f9 un homme enl\u00e8ve la vie de sa femme. Quand cela arrive, certains affirment: \u201cune femme a perdu la vie des mains de son compagnon\u201d, d&rsquo;autres assurent qu&rsquo;il faudrait changer le message et dire : \u00ab un homme a \u00f4t\u00e9 la vie d&rsquo;une femme \u00bb et d&rsquo;autres assurent qu&rsquo;il faudrait changer quelques mots pour \u00eatre plus pr\u00e9cis \u00e0 propos que ce que nous d\u00e9finissons: \u201cun homme a assassin\u00e9 une femme\u201d. Ce serait une affirmation tr\u00e8s r\u00e9aliste et convaincante.<\/p>\n<p>Du point de vue de la <strong>\u201cgu\u00e9rison transcendante\u201d<\/strong>, en r\u00e9alit\u00e9, aucune de ces affirmations n&rsquo;est correcte, surtout du point de vue que nous sommes en train de d\u00e9velopper dans cet article sur la transcendance de l&rsquo;autre. Nous pourrions dire \u201c la partie soumise et non r\u00e9solue d&rsquo;une femme est celle qui a permis qu&rsquo;un homme la tue\u201d il serait beaucoup plus dur de dire \u201cla partie soumise et malade de la femme est ce qui l&rsquo;a assassin\u00e9.\u201d Le probl\u00e8me de cette fa\u00e7on de dire est qu&rsquo;elle rend la femme responsable en grande partie voire \u00e0 100%, car m\u00eame en sachant ce qui pouvait lui arriver, elle n&rsquo;est pas partie et n&rsquo;a pas demand\u00e9 d&rsquo;aide.<\/p>\n<p>Une partie du probl\u00e8me de fond dans la violence conjugale est que les femmes croient qu&rsquo;elles m\u00e9ritent cette maltraitance, et qu&rsquo;elles ne sont pas dignes de s&rsquo;en sortir. Il y a un livre intitul\u00e9 \u201cmon mari me frappe juste ce qu&rsquo;il faut\u201d qui refl\u00e8te cette r\u00e9alit\u00e9 que beaucoup de femmes assument, qu&rsquo;elles doivent \u00eatre maltrait\u00e9es. Il est \u00e9vident qu&rsquo;elles sont s\u00e9questr\u00e9es par leur propre conditionnement. Si l&rsquo;on met seulement l\u2019emphase sur la n\u00e9cessit\u00e9 d&rsquo;arr\u00eater l&rsquo;agresseur, nous ne r\u00e9soudrons rien, et les preuves le d\u00e9montrent, on avance peu pour \u00e9viter plus de morts. Comment serait la situation si les femmes prenaient la responsabilit\u00e9 de la situation de les supporter et de ne pas les d\u00e9noncer \u2026 ?<\/p>\n<p>Si les femmes se concentraient strictement sur elles-m\u00eames, le probl\u00e8me se r\u00e9soudrait imm\u00e9diatement. Cependant, ces femmes aussi bien que les campagnes gouvernementales se concentrent sur le fait d&rsquo;en finir avec l&rsquo;agresseur. Ils croient que si les chiens mourraient, il n&rsquo;y aurait plus de rage. Si seulement il pouvait en \u00eatre ainsi, malheureusement, ce n&rsquo;est pas le cas.<\/p>\n<p>La mauvaise nouvelle dans cet article, c&rsquo;est que l&rsquo;autre n&rsquo;est pas coupable de tout le mal qui nous arrive. Sinon qu&rsquo;une part de nous est complice. Nous ne devrions jamais oublier que tout probl\u00e8me abord\u00e9 sans responsabilit\u00e9 ne trouvera pas de r\u00e9elle solution, permanente.<\/p>\n<p>Dans le cas de la violence conjugale, je ne suis pas en train de parler de qui est le coupable de la maltraitance, sinon de responsabilit\u00e9s. D&rsquo;ailleurs, dans toute violence conjugale, la responsabilit\u00e9 est partag\u00e9e, une partie est passive, celle qui supporte; et l&rsquo;autre partie est active, celle qui maltraite. C&rsquo;est un ph\u00e9nom\u00e8ne engendr\u00e9 par deux individus.<\/p>\n<p>Cet exemple peut servir dans de nombreuses situations. Nous passons notre temps \u00e0 nous \u00ab d\u00e9responsabiliser \u00bb \u00e0 l&rsquo;heure de d\u00e9terminer les responsabilit\u00e9s. Si vous demandez \u00e0 n&rsquo;importe qui \u201cPourquoi tu n&rsquo;as pas fait ce que tu devais faire et comment aurais-tu du le faire ?\u201d Vous obtiendrez en guise de r\u00e9ponse, un \u00e9ventail de possibilit\u00e9s d&rsquo;usage des m\u00e9canismes de d\u00e9fense. En revanche, il vous sera tr\u00e8s difficile de rencontrer quelqu&rsquo;un qui dira: \u201cc&rsquo;est ma responsabilit\u00e9, c&rsquo;est moi qui n&rsquo;ai pas \u00e9t\u00e9 responsable.\u201d<\/p>\n<p>Il y a de nombreux th\u00e8mes sociaux sur lesquels nous devrions nous questionner, notamment en ce qui concerne notre degr\u00e9 d&rsquo;implication directe ou indirecte. Le terrorisme. L&rsquo;exploitation. La maltraitance. La pauvret\u00e9 et la faim. Ce ne sont rien d&rsquo;autre que les manifestations de notre propre mis\u00e8re non r\u00e9solue.<br \/>\nAlberto Varela.<\/p>\n<p>(Extraits d&rsquo;un des livres d&rsquo;Albeto Jos\u00e9 Valera, \u00e9crit dans la prison de Valemoro \u00e0 Madrid)<br \/>\nCr\u00e9ateur du programme Gu\u00e9rison Transcendante<\/p>\n","protected":false},"excerpt":{"rendered":"<p>MALTRAITANCE OU VIOLENCE CONJUGAL Des hommes qui agressent des femmes, des femmes qui acceptent d&rsquo;\u00eatre violent\u00e9es. La maltraitance na\u00eet de la relation entre l&rsquo;agresseur et la maltrait\u00e9e. Un accord entre les deux parties, la soumise et la dominante. Comment soigner ce mal avec la transcendance ? J&rsquo;ai l&rsquo;habitude de prendre en charge des groupes de [&hellip;]<\/p>\n","protected":false},"author":9,"featured_media":64761,"comment_status":"closed","ping_status":"closed","sticky":false,"template":"","format":"standard","meta":{"_acf_changed":false,"site-sidebar-layout":"default","site-content-layout":"","ast-site-content-layout":"default","site-content-style":"default","site-sidebar-style":"default","ast-global-header-display":"","ast-banner-title-visibility":"","ast-main-header-display":"","ast-hfb-above-header-display":"","ast-hfb-below-header-display":"","ast-hfb-mobile-header-display":"","site-post-title":"","ast-breadcrumbs-content":"","ast-featured-img":"","footer-sml-layout":"","theme-transparent-header-meta":"","adv-header-id-meta":"","stick-header-meta":"","header-above-stick-meta":"","header-main-stick-meta":"","header-below-stick-meta":"","astra-migrate-meta-layouts":"default","ast-page-background-enabled":"default","ast-page-background-meta":{"desktop":{"background-color":"","background-image":"","background-repeat":"repeat","background-position":"center center","background-size":"auto","background-attachment":"scroll","background-type":"","background-media":"","overlay-type":"","overlay-color":"","overlay-opacity":"","overlay-gradient":""},"tablet":{"background-color":"","background-image":"","background-repeat":"repeat","background-position":"center center","background-size":"auto","background-attachment":"scroll","background-type":"","background-media":"","overlay-type":"","overlay-color":"","overlay-opacity":"","overlay-gradient":""},"mobile":{"background-color":"","background-image":"","background-repeat":"repeat","background-position":"center center","background-size":"auto","background-attachment":"scroll","background-type":"","background-media":"","overlay-type":"","overlay-color":"","overlay-opacity":"","overlay-gradient":""}},"ast-content-background-meta":{"desktop":{"background-color":"var(--ast-global-color-5)","background-image":"","background-repeat":"repeat","background-position":"center center","background-size":"auto","background-attachment":"scroll","background-type":"","background-media":"","overlay-type":"","overlay-color":"","overlay-opacity":"","overlay-gradient":""},"tablet":{"background-color":"var(--ast-global-color-5)","background-image":"","background-repeat":"repeat","background-position":"center center","background-size":"auto","background-attachment":"scroll","background-type":"","background-media":"","overlay-type":"","overlay-color":"","overlay-opacity":"","overlay-gradient":""},"mobile":{"background-color":"var(--ast-global-color-5)","background-image":"","background-repeat":"repeat","background-position":"center center","background-size":"auto","background-attachment":"scroll","background-type":"","background-media":"","overlay-type":"","overlay-color":"","overlay-opacity":"","overlay-gradient":""}},"ep_exclude_from_search":false,"footnotes":""},"categories":[699,710],"tags":[],"class_list":["post-64760","post","type-post","status-publish","format-standard","has-post-thumbnail","hentry","category-editorial-fr","category-tecnicas-y-metodos-terapeuticos-fr"],"acf":[],"yoast_head":"<!-- This site is optimized with the Yoast SEO plugin v27.4 - https:\/\/yoast.com\/product\/yoast-seo-wordpress\/ -->\n<title>PRENDRE LA MALTRAITANCE ET LA VIOLENCE CONJUGALE PAR LA RACINE. Une vision qui pousse \u00e0 la confrontation sur un probl\u00e8me global. - Web Oficial de Alverto<\/title>\n<meta name=\"robots\" content=\"index, follow, max-snippet:-1, max-image-preview:large, max-video-preview:-1\" \/>\n<link rel=\"canonical\" href=\"https:\/\/www.albertojosevarela.com\/fr\/violence-conjugale\/\" \/>\n<meta property=\"og:locale\" content=\"fr_FR\" \/>\n<meta property=\"og:type\" content=\"article\" \/>\n<meta property=\"og:title\" content=\"PRENDRE LA MALTRAITANCE ET LA VIOLENCE CONJUGALE PAR LA RACINE. Une vision qui pousse \u00e0 la confrontation sur un probl\u00e8me global. - Web Oficial de Alverto\" \/>\n<meta property=\"og:description\" content=\"MALTRAITANCE OU VIOLENCE CONJUGAL Des hommes qui agressent des femmes, des femmes qui acceptent d&rsquo;\u00eatre violent\u00e9es. La maltraitance na\u00eet de la relation entre l&rsquo;agresseur et la maltrait\u00e9e. Un accord entre les deux parties, la soumise et la dominante. Comment soigner ce mal avec la transcendance ? J&rsquo;ai l&rsquo;habitude de prendre en charge des groupes de [&hellip;]\" \/>\n<meta property=\"og:url\" content=\"https:\/\/www.albertojosevarela.com\/fr\/violence-conjugale\/\" \/>\n<meta property=\"og:site_name\" content=\"Web Oficial de Alverto\" \/>\n<meta property=\"article:publisher\" content=\"https:\/\/www.facebook.com\/Alvertojosevarela\" \/>\n<meta property=\"article:author\" content=\"https:\/\/www.facebook.com\/Alvertojosevarela\" \/>\n<meta property=\"article:published_time\" content=\"2016-12-19T14:55:47+00:00\" \/>\n<meta property=\"og:image\" content=\"https:\/\/www.albertojosevarela.com\/wp-content\/uploads\/2021\/07\/MUJER-gritando-710x399-1-1.jpg\" \/>\n\t<meta property=\"og:image:width\" content=\"710\" \/>\n\t<meta property=\"og:image:height\" content=\"399\" \/>\n\t<meta property=\"og:image:type\" content=\"image\/jpeg\" \/>\n<meta name=\"author\" content=\"Alberto Jos\u00e9 Varela\" \/>\n<meta name=\"twitter:card\" content=\"summary_large_image\" \/>\n<meta name=\"twitter:creator\" content=\"@albertoJ_varela\" \/>\n<meta name=\"twitter:site\" content=\"@albertoJ_varela\" \/>\n<script type=\"application\/ld+json\" class=\"yoast-schema-graph\">{\"@context\":\"https:\\\/\\\/schema.org\",\"@graph\":[{\"@type\":\"Article\",\"@id\":\"https:\\\/\\\/www.albertojosevarela.com\\\/fr\\\/violence-conjugale\\\/#article\",\"isPartOf\":{\"@id\":\"https:\\\/\\\/www.albertojosevarela.com\\\/fr\\\/violence-conjugale\\\/\"},\"author\":{\"name\":\"Alberto Jos\u00e9 Varela\",\"@id\":\"https:\\\/\\\/www.albertojosevarela.com\\\/fr\\\/#\\\/schema\\\/person\\\/6197324b0e48a485e79c32ccad0064d8\"},\"headline\":\"PRENDRE LA MALTRAITANCE ET LA VIOLENCE CONJUGALE PAR LA RACINE. Une vision qui pousse \u00e0 la confrontation sur un probl\u00e8me global.\",\"datePublished\":\"2016-12-19T14:55:47+00:00\",\"mainEntityOfPage\":{\"@id\":\"https:\\\/\\\/www.albertojosevarela.com\\\/fr\\\/violence-conjugale\\\/\"},\"wordCount\":1584,\"publisher\":{\"@id\":\"https:\\\/\\\/www.albertojosevarela.com\\\/fr\\\/#\\\/schema\\\/person\\\/6197324b0e48a485e79c32ccad0064d8\"},\"image\":{\"@id\":\"https:\\\/\\\/www.albertojosevarela.com\\\/fr\\\/violence-conjugale\\\/#primaryimage\"},\"thumbnailUrl\":\"https:\\\/\\\/www.albertojosevarela.com\\\/wp-content\\\/uploads\\\/2021\\\/07\\\/MUJER-gritando-710x399-1-1.jpg\",\"articleSection\":[\"Editorial\",\"T\u00e9cnicas y M\u00e9todos terap\u00e9uticos\"],\"inLanguage\":\"fr-FR\"},{\"@type\":\"WebPage\",\"@id\":\"https:\\\/\\\/www.albertojosevarela.com\\\/fr\\\/violence-conjugale\\\/\",\"url\":\"https:\\\/\\\/www.albertojosevarela.com\\\/fr\\\/violence-conjugale\\\/\",\"name\":\"PRENDRE LA MALTRAITANCE ET LA VIOLENCE CONJUGALE PAR LA RACINE. Une vision qui pousse \u00e0 la confrontation sur un probl\u00e8me global. - Web Oficial de Alverto\",\"isPartOf\":{\"@id\":\"https:\\\/\\\/www.albertojosevarela.com\\\/fr\\\/#website\"},\"primaryImageOfPage\":{\"@id\":\"https:\\\/\\\/www.albertojosevarela.com\\\/fr\\\/violence-conjugale\\\/#primaryimage\"},\"image\":{\"@id\":\"https:\\\/\\\/www.albertojosevarela.com\\\/fr\\\/violence-conjugale\\\/#primaryimage\"},\"thumbnailUrl\":\"https:\\\/\\\/www.albertojosevarela.com\\\/wp-content\\\/uploads\\\/2021\\\/07\\\/MUJER-gritando-710x399-1-1.jpg\",\"datePublished\":\"2016-12-19T14:55:47+00:00\",\"breadcrumb\":{\"@id\":\"https:\\\/\\\/www.albertojosevarela.com\\\/fr\\\/violence-conjugale\\\/#breadcrumb\"},\"inLanguage\":\"fr-FR\",\"potentialAction\":[{\"@type\":\"ReadAction\",\"target\":[\"https:\\\/\\\/www.albertojosevarela.com\\\/fr\\\/violence-conjugale\\\/\"]}]},{\"@type\":\"ImageObject\",\"inLanguage\":\"fr-FR\",\"@id\":\"https:\\\/\\\/www.albertojosevarela.com\\\/fr\\\/violence-conjugale\\\/#primaryimage\",\"url\":\"https:\\\/\\\/www.albertojosevarela.com\\\/wp-content\\\/uploads\\\/2021\\\/07\\\/MUJER-gritando-710x399-1-1.jpg\",\"contentUrl\":\"https:\\\/\\\/www.albertojosevarela.com\\\/wp-content\\\/uploads\\\/2021\\\/07\\\/MUJER-gritando-710x399-1-1.jpg\",\"width\":710,\"height\":399},{\"@type\":\"BreadcrumbList\",\"@id\":\"https:\\\/\\\/www.albertojosevarela.com\\\/fr\\\/violence-conjugale\\\/#breadcrumb\",\"itemListElement\":[{\"@type\":\"ListItem\",\"position\":1,\"name\":\"Inicio\",\"item\":\"https:\\\/\\\/www.albertojosevarela.com\\\/fr\\\/\"},{\"@type\":\"ListItem\",\"position\":2,\"name\":\"Editorial\",\"item\":\"https:\\\/\\\/www.albertojosevarela.com\\\/fr\\\/category\\\/editorial-fr\\\/\"},{\"@type\":\"ListItem\",\"position\":3,\"name\":\"PRENDRE LA MALTRAITANCE ET LA VIOLENCE CONJUGALE PAR LA RACINE. Une vision qui pousse \u00e0 la confrontation sur un probl\u00e8me global.\"}]},{\"@type\":\"WebSite\",\"@id\":\"https:\\\/\\\/www.albertojosevarela.com\\\/fr\\\/#website\",\"url\":\"https:\\\/\\\/www.albertojosevarela.com\\\/fr\\\/\",\"name\":\"Web Oficial de Alberto Jos\u00e9 Varela\",\"description\":\"El ser humano evoluciona cuando se mira adentro\",\"publisher\":{\"@id\":\"https:\\\/\\\/www.albertojosevarela.com\\\/fr\\\/#\\\/schema\\\/person\\\/6197324b0e48a485e79c32ccad0064d8\"},\"potentialAction\":[{\"@type\":\"SearchAction\",\"target\":{\"@type\":\"EntryPoint\",\"urlTemplate\":\"https:\\\/\\\/www.albertojosevarela.com\\\/fr\\\/?s={search_term_string}\"},\"query-input\":{\"@type\":\"PropertyValueSpecification\",\"valueRequired\":true,\"valueName\":\"search_term_string\"}}],\"inLanguage\":\"fr-FR\"},{\"@type\":[\"Person\",\"Organization\"],\"@id\":\"https:\\\/\\\/www.albertojosevarela.com\\\/fr\\\/#\\\/schema\\\/person\\\/6197324b0e48a485e79c32ccad0064d8\",\"name\":\"Alberto Jos\u00e9 Varela\",\"image\":{\"@type\":\"ImageObject\",\"inLanguage\":\"fr-FR\",\"@id\":\"https:\\\/\\\/www.albertojosevarela.com\\\/wp-content\\\/uploads\\\/2020\\\/11\\\/alberto-varela.jpeg\",\"url\":\"https:\\\/\\\/www.albertojosevarela.com\\\/wp-content\\\/uploads\\\/2020\\\/11\\\/alberto-varela.jpeg\",\"contentUrl\":\"https:\\\/\\\/www.albertojosevarela.com\\\/wp-content\\\/uploads\\\/2020\\\/11\\\/alberto-varela.jpeg\",\"width\":682,\"height\":864,\"caption\":\"Alberto Jos\u00e9 Varela\"},\"logo\":{\"@id\":\"https:\\\/\\\/www.albertojosevarela.com\\\/wp-content\\\/uploads\\\/2020\\\/11\\\/alberto-varela.jpeg\"},\"description\":\"Fundador de empresas y organizaciones; creador de t\u00e9cnicas, m\u00e9todos y escuelas; autor de varios libros. Estudiante autodidacta, investigador y conferencista internacional, con una experiencia de m\u00e1s de 40 a\u00f1os en la gesti\u00f3n organizacional y los RRHH. Actualmente crece su influencia en el \u00e1mbito motivacional, terap\u00e9utico y espiritual a ra\u00edz del mensaje evolutivo que transmite.\",\"sameAs\":[\"https:\\\/\\\/www.facebook.com\\\/Alvertojosevarela\",\"https:\\\/\\\/www.instagram.com\\\/albertojose.varela\\\/\",\"https:\\\/\\\/www.linkedin.com\\\/in\\\/alverto-varela\\\/\",\"https:\\\/\\\/x.com\\\/albertoJ_varela\",\"https:\\\/\\\/www.youtube.com\\\/c\\\/AlvertoVarela\"]}]}<\/script>\n<!-- \/ Yoast SEO plugin. -->","yoast_head_json":{"title":"PRENDRE LA MALTRAITANCE ET LA VIOLENCE CONJUGALE PAR LA RACINE. Une vision qui pousse \u00e0 la confrontation sur un probl\u00e8me global. - Web Oficial de Alverto","robots":{"index":"index","follow":"follow","max-snippet":"max-snippet:-1","max-image-preview":"max-image-preview:large","max-video-preview":"max-video-preview:-1"},"canonical":"https:\/\/www.albertojosevarela.com\/fr\/violence-conjugale\/","og_locale":"fr_FR","og_type":"article","og_title":"PRENDRE LA MALTRAITANCE ET LA VIOLENCE CONJUGALE PAR LA RACINE. Une vision qui pousse \u00e0 la confrontation sur un probl\u00e8me global. - Web Oficial de Alverto","og_description":"MALTRAITANCE OU VIOLENCE CONJUGAL Des hommes qui agressent des femmes, des femmes qui acceptent d&rsquo;\u00eatre violent\u00e9es. La maltraitance na\u00eet de la relation entre l&rsquo;agresseur et la maltrait\u00e9e. Un accord entre les deux parties, la soumise et la dominante. Comment soigner ce mal avec la transcendance ? J&rsquo;ai l&rsquo;habitude de prendre en charge des groupes de [&hellip;]","og_url":"https:\/\/www.albertojosevarela.com\/fr\/violence-conjugale\/","og_site_name":"Web Oficial de Alverto","article_publisher":"https:\/\/www.facebook.com\/Alvertojosevarela","article_author":"https:\/\/www.facebook.com\/Alvertojosevarela","article_published_time":"2016-12-19T14:55:47+00:00","og_image":[{"width":710,"height":399,"url":"https:\/\/www.albertojosevarela.com\/wp-content\/uploads\/2021\/07\/MUJER-gritando-710x399-1-1.jpg","type":"image\/jpeg"}],"author":"Alberto Jos\u00e9 Varela","twitter_card":"summary_large_image","twitter_creator":"@albertoJ_varela","twitter_site":"@albertoJ_varela","schema":{"@context":"https:\/\/schema.org","@graph":[{"@type":"Article","@id":"https:\/\/www.albertojosevarela.com\/fr\/violence-conjugale\/#article","isPartOf":{"@id":"https:\/\/www.albertojosevarela.com\/fr\/violence-conjugale\/"},"author":{"name":"Alberto Jos\u00e9 Varela","@id":"https:\/\/www.albertojosevarela.com\/fr\/#\/schema\/person\/6197324b0e48a485e79c32ccad0064d8"},"headline":"PRENDRE LA MALTRAITANCE ET LA VIOLENCE CONJUGALE PAR LA RACINE. Une vision qui pousse \u00e0 la confrontation sur un probl\u00e8me global.","datePublished":"2016-12-19T14:55:47+00:00","mainEntityOfPage":{"@id":"https:\/\/www.albertojosevarela.com\/fr\/violence-conjugale\/"},"wordCount":1584,"publisher":{"@id":"https:\/\/www.albertojosevarela.com\/fr\/#\/schema\/person\/6197324b0e48a485e79c32ccad0064d8"},"image":{"@id":"https:\/\/www.albertojosevarela.com\/fr\/violence-conjugale\/#primaryimage"},"thumbnailUrl":"https:\/\/www.albertojosevarela.com\/wp-content\/uploads\/2021\/07\/MUJER-gritando-710x399-1-1.jpg","articleSection":["Editorial","T\u00e9cnicas y M\u00e9todos terap\u00e9uticos"],"inLanguage":"fr-FR"},{"@type":"WebPage","@id":"https:\/\/www.albertojosevarela.com\/fr\/violence-conjugale\/","url":"https:\/\/www.albertojosevarela.com\/fr\/violence-conjugale\/","name":"PRENDRE LA MALTRAITANCE ET LA VIOLENCE CONJUGALE PAR LA RACINE. Une vision qui pousse \u00e0 la confrontation sur un probl\u00e8me global. - Web Oficial de Alverto","isPartOf":{"@id":"https:\/\/www.albertojosevarela.com\/fr\/#website"},"primaryImageOfPage":{"@id":"https:\/\/www.albertojosevarela.com\/fr\/violence-conjugale\/#primaryimage"},"image":{"@id":"https:\/\/www.albertojosevarela.com\/fr\/violence-conjugale\/#primaryimage"},"thumbnailUrl":"https:\/\/www.albertojosevarela.com\/wp-content\/uploads\/2021\/07\/MUJER-gritando-710x399-1-1.jpg","datePublished":"2016-12-19T14:55:47+00:00","breadcrumb":{"@id":"https:\/\/www.albertojosevarela.com\/fr\/violence-conjugale\/#breadcrumb"},"inLanguage":"fr-FR","potentialAction":[{"@type":"ReadAction","target":["https:\/\/www.albertojosevarela.com\/fr\/violence-conjugale\/"]}]},{"@type":"ImageObject","inLanguage":"fr-FR","@id":"https:\/\/www.albertojosevarela.com\/fr\/violence-conjugale\/#primaryimage","url":"https:\/\/www.albertojosevarela.com\/wp-content\/uploads\/2021\/07\/MUJER-gritando-710x399-1-1.jpg","contentUrl":"https:\/\/www.albertojosevarela.com\/wp-content\/uploads\/2021\/07\/MUJER-gritando-710x399-1-1.jpg","width":710,"height":399},{"@type":"BreadcrumbList","@id":"https:\/\/www.albertojosevarela.com\/fr\/violence-conjugale\/#breadcrumb","itemListElement":[{"@type":"ListItem","position":1,"name":"Inicio","item":"https:\/\/www.albertojosevarela.com\/fr\/"},{"@type":"ListItem","position":2,"name":"Editorial","item":"https:\/\/www.albertojosevarela.com\/fr\/category\/editorial-fr\/"},{"@type":"ListItem","position":3,"name":"PRENDRE LA MALTRAITANCE ET LA VIOLENCE CONJUGALE PAR LA RACINE. Une vision qui pousse \u00e0 la confrontation sur un probl\u00e8me global."}]},{"@type":"WebSite","@id":"https:\/\/www.albertojosevarela.com\/fr\/#website","url":"https:\/\/www.albertojosevarela.com\/fr\/","name":"Web Oficial de Alberto Jos\u00e9 Varela","description":"El ser humano evoluciona cuando se mira adentro","publisher":{"@id":"https:\/\/www.albertojosevarela.com\/fr\/#\/schema\/person\/6197324b0e48a485e79c32ccad0064d8"},"potentialAction":[{"@type":"SearchAction","target":{"@type":"EntryPoint","urlTemplate":"https:\/\/www.albertojosevarela.com\/fr\/?s={search_term_string}"},"query-input":{"@type":"PropertyValueSpecification","valueRequired":true,"valueName":"search_term_string"}}],"inLanguage":"fr-FR"},{"@type":["Person","Organization"],"@id":"https:\/\/www.albertojosevarela.com\/fr\/#\/schema\/person\/6197324b0e48a485e79c32ccad0064d8","name":"Alberto Jos\u00e9 Varela","image":{"@type":"ImageObject","inLanguage":"fr-FR","@id":"https:\/\/www.albertojosevarela.com\/wp-content\/uploads\/2020\/11\/alberto-varela.jpeg","url":"https:\/\/www.albertojosevarela.com\/wp-content\/uploads\/2020\/11\/alberto-varela.jpeg","contentUrl":"https:\/\/www.albertojosevarela.com\/wp-content\/uploads\/2020\/11\/alberto-varela.jpeg","width":682,"height":864,"caption":"Alberto Jos\u00e9 Varela"},"logo":{"@id":"https:\/\/www.albertojosevarela.com\/wp-content\/uploads\/2020\/11\/alberto-varela.jpeg"},"description":"Fundador de empresas y organizaciones; creador de t\u00e9cnicas, m\u00e9todos y escuelas; autor de varios libros. Estudiante autodidacta, investigador y conferencista internacional, con una experiencia de m\u00e1s de 40 a\u00f1os en la gesti\u00f3n organizacional y los RRHH. Actualmente crece su influencia en el \u00e1mbito motivacional, terap\u00e9utico y espiritual a ra\u00edz del mensaje evolutivo que transmite.","sameAs":["https:\/\/www.facebook.com\/Alvertojosevarela","https:\/\/www.instagram.com\/albertojose.varela\/","https:\/\/www.linkedin.com\/in\/alverto-varela\/","https:\/\/x.com\/albertoJ_varela","https:\/\/www.youtube.com\/c\/AlvertoVarela"]}]}},"jetpack_featured_media_url":"https:\/\/www.albertojosevarela.com\/wp-content\/uploads\/2021\/07\/MUJER-gritando-710x399-1-1.jpg","_links":{"self":[{"href":"https:\/\/www.albertojosevarela.com\/fr\/wp-json\/wp\/v2\/posts\/64760","targetHints":{"allow":["GET"]}}],"collection":[{"href":"https:\/\/www.albertojosevarela.com\/fr\/wp-json\/wp\/v2\/posts"}],"about":[{"href":"https:\/\/www.albertojosevarela.com\/fr\/wp-json\/wp\/v2\/types\/post"}],"author":[{"embeddable":true,"href":"https:\/\/www.albertojosevarela.com\/fr\/wp-json\/wp\/v2\/users\/9"}],"replies":[{"embeddable":true,"href":"https:\/\/www.albertojosevarela.com\/fr\/wp-json\/wp\/v2\/comments?post=64760"}],"version-history":[{"count":0,"href":"https:\/\/www.albertojosevarela.com\/fr\/wp-json\/wp\/v2\/posts\/64760\/revisions"}],"wp:featuredmedia":[{"embeddable":true,"href":"https:\/\/www.albertojosevarela.com\/fr\/wp-json\/wp\/v2\/media\/64761"}],"wp:attachment":[{"href":"https:\/\/www.albertojosevarela.com\/fr\/wp-json\/wp\/v2\/media?parent=64760"}],"wp:term":[{"taxonomy":"category","embeddable":true,"href":"https:\/\/www.albertojosevarela.com\/fr\/wp-json\/wp\/v2\/categories?post=64760"},{"taxonomy":"post_tag","embeddable":true,"href":"https:\/\/www.albertojosevarela.com\/fr\/wp-json\/wp\/v2\/tags?post=64760"}],"curies":[{"name":"wp","href":"https:\/\/api.w.org\/{rel}","templated":true}]}}