{"id":64808,"date":"2017-01-06T21:48:42","date_gmt":"2017-01-06T20:48:42","guid":{"rendered":"https:\/\/www.albertojosevarela.com\/art-et-ayahuasca\/"},"modified":"2017-01-06T21:48:42","modified_gmt":"2017-01-06T20:48:42","slug":"art-et-ayahuasca","status":"publish","type":"post","link":"https:\/\/www.albertojosevarela.com\/fr\/art-et-ayahuasca\/","title":{"rendered":"ART ET AYAHUASCA: Peintures cr\u00e9es par l\u2019inspiration de la vision qu\u2019offre l\u2019expansion de la conscience."},"content":{"rendered":"<h1><strong><span style=\"color: #ff6600;\">T\u00c9MOIGNAGE PO\u00c9TIQUE D\u2019UN ARTISTE QUI A BU L\u2019AYAHUASCA\u00a0<\/span><\/strong><\/h1>\n<h2><em><strong>D&rsquo;un participant de ce week-end qui pratique la m\u00e9ditation zen et qui est un peintre.\u00a0<\/strong><\/em><\/h2>\n<p><strong><em>Dans le silence s\u2019est \u00e9vanoui la solitude. Embrass\u00e9 par la lumi\u00e8re de l\u2019Univers je n\u2019\u00e9tais plus seul, je me suis fondu avec le c\u0153ur et j\u2019ai re\u00e7u le cadeau de sons et des couleurs.<\/em><\/strong><\/p>\n<p><strong><em>J\u2019\u00e9tais en expansion, dans le voyage, dans les cavernes maintenant illumin\u00e9es par le son.<\/em><\/strong><\/p>\n<p><strong><em>C\u2019est la gratitude, c\u2019est l\u2019univers entier qui me choie et me berce en une chanson d\u2019amour inconditionnel qui m\u2019\u00e9loigne de moi.<\/em><\/strong><\/p>\n<p><strong><em>Je t\u2019observe au loin dans la distance de l\u2019int\u00e9rieur de tes yeux, il n\u2019y a plus de solitude.<\/em><\/strong><\/p>\n<p><strong><em>Avec douceur et tendresse.<\/em><\/strong><\/p>\n<p><strong><em>Dans l\u2019obscurit\u00e9 est apparu l\u2019ombre de lumi\u00e8re de tes mains.<\/em><\/strong><\/p>\n<p><strong><em>Elle p\u00e9n\u00e8tra mon \u00eatre<\/em><\/strong><\/p>\n<p><strong><em>Je voulais observer ces ombres<\/em><\/strong><\/p>\n<p><strong><em>Tu as dit : le nettoyage je le fais moi<\/em><\/strong><\/p>\n<p><strong><em>Apr\u00e8s \u00e0 l\u2019int\u00e9rieur de moi &#8230;<\/em><\/strong><\/p>\n<p><strong><em>Il y avait de la place pour l\u2019amour &#8230;<\/em><\/strong><\/p>\n<p><strong><em>Je pouvais respirer sans que la vie me blesse.<\/em><\/strong><\/p>\n<h3><strong>Ce sont des dessins que j\u2019ai fait apr\u00e8s la retraite avec les images que j\u2019ai vu durant la session d\u2019Ayahuasca.<\/strong><\/h3>\n<p>&nbsp;<\/p>\n<p><a href=\"http:\/\/www.albertojosevarela.com\/wp-content\/uploads\/2021\/07\/arte2-1.png\"><img fetchpriority=\"high\" decoding=\"async\" class=\"alignnone size-medium wp-image-3284\" src=\"http:\/\/www.albertojosevarela.com\/wp-content\/uploads\/2021\/07\/arte2-1-225x300.png\" alt=\"arte2\" width=\"225\" height=\"300\" \/><\/a><\/p>\n<p><a href=\"http:\/\/www.albertojosevarela.com\/wp-content\/uploads\/2021\/07\/arte3-1.jpg\"><img decoding=\"async\" class=\"alignnone size-medium wp-image-3285\" src=\"http:\/\/www.albertojosevarela.com\/wp-content\/uploads\/2021\/07\/arte3-1-209x300.jpg\" alt=\"arte3\" width=\"209\" height=\"300\" \/><\/a><\/p>\n","protected":false},"excerpt":{"rendered":"<p>T\u00c9MOIGNAGE PO\u00c9TIQUE D\u2019UN ARTISTE QUI A BU L\u2019AYAHUASCA\u00a0 D&rsquo;un participant de ce week-end qui pratique la m\u00e9ditation zen et qui est un peintre.\u00a0 Dans le silence s\u2019est \u00e9vanoui la solitude. Embrass\u00e9 par la lumi\u00e8re de l\u2019Univers je n\u2019\u00e9tais plus seul, je me suis fondu avec le c\u0153ur et j\u2019ai re\u00e7u le cadeau de sons et [&hellip;]<\/p>\n","protected":false},"author":9,"featured_media":64809,"comment_status":"closed","ping_status":"closed","sticky":false,"template":"","format":"standard","meta":{"_acf_changed":false,"site-sidebar-layout":"default","site-content-layout":"","ast-site-content-layout":"default","site-content-style":"default","site-sidebar-style":"default","ast-global-header-display":"","ast-banner-title-visibility":"","ast-main-header-display":"","ast-hfb-above-header-display":"","ast-hfb-below-header-display":"","ast-hfb-mobile-header-display":"","site-post-title":"","ast-breadcrumbs-content":"","ast-featured-img":"","footer-sml-layout":"","theme-transparent-header-meta":"","adv-header-id-meta":"","stick-header-meta":"","header-above-stick-meta":"","header-main-stick-meta":"","header-below-stick-meta":"","astra-migrate-meta-layouts":"default","ast-page-background-enabled":"default","ast-page-background-meta":{"desktop":{"background-color":"","background-image":"","background-repeat":"repeat","background-position":"center center","background-size":"auto","background-attachment":"scroll","background-type":"","background-media":"","overlay-type":"","overlay-color":"","overlay-opacity":"","overlay-gradient":""},"tablet":{"background-color":"","background-image":"","background-repeat":"repeat","background-position":"center center","background-size":"auto","background-attachment":"scroll","background-type":"","background-media":"","overlay-type":"","overlay-color":"","overlay-opacity":"","overlay-gradient":""},"mobile":{"background-color":"","background-image":"","background-repeat":"repeat","background-position":"center center","background-size":"auto","background-attachment":"scroll","background-type":"","background-media":"","overlay-type":"","overlay-color":"","overlay-opacity":"","overlay-gradient":""}},"ast-content-background-meta":{"desktop":{"background-color":"var(--ast-global-color-5)","background-image":"","background-repeat":"repeat","background-position":"center center","background-size":"auto","background-attachment":"scroll","background-type":"","background-media":"","overlay-type":"","overlay-color":"","overlay-opacity":"","overlay-gradient":""},"tablet":{"background-color":"var(--ast-global-color-5)","background-image":"","background-repeat":"repeat","background-position":"center center","background-size":"auto","background-attachment":"scroll","background-type":"","background-media":"","overlay-type":"","overlay-color":"","overlay-opacity":"","overlay-gradient":""},"mobile":{"background-color":"var(--ast-global-color-5)","background-image":"","background-repeat":"repeat","background-position":"center center","background-size":"auto","background-attachment":"scroll","background-type":"","background-media":"","overlay-type":"","overlay-color":"","overlay-opacity":"","overlay-gradient":""}},"ep_exclude_from_search":false,"footnotes":""},"categories":[],"tags":[],"class_list":["post-64808","post","type-post","status-publish","format-standard","has-post-thumbnail","hentry"],"acf":[],"yoast_head":"<!-- This site is optimized with the Yoast SEO plugin v27.4 - https:\/\/yoast.com\/product\/yoast-seo-wordpress\/ -->\n<title>ART ET AYAHUASCA: Peintures cr\u00e9es par l\u2019inspiration de la vision qu\u2019offre l\u2019expansion de la conscience. - Web Oficial de Alverto<\/title>\n<meta name=\"robots\" content=\"index, follow, max-snippet:-1, max-image-preview:large, max-video-preview:-1\" \/>\n<link rel=\"canonical\" href=\"https:\/\/www.albertojosevarela.com\/fr\/art-et-ayahuasca\/\" \/>\n<meta property=\"og:locale\" content=\"fr_FR\" \/>\n<meta property=\"og:type\" content=\"article\" \/>\n<meta property=\"og:title\" content=\"ART ET AYAHUASCA: Peintures cr\u00e9es par l\u2019inspiration de la vision qu\u2019offre l\u2019expansion de la conscience. - Web Oficial de Alverto\" \/>\n<meta property=\"og:description\" content=\"T\u00c9MOIGNAGE PO\u00c9TIQUE D\u2019UN ARTISTE QUI A BU L\u2019AYAHUASCA\u00a0 D&rsquo;un participant de ce week-end qui pratique la m\u00e9ditation zen et qui est un peintre.\u00a0 Dans le silence s\u2019est \u00e9vanoui la solitude. Embrass\u00e9 par la lumi\u00e8re de l\u2019Univers je n\u2019\u00e9tais plus seul, je me suis fondu avec le c\u0153ur et j\u2019ai re\u00e7u le cadeau de sons et [&hellip;]\" \/>\n<meta property=\"og:url\" content=\"https:\/\/www.albertojosevarela.com\/fr\/art-et-ayahuasca\/\" \/>\n<meta property=\"og:site_name\" content=\"Web Oficial de Alverto\" \/>\n<meta property=\"article:publisher\" content=\"https:\/\/www.facebook.com\/Alvertojosevarela\" \/>\n<meta property=\"article:author\" content=\"https:\/\/www.facebook.com\/Alvertojosevarela\" \/>\n<meta property=\"article:published_time\" content=\"2017-01-06T20:48:42+00:00\" \/>\n<meta property=\"og:image\" content=\"https:\/\/www.albertojosevarela.com\/wp-content\/uploads\/2021\/07\/arte2-1.png\" \/>\n\t<meta property=\"og:image:width\" content=\"768\" \/>\n\t<meta property=\"og:image:height\" content=\"1024\" \/>\n\t<meta property=\"og:image:type\" content=\"image\/png\" \/>\n<meta name=\"author\" content=\"Alberto Jos\u00e9 Varela\" \/>\n<meta name=\"twitter:card\" content=\"summary_large_image\" \/>\n<meta name=\"twitter:creator\" content=\"@albertoJ_varela\" \/>\n<meta name=\"twitter:site\" content=\"@albertoJ_varela\" \/>\n<script type=\"application\/ld+json\" class=\"yoast-schema-graph\">{\"@context\":\"https:\\\/\\\/schema.org\",\"@graph\":[{\"@type\":\"Article\",\"@id\":\"https:\\\/\\\/www.albertojosevarela.com\\\/fr\\\/art-et-ayahuasca\\\/#article\",\"isPartOf\":{\"@id\":\"https:\\\/\\\/www.albertojosevarela.com\\\/fr\\\/art-et-ayahuasca\\\/\"},\"author\":{\"name\":\"Alberto Jos\u00e9 Varela\",\"@id\":\"https:\\\/\\\/www.albertojosevarela.com\\\/fr\\\/#\\\/schema\\\/person\\\/6197324b0e48a485e79c32ccad0064d8\"},\"headline\":\"ART ET AYAHUASCA: Peintures cr\u00e9es par l\u2019inspiration de la vision qu\u2019offre l\u2019expansion de la conscience.\",\"datePublished\":\"2017-01-06T20:48:42+00:00\",\"mainEntityOfPage\":{\"@id\":\"https:\\\/\\\/www.albertojosevarela.com\\\/fr\\\/art-et-ayahuasca\\\/\"},\"wordCount\":240,\"publisher\":{\"@id\":\"https:\\\/\\\/www.albertojosevarela.com\\\/fr\\\/#\\\/schema\\\/person\\\/6197324b0e48a485e79c32ccad0064d8\"},\"image\":{\"@id\":\"https:\\\/\\\/www.albertojosevarela.com\\\/fr\\\/art-et-ayahuasca\\\/#primaryimage\"},\"thumbnailUrl\":\"https:\\\/\\\/www.albertojosevarela.com\\\/wp-content\\\/uploads\\\/2021\\\/07\\\/arte2-1.png\",\"inLanguage\":\"fr-FR\"},{\"@type\":\"WebPage\",\"@id\":\"https:\\\/\\\/www.albertojosevarela.com\\\/fr\\\/art-et-ayahuasca\\\/\",\"url\":\"https:\\\/\\\/www.albertojosevarela.com\\\/fr\\\/art-et-ayahuasca\\\/\",\"name\":\"ART ET AYAHUASCA: Peintures cr\u00e9es par l\u2019inspiration de la vision qu\u2019offre l\u2019expansion de la conscience. - Web Oficial de Alverto\",\"isPartOf\":{\"@id\":\"https:\\\/\\\/www.albertojosevarela.com\\\/fr\\\/#website\"},\"primaryImageOfPage\":{\"@id\":\"https:\\\/\\\/www.albertojosevarela.com\\\/fr\\\/art-et-ayahuasca\\\/#primaryimage\"},\"image\":{\"@id\":\"https:\\\/\\\/www.albertojosevarela.com\\\/fr\\\/art-et-ayahuasca\\\/#primaryimage\"},\"thumbnailUrl\":\"https:\\\/\\\/www.albertojosevarela.com\\\/wp-content\\\/uploads\\\/2021\\\/07\\\/arte2-1.png\",\"datePublished\":\"2017-01-06T20:48:42+00:00\",\"breadcrumb\":{\"@id\":\"https:\\\/\\\/www.albertojosevarela.com\\\/fr\\\/art-et-ayahuasca\\\/#breadcrumb\"},\"inLanguage\":\"fr-FR\",\"potentialAction\":[{\"@type\":\"ReadAction\",\"target\":[\"https:\\\/\\\/www.albertojosevarela.com\\\/fr\\\/art-et-ayahuasca\\\/\"]}]},{\"@type\":\"ImageObject\",\"inLanguage\":\"fr-FR\",\"@id\":\"https:\\\/\\\/www.albertojosevarela.com\\\/fr\\\/art-et-ayahuasca\\\/#primaryimage\",\"url\":\"https:\\\/\\\/www.albertojosevarela.com\\\/wp-content\\\/uploads\\\/2021\\\/07\\\/arte2-1.png\",\"contentUrl\":\"https:\\\/\\\/www.albertojosevarela.com\\\/wp-content\\\/uploads\\\/2021\\\/07\\\/arte2-1.png\",\"width\":768,\"height\":1024},{\"@type\":\"BreadcrumbList\",\"@id\":\"https:\\\/\\\/www.albertojosevarela.com\\\/fr\\\/art-et-ayahuasca\\\/#breadcrumb\",\"itemListElement\":[{\"@type\":\"ListItem\",\"position\":1,\"name\":\"Inicio\",\"item\":\"https:\\\/\\\/www.albertojosevarela.com\\\/fr\\\/\"},{\"@type\":\"ListItem\",\"position\":2,\"name\":\"ART ET AYAHUASCA: Peintures cr\u00e9es par l\u2019inspiration de la vision qu\u2019offre l\u2019expansion de la conscience.\"}]},{\"@type\":\"WebSite\",\"@id\":\"https:\\\/\\\/www.albertojosevarela.com\\\/fr\\\/#website\",\"url\":\"https:\\\/\\\/www.albertojosevarela.com\\\/fr\\\/\",\"name\":\"Web Oficial de Alberto Jos\u00e9 Varela\",\"description\":\"El ser humano evoluciona cuando se mira adentro\",\"publisher\":{\"@id\":\"https:\\\/\\\/www.albertojosevarela.com\\\/fr\\\/#\\\/schema\\\/person\\\/6197324b0e48a485e79c32ccad0064d8\"},\"potentialAction\":[{\"@type\":\"SearchAction\",\"target\":{\"@type\":\"EntryPoint\",\"urlTemplate\":\"https:\\\/\\\/www.albertojosevarela.com\\\/fr\\\/?s={search_term_string}\"},\"query-input\":{\"@type\":\"PropertyValueSpecification\",\"valueRequired\":true,\"valueName\":\"search_term_string\"}}],\"inLanguage\":\"fr-FR\"},{\"@type\":[\"Person\",\"Organization\"],\"@id\":\"https:\\\/\\\/www.albertojosevarela.com\\\/fr\\\/#\\\/schema\\\/person\\\/6197324b0e48a485e79c32ccad0064d8\",\"name\":\"Alberto Jos\u00e9 Varela\",\"image\":{\"@type\":\"ImageObject\",\"inLanguage\":\"fr-FR\",\"@id\":\"https:\\\/\\\/www.albertojosevarela.com\\\/wp-content\\\/uploads\\\/2020\\\/11\\\/alberto-varela.jpeg\",\"url\":\"https:\\\/\\\/www.albertojosevarela.com\\\/wp-content\\\/uploads\\\/2020\\\/11\\\/alberto-varela.jpeg\",\"contentUrl\":\"https:\\\/\\\/www.albertojosevarela.com\\\/wp-content\\\/uploads\\\/2020\\\/11\\\/alberto-varela.jpeg\",\"width\":682,\"height\":864,\"caption\":\"Alberto Jos\u00e9 Varela\"},\"logo\":{\"@id\":\"https:\\\/\\\/www.albertojosevarela.com\\\/wp-content\\\/uploads\\\/2020\\\/11\\\/alberto-varela.jpeg\"},\"description\":\"Fundador de empresas y organizaciones; creador de t\u00e9cnicas, m\u00e9todos y escuelas; autor de varios libros. Estudiante autodidacta, investigador y conferencista internacional, con una experiencia de m\u00e1s de 40 a\u00f1os en la gesti\u00f3n organizacional y los RRHH. Actualmente crece su influencia en el \u00e1mbito motivacional, terap\u00e9utico y espiritual a ra\u00edz del mensaje evolutivo que transmite.\",\"sameAs\":[\"https:\\\/\\\/www.facebook.com\\\/Alvertojosevarela\",\"https:\\\/\\\/www.instagram.com\\\/albertojose.varela\\\/\",\"https:\\\/\\\/www.linkedin.com\\\/in\\\/alverto-varela\\\/\",\"https:\\\/\\\/x.com\\\/albertoJ_varela\",\"https:\\\/\\\/www.youtube.com\\\/c\\\/AlvertoVarela\"]}]}<\/script>\n<!-- \/ Yoast SEO plugin. -->","yoast_head_json":{"title":"ART ET AYAHUASCA: Peintures cr\u00e9es par l\u2019inspiration de la vision qu\u2019offre l\u2019expansion de la conscience. - Web Oficial de Alverto","robots":{"index":"index","follow":"follow","max-snippet":"max-snippet:-1","max-image-preview":"max-image-preview:large","max-video-preview":"max-video-preview:-1"},"canonical":"https:\/\/www.albertojosevarela.com\/fr\/art-et-ayahuasca\/","og_locale":"fr_FR","og_type":"article","og_title":"ART ET AYAHUASCA: Peintures cr\u00e9es par l\u2019inspiration de la vision qu\u2019offre l\u2019expansion de la conscience. - Web Oficial de Alverto","og_description":"T\u00c9MOIGNAGE PO\u00c9TIQUE D\u2019UN ARTISTE QUI A BU L\u2019AYAHUASCA\u00a0 D&rsquo;un participant de ce week-end qui pratique la m\u00e9ditation zen et qui est un peintre.\u00a0 Dans le silence s\u2019est \u00e9vanoui la solitude. Embrass\u00e9 par la lumi\u00e8re de l\u2019Univers je n\u2019\u00e9tais plus seul, je me suis fondu avec le c\u0153ur et j\u2019ai re\u00e7u le cadeau de sons et [&hellip;]","og_url":"https:\/\/www.albertojosevarela.com\/fr\/art-et-ayahuasca\/","og_site_name":"Web Oficial de Alverto","article_publisher":"https:\/\/www.facebook.com\/Alvertojosevarela","article_author":"https:\/\/www.facebook.com\/Alvertojosevarela","article_published_time":"2017-01-06T20:48:42+00:00","og_image":[{"width":768,"height":1024,"url":"https:\/\/www.albertojosevarela.com\/wp-content\/uploads\/2021\/07\/arte2-1.png","type":"image\/png"}],"author":"Alberto Jos\u00e9 Varela","twitter_card":"summary_large_image","twitter_creator":"@albertoJ_varela","twitter_site":"@albertoJ_varela","schema":{"@context":"https:\/\/schema.org","@graph":[{"@type":"Article","@id":"https:\/\/www.albertojosevarela.com\/fr\/art-et-ayahuasca\/#article","isPartOf":{"@id":"https:\/\/www.albertojosevarela.com\/fr\/art-et-ayahuasca\/"},"author":{"name":"Alberto Jos\u00e9 Varela","@id":"https:\/\/www.albertojosevarela.com\/fr\/#\/schema\/person\/6197324b0e48a485e79c32ccad0064d8"},"headline":"ART ET AYAHUASCA: Peintures cr\u00e9es par l\u2019inspiration de la vision qu\u2019offre l\u2019expansion de la conscience.","datePublished":"2017-01-06T20:48:42+00:00","mainEntityOfPage":{"@id":"https:\/\/www.albertojosevarela.com\/fr\/art-et-ayahuasca\/"},"wordCount":240,"publisher":{"@id":"https:\/\/www.albertojosevarela.com\/fr\/#\/schema\/person\/6197324b0e48a485e79c32ccad0064d8"},"image":{"@id":"https:\/\/www.albertojosevarela.com\/fr\/art-et-ayahuasca\/#primaryimage"},"thumbnailUrl":"https:\/\/www.albertojosevarela.com\/wp-content\/uploads\/2021\/07\/arte2-1.png","inLanguage":"fr-FR"},{"@type":"WebPage","@id":"https:\/\/www.albertojosevarela.com\/fr\/art-et-ayahuasca\/","url":"https:\/\/www.albertojosevarela.com\/fr\/art-et-ayahuasca\/","name":"ART ET AYAHUASCA: Peintures cr\u00e9es par l\u2019inspiration de la vision qu\u2019offre l\u2019expansion de la conscience. - Web Oficial de Alverto","isPartOf":{"@id":"https:\/\/www.albertojosevarela.com\/fr\/#website"},"primaryImageOfPage":{"@id":"https:\/\/www.albertojosevarela.com\/fr\/art-et-ayahuasca\/#primaryimage"},"image":{"@id":"https:\/\/www.albertojosevarela.com\/fr\/art-et-ayahuasca\/#primaryimage"},"thumbnailUrl":"https:\/\/www.albertojosevarela.com\/wp-content\/uploads\/2021\/07\/arte2-1.png","datePublished":"2017-01-06T20:48:42+00:00","breadcrumb":{"@id":"https:\/\/www.albertojosevarela.com\/fr\/art-et-ayahuasca\/#breadcrumb"},"inLanguage":"fr-FR","potentialAction":[{"@type":"ReadAction","target":["https:\/\/www.albertojosevarela.com\/fr\/art-et-ayahuasca\/"]}]},{"@type":"ImageObject","inLanguage":"fr-FR","@id":"https:\/\/www.albertojosevarela.com\/fr\/art-et-ayahuasca\/#primaryimage","url":"https:\/\/www.albertojosevarela.com\/wp-content\/uploads\/2021\/07\/arte2-1.png","contentUrl":"https:\/\/www.albertojosevarela.com\/wp-content\/uploads\/2021\/07\/arte2-1.png","width":768,"height":1024},{"@type":"BreadcrumbList","@id":"https:\/\/www.albertojosevarela.com\/fr\/art-et-ayahuasca\/#breadcrumb","itemListElement":[{"@type":"ListItem","position":1,"name":"Inicio","item":"https:\/\/www.albertojosevarela.com\/fr\/"},{"@type":"ListItem","position":2,"name":"ART ET AYAHUASCA: Peintures cr\u00e9es par l\u2019inspiration de la vision qu\u2019offre l\u2019expansion de la conscience."}]},{"@type":"WebSite","@id":"https:\/\/www.albertojosevarela.com\/fr\/#website","url":"https:\/\/www.albertojosevarela.com\/fr\/","name":"Web Oficial de Alberto Jos\u00e9 Varela","description":"El ser humano evoluciona cuando se mira adentro","publisher":{"@id":"https:\/\/www.albertojosevarela.com\/fr\/#\/schema\/person\/6197324b0e48a485e79c32ccad0064d8"},"potentialAction":[{"@type":"SearchAction","target":{"@type":"EntryPoint","urlTemplate":"https:\/\/www.albertojosevarela.com\/fr\/?s={search_term_string}"},"query-input":{"@type":"PropertyValueSpecification","valueRequired":true,"valueName":"search_term_string"}}],"inLanguage":"fr-FR"},{"@type":["Person","Organization"],"@id":"https:\/\/www.albertojosevarela.com\/fr\/#\/schema\/person\/6197324b0e48a485e79c32ccad0064d8","name":"Alberto Jos\u00e9 Varela","image":{"@type":"ImageObject","inLanguage":"fr-FR","@id":"https:\/\/www.albertojosevarela.com\/wp-content\/uploads\/2020\/11\/alberto-varela.jpeg","url":"https:\/\/www.albertojosevarela.com\/wp-content\/uploads\/2020\/11\/alberto-varela.jpeg","contentUrl":"https:\/\/www.albertojosevarela.com\/wp-content\/uploads\/2020\/11\/alberto-varela.jpeg","width":682,"height":864,"caption":"Alberto Jos\u00e9 Varela"},"logo":{"@id":"https:\/\/www.albertojosevarela.com\/wp-content\/uploads\/2020\/11\/alberto-varela.jpeg"},"description":"Fundador de empresas y organizaciones; creador de t\u00e9cnicas, m\u00e9todos y escuelas; autor de varios libros. Estudiante autodidacta, investigador y conferencista internacional, con una experiencia de m\u00e1s de 40 a\u00f1os en la gesti\u00f3n organizacional y los RRHH. Actualmente crece su influencia en el \u00e1mbito motivacional, terap\u00e9utico y espiritual a ra\u00edz del mensaje evolutivo que transmite.","sameAs":["https:\/\/www.facebook.com\/Alvertojosevarela","https:\/\/www.instagram.com\/albertojose.varela\/","https:\/\/www.linkedin.com\/in\/alverto-varela\/","https:\/\/x.com\/albertoJ_varela","https:\/\/www.youtube.com\/c\/AlvertoVarela"]}]}},"jetpack_featured_media_url":"https:\/\/www.albertojosevarela.com\/wp-content\/uploads\/2021\/07\/arte2-1.png","_links":{"self":[{"href":"https:\/\/www.albertojosevarela.com\/fr\/wp-json\/wp\/v2\/posts\/64808","targetHints":{"allow":["GET"]}}],"collection":[{"href":"https:\/\/www.albertojosevarela.com\/fr\/wp-json\/wp\/v2\/posts"}],"about":[{"href":"https:\/\/www.albertojosevarela.com\/fr\/wp-json\/wp\/v2\/types\/post"}],"author":[{"embeddable":true,"href":"https:\/\/www.albertojosevarela.com\/fr\/wp-json\/wp\/v2\/users\/9"}],"replies":[{"embeddable":true,"href":"https:\/\/www.albertojosevarela.com\/fr\/wp-json\/wp\/v2\/comments?post=64808"}],"version-history":[{"count":0,"href":"https:\/\/www.albertojosevarela.com\/fr\/wp-json\/wp\/v2\/posts\/64808\/revisions"}],"wp:featuredmedia":[{"embeddable":true,"href":"https:\/\/www.albertojosevarela.com\/fr\/wp-json\/wp\/v2\/media\/64809"}],"wp:attachment":[{"href":"https:\/\/www.albertojosevarela.com\/fr\/wp-json\/wp\/v2\/media?parent=64808"}],"wp:term":[{"taxonomy":"category","embeddable":true,"href":"https:\/\/www.albertojosevarela.com\/fr\/wp-json\/wp\/v2\/categories?post=64808"},{"taxonomy":"post_tag","embeddable":true,"href":"https:\/\/www.albertojosevarela.com\/fr\/wp-json\/wp\/v2\/tags?post=64808"}],"curies":[{"name":"wp","href":"https:\/\/api.w.org\/{rel}","templated":true}]}}