{"id":64984,"date":"2017-04-09T21:16:07","date_gmt":"2017-04-09T19:16:07","guid":{"rendered":"https:\/\/www.albertojosevarela.com\/commentaires-courts-mais-expliquent-clairement-le-processus-que-nous-proposons-au-sujet-de-layahuascale-bufo-alvarius-lintegration-psycho-therapeutique-et-les-facilitateurs-de-notre-organisatio\/"},"modified":"2017-04-09T21:16:07","modified_gmt":"2017-04-09T19:16:07","slug":"commentaires-courts-mais-expliquent-clairement-le-processus-que-nous-proposons-au-sujet-de-layahuascale-bufo-alvarius-lintegration-psycho-therapeutique-et-les-facilitateurs-de-notre-organisatio","status":"publish","type":"post","link":"https:\/\/www.albertojosevarela.com\/fr\/commentaires-courts-mais-expliquent-clairement-le-processus-que-nous-proposons-au-sujet-de-layahuascale-bufo-alvarius-lintegration-psycho-therapeutique-et-les-facilitateurs-de-notre-organisatio\/","title":{"rendered":"COMMENTAIRES COURTS MAIS EXPLIQUENT CLAIREMENT LE PROCESSUS QUE NOUS PROPOSONS. Au sujet de l&rsquo;Ayahuasca,le Bufo Alvarius, l&rsquo;Int\u00e9gration psycho-th\u00e9rapeutique et les facilitateurs de notre organisation."},"content":{"rendered":"<h1><span style=\"color: #ff6600;\"><strong>MERCI \u00c0 TANT DE PARTICIPANTS QUI NOUS \u00c9CRIVENT &#8230;\u00a0<\/strong><\/span><\/h1>\n<h2><em><strong><span style=\"color: #333333;\">Que cela soit pour nous f\u00e9liciter, nous remercier, nous raconter comment ils vont ou nous encourager \u00e0 continuer.\u00a0<\/span><\/strong><\/em><\/h2>\n<p><span style=\"font-weight: 400;\">J\u2019ai fait ma premi\u00e8re retraite Ayahuasca avec Eliel et Ennio. Apr\u00e8s la retraite, je leur ai dit combien j\u2019ai appr\u00e9ci\u00e9 leur grande capacit\u00e9 et qualit\u00e9 th\u00e9rapeutiques et d\u2019accompagnement malgr\u00e9 leur jeune \u00e2ge. La deuxi\u00e8me retraite, je l\u2019ai faite avec Victor et Ingrid, et \u00e0 nouveau je ne peux que faire des \u00e9loges de leur accompagnement et du processus d\u2019int\u00e9gration. Cette grande capacit\u00e9 et int\u00e9grit\u00e9 si jeune me donne un grand espoir pour le futur\u00a0! F\u00e9licitations aussi \u00e0 une \u00e9cole qui r\u00e9ussit \u00a0\u00e0 former des professionnels de si haute \u00a0qualit\u00e9.<\/span><\/p>\n<p><span style=\"font-weight: 400;\">Lieve<\/span><\/p>\n<p><span style=\"font-weight: 400;\">Bonjour Alberto, je suis Pedro Andr\u00e9s Mu\u00f1oz. Avant tout j\u2019aimerais vous remercier pour tout ce que vous avez apport\u00e9 \u00e0 ma vie. Les gens disent beaucoup de choses sur vous\u2026 que vous n\u2019\u00eates pas autoris\u00e9\u2026 Que vous n\u2019\u00eates pas un chaman, etc. \u00a0Et j\u2019ai toujours r\u00e9pondu la m\u00eame chose\u00a0; C\u2019est gr\u00e2ce \u00e0 cet homme-l\u00e0 que j\u2019ai connu tout \u00e7a. Et pour cela je ne peux que vous remercier, \u00a0du fond du c\u0153ur je vous dis, MERCI INFINIMENT. Cela faisait plus de 12 ans que je \u00a0fumais du cannabis et je n\u2019arrivais pas \u00e0 arr\u00eater. J\u2019ai fait deux retraites Ayahuasca et deux \u00a0\u00ab\u00a0sapito\u00a0\u00bb (Bufo Alvarius) et \u00e7a fait plus de trois mois que je ne fume plus. (Je suis enchant\u00e9!). En plus d\u2019entrevoir la vie comme jamais je ne l\u2019avais vue avant\u00a0!<\/span><\/p>\n<p><span style=\"font-weight: 400;\">Pedro<\/span><\/p>\n<p><span style=\"font-weight: 400;\">Bonjour Alberto, je suis Isabel, j\u2019ai assist\u00e9 \u00e0 la retraite de Bufo Alvarius et Ayahuasca du 17 et 18 de ce mois \u00e0 Marbella. J\u2019ai une longue trajectoire de formations en th\u00e9rapies naturelles et de d\u00e9veloppement personnel, ce qui m\u2019a permis d\u2019\u00e9voluer, de gu\u00e9rir et d\u2019accepter des situations dans ma vie, de devenir consciente des croyances qui me limitaient. Pour moi, votre retraite a \u00e9t\u00e9 tr\u00e8s r\u00e9v\u00e9latrice \u00e0 tous les niveaux. J\u2019ai beaucoup aim\u00e9 votre fa\u00e7on de travailler, depuis le \u00a0respect et en permettant que chaque participant s\u2019implique dans son propre processus, en sachant que si \u00e0 un moment donn\u00e9 \u00a0j\u2019avais besoin de soutien, j\u2019avais \u00e0 qui recourir. J\u2019avais d\u00e9j\u00e0 eu deux autres exp\u00e9riences d\u2019Ayahuasca, dans un autre centre, \u00a0elles ont \u00e9t\u00e9 aussi tr\u00e8s gu\u00e9rissantes. Le jour m\u00eame o\u00f9 \u00a0je suis sortie de votre retraite, \u00a0il \u00e9tait clair pour moi que je veux faire partie de votre \u00e9quipe. \u00a0Ce qui me satisfait \u00a0r\u00e9ellement, c\u2019est de travailler avec les gens, car c\u2019est ce que je fais maintenant avec mes th\u00e9rapies, en facilitant l\u2019auto-connaissance et en accompagnant les personnes qui veulent grandir et prendre conscience de leurs blocages pour gu\u00e9rir et pouvoir aller de l\u2019avant.<\/span><\/p>\n<p><span style=\"font-weight: 400;\">Isabel<\/span><\/p>\n<p><span style=\"font-weight: 400;\">Je suis tr\u00e8s heureux d\u2019avoir fait votre rencontre dans ce chemin sans fin, un chemin dans lequel je me retrouve constamment avec ce que j\u2019aime et avec ce que je n\u2019aime pas, et je me rends compte maintenant que ce n\u2019est pas ce que j\u2019aime ou pas qui importe vraiment, mais la conscience qui \u00e9merge de chaque moment, chaque fois plus, \u00e0 chaque moment l\u00e0 o\u00f9 je m\u2019y attends le moins. Et je permets enfin \u00e0 ce myst\u00e8re qui est LA VIE, de me mener l\u00e0 o\u00f9 elle veut. Quand je vous vois, je r\u00e9alise que je vais dans la bonne voie, \u00a0elle n\u2019est peut \u00eatre pas toujours commode, mais c\u2019est une voie pleine de VIE, pleine d\u2019aventure et d\u2019AMOUR. Depuis que j\u2019ai commenc\u00e9 en juin \u00e0 Barcelone, et jusqu\u2019\u00e0 aujourd\u2019hui, \u00e0 l\u2019\u00e9cole, \u00e0 chaque fois que je rentre \u00e0 la maison, c\u2019est comme rentrer dans la salle d\u2019op\u00e9ration et en sortir pour passer imm\u00e9diatement par le laboratoire, o\u00f9 je peux observer qui je suis r\u00e9ellement, ce que je sens, ce que je pense, \u00a0voir les croyances mourir sur place, m\u00eame quand je ne m\u2019en rends m\u00eame pas compte, mais ce n\u2019est pas grave, car je sais \u00a0que je suis en train de gu\u00e9rir. Quand je sors de la maison, je r\u00e9alise que je fais toujours des entr\u00e9es-sorties de la salle d\u2019op\u00e9rations et que le laboratoire est en moi, j\u2019ai plus de confiance, je n\u2019ai plus peur de \u00ab\u00a0mourir\u00a0\u00bb. \u00a0En plus de voir l\u2019Ayahuasca comme un outil de d\u00e9veloppement, je la vois comme une compagne dans ma route, je n\u2019ai plus besoin d\u2019elle. Je me suis livr\u00e9 \u00e0 elle, je sens son \u00e9nergie, sa sagesse pleine de silence et d\u2019amour. Avec l\u2019Ayahuasca il y a un avant et un apr\u00e8s. Je lui demanderai \u00a0toujours conseil, \u00a0je veux encore apprendre, c\u2019est le temps pour moins de th\u00e9ories et plus de pratique, elle m\u2019apprend la pratique pour que je puisse ensuite travailler sur ce qui me fait du mal, en me rendant responsable de ma propre vie sans bl\u00e2mer personne. Merci Alberto, et \u00e0 toutes les personnes qui travaillent jour apr\u00e8s jour en aidant \u00e0 prendre conscience, et \u00a0aussi aux participants, qui ont le courage de sauter dans le vide pour trouver ce qu\u2019ils d\u00e9sirent le plus.<\/span><\/p>\n<p><span style=\"font-weight: 400;\">MERCI DU FOND DU C\u0152UR D\u2019AVOIR EU L\u2019OPPORTUNIT\u00c9 DE VIVRE CETTE EXP\u00c9RIENCE.<\/span><\/p>\n<p><span style=\"font-weight: 400;\">Carlos Chito <\/span><\/p>\n<p>Si vous souhaitez participer \u00e0 une retraite, nous vous invitons \u00e0 nous \u00e9crire \u00e0 francophone@innermastery.es ou nous appeler au +34 602 413 931 (Aisha).<\/p>\n<p>[button color=\u00a0\u00bbblue\u00a0\u00bb size=\u00a0\u00bbmedium\u00a0\u00bb align=\u00a0\u00bbcenter\u00a0\u00bb style=\u00a0\u00bbsquare\u00a0\u00bb target=\u00a0\u00bb_blank\u00a0\u00bb link=\u00a0\u00bbhttps:\/\/www.albertojosevarela.com\/en\/lp\/francais\/\u00a0\u00bb ]Prochaines retraites, information compl\u00e8te et r\u00e9servation. [\/button]<\/p>\n","protected":false},"excerpt":{"rendered":"<p>MERCI \u00c0 TANT DE PARTICIPANTS QUI NOUS \u00c9CRIVENT &#8230;\u00a0 Que cela soit pour nous f\u00e9liciter, nous remercier, nous raconter comment ils vont ou nous encourager \u00e0 continuer.\u00a0 J\u2019ai fait ma premi\u00e8re retraite Ayahuasca avec Eliel et Ennio. Apr\u00e8s la retraite, je leur ai dit combien j\u2019ai appr\u00e9ci\u00e9 leur grande capacit\u00e9 et qualit\u00e9 th\u00e9rapeutiques et d\u2019accompagnement [&hellip;]<\/p>\n","protected":false},"author":9,"featured_media":64985,"comment_status":"closed","ping_status":"closed","sticky":false,"template":"","format":"standard","meta":{"_acf_changed":false,"site-sidebar-layout":"default","site-content-layout":"","ast-site-content-layout":"default","site-content-style":"default","site-sidebar-style":"default","ast-global-header-display":"","ast-banner-title-visibility":"","ast-main-header-display":"","ast-hfb-above-header-display":"","ast-hfb-below-header-display":"","ast-hfb-mobile-header-display":"","site-post-title":"","ast-breadcrumbs-content":"","ast-featured-img":"","footer-sml-layout":"","theme-transparent-header-meta":"","adv-header-id-meta":"","stick-header-meta":"","header-above-stick-meta":"","header-main-stick-meta":"","header-below-stick-meta":"","astra-migrate-meta-layouts":"default","ast-page-background-enabled":"default","ast-page-background-meta":{"desktop":{"background-color":"","background-image":"","background-repeat":"repeat","background-position":"center center","background-size":"auto","background-attachment":"scroll","background-type":"","background-media":"","overlay-type":"","overlay-color":"","overlay-opacity":"","overlay-gradient":""},"tablet":{"background-color":"","background-image":"","background-repeat":"repeat","background-position":"center center","background-size":"auto","background-attachment":"scroll","background-type":"","background-media":"","overlay-type":"","overlay-color":"","overlay-opacity":"","overlay-gradient":""},"mobile":{"background-color":"","background-image":"","background-repeat":"repeat","background-position":"center center","background-size":"auto","background-attachment":"scroll","background-type":"","background-media":"","overlay-type":"","overlay-color":"","overlay-opacity":"","overlay-gradient":""}},"ast-content-background-meta":{"desktop":{"background-color":"var(--ast-global-color-5)","background-image":"","background-repeat":"repeat","background-position":"center center","background-size":"auto","background-attachment":"scroll","background-type":"","background-media":"","overlay-type":"","overlay-color":"","overlay-opacity":"","overlay-gradient":""},"tablet":{"background-color":"var(--ast-global-color-5)","background-image":"","background-repeat":"repeat","background-position":"center center","background-size":"auto","background-attachment":"scroll","background-type":"","background-media":"","overlay-type":"","overlay-color":"","overlay-opacity":"","overlay-gradient":""},"mobile":{"background-color":"var(--ast-global-color-5)","background-image":"","background-repeat":"repeat","background-position":"center center","background-size":"auto","background-attachment":"scroll","background-type":"","background-media":"","overlay-type":"","overlay-color":"","overlay-opacity":"","overlay-gradient":""}},"ep_exclude_from_search":false,"footnotes":""},"categories":[698],"tags":[],"class_list":["post-64984","post","type-post","status-publish","format-standard","has-post-thumbnail","hentry","category-destacado-fr"],"acf":[],"yoast_head":"<!-- This site is optimized with the Yoast SEO plugin v27.4 - https:\/\/yoast.com\/product\/yoast-seo-wordpress\/ -->\n<title>COMMENTAIRES COURTS MAIS EXPLIQUENT CLAIREMENT LE PROCESSUS QUE NOUS PROPOSONS. Au sujet de l&#039;Ayahuasca,le Bufo Alvarius, l&#039;Int\u00e9gration psycho-th\u00e9rapeutique et les facilitateurs de notre organisation. - Web Oficial de Alverto<\/title>\n<meta name=\"robots\" content=\"index, follow, max-snippet:-1, max-image-preview:large, max-video-preview:-1\" \/>\n<link rel=\"canonical\" href=\"https:\/\/www.albertojosevarela.com\/fr\/commentaires-courts-mais-expliquent-clairement-le-processus-que-nous-proposons-au-sujet-de-layahuascale-bufo-alvarius-lintegration-psycho-therapeutique-et-les-facilitateurs-de-notre-organisatio\/\" \/>\n<meta property=\"og:locale\" content=\"fr_FR\" \/>\n<meta property=\"og:type\" content=\"article\" \/>\n<meta property=\"og:title\" content=\"COMMENTAIRES COURTS MAIS EXPLIQUENT CLAIREMENT LE PROCESSUS QUE NOUS PROPOSONS. Au sujet de l&#039;Ayahuasca,le Bufo Alvarius, l&#039;Int\u00e9gration psycho-th\u00e9rapeutique et les facilitateurs de notre organisation. - Web Oficial de Alverto\" \/>\n<meta property=\"og:description\" content=\"MERCI \u00c0 TANT DE PARTICIPANTS QUI NOUS \u00c9CRIVENT &#8230;\u00a0 Que cela soit pour nous f\u00e9liciter, nous remercier, nous raconter comment ils vont ou nous encourager \u00e0 continuer.\u00a0 J\u2019ai fait ma premi\u00e8re retraite Ayahuasca avec Eliel et Ennio. Apr\u00e8s la retraite, je leur ai dit combien j\u2019ai appr\u00e9ci\u00e9 leur grande capacit\u00e9 et qualit\u00e9 th\u00e9rapeutiques et d\u2019accompagnement [&hellip;]\" \/>\n<meta property=\"og:url\" content=\"https:\/\/www.albertojosevarela.com\/fr\/commentaires-courts-mais-expliquent-clairement-le-processus-que-nous-proposons-au-sujet-de-layahuascale-bufo-alvarius-lintegration-psycho-therapeutique-et-les-facilitateurs-de-notre-organisatio\/\" \/>\n<meta property=\"og:site_name\" content=\"Web Oficial de Alverto\" \/>\n<meta property=\"article:publisher\" content=\"https:\/\/www.facebook.com\/Alvertojosevarela\" \/>\n<meta property=\"article:author\" content=\"https:\/\/www.facebook.com\/Alvertojosevarela\" \/>\n<meta property=\"article:published_time\" content=\"2017-04-09T19:16:07+00:00\" \/>\n<meta property=\"og:image\" content=\"http:\/\/www.albertojosevarela.com\/wp-content\/uploads\/2021\/07\/DESPERTAR-710x399-2.jpg\" \/>\n\t<meta property=\"og:image:width\" content=\"710\" \/>\n\t<meta property=\"og:image:height\" content=\"399\" \/>\n\t<meta property=\"og:image:type\" content=\"image\/jpeg\" \/>\n<meta name=\"author\" content=\"Alberto Jos\u00e9 Varela\" \/>\n<meta name=\"twitter:card\" content=\"summary_large_image\" \/>\n<meta name=\"twitter:creator\" content=\"@albertoJ_varela\" \/>\n<meta name=\"twitter:site\" content=\"@albertoJ_varela\" \/>\n<script type=\"application\/ld+json\" class=\"yoast-schema-graph\">{\"@context\":\"https:\\\/\\\/schema.org\",\"@graph\":[{\"@type\":\"Article\",\"@id\":\"https:\\\/\\\/www.albertojosevarela.com\\\/fr\\\/commentaires-courts-mais-expliquent-clairement-le-processus-que-nous-proposons-au-sujet-de-layahuascale-bufo-alvarius-lintegration-psycho-therapeutique-et-les-facilitateurs-de-notre-organisatio\\\/#article\",\"isPartOf\":{\"@id\":\"https:\\\/\\\/www.albertojosevarela.com\\\/fr\\\/commentaires-courts-mais-expliquent-clairement-le-processus-que-nous-proposons-au-sujet-de-layahuascale-bufo-alvarius-lintegration-psycho-therapeutique-et-les-facilitateurs-de-notre-organisatio\\\/\"},\"author\":{\"name\":\"Alberto Jos\u00e9 Varela\",\"@id\":\"https:\\\/\\\/www.albertojosevarela.com\\\/fr\\\/#\\\/schema\\\/person\\\/6197324b0e48a485e79c32ccad0064d8\"},\"headline\":\"COMMENTAIRES COURTS MAIS EXPLIQUENT CLAIREMENT LE PROCESSUS QUE NOUS PROPOSONS. Au sujet de l&rsquo;Ayahuasca,le Bufo Alvarius, l&rsquo;Int\u00e9gration psycho-th\u00e9rapeutique et les facilitateurs de notre organisation.\",\"datePublished\":\"2017-04-09T19:16:07+00:00\",\"mainEntityOfPage\":{\"@id\":\"https:\\\/\\\/www.albertojosevarela.com\\\/fr\\\/commentaires-courts-mais-expliquent-clairement-le-processus-que-nous-proposons-au-sujet-de-layahuascale-bufo-alvarius-lintegration-psycho-therapeutique-et-les-facilitateurs-de-notre-organisatio\\\/\"},\"wordCount\":994,\"publisher\":{\"@id\":\"https:\\\/\\\/www.albertojosevarela.com\\\/fr\\\/#\\\/schema\\\/person\\\/6197324b0e48a485e79c32ccad0064d8\"},\"image\":{\"@id\":\"https:\\\/\\\/www.albertojosevarela.com\\\/fr\\\/commentaires-courts-mais-expliquent-clairement-le-processus-que-nous-proposons-au-sujet-de-layahuascale-bufo-alvarius-lintegration-psycho-therapeutique-et-les-facilitateurs-de-notre-organisatio\\\/#primaryimage\"},\"thumbnailUrl\":\"https:\\\/\\\/www.albertojosevarela.com\\\/wp-content\\\/uploads\\\/2021\\\/07\\\/DESPERTAR-710x399-2.jpg\",\"articleSection\":[\"Destacado\"],\"inLanguage\":\"fr-FR\"},{\"@type\":\"WebPage\",\"@id\":\"https:\\\/\\\/www.albertojosevarela.com\\\/fr\\\/commentaires-courts-mais-expliquent-clairement-le-processus-que-nous-proposons-au-sujet-de-layahuascale-bufo-alvarius-lintegration-psycho-therapeutique-et-les-facilitateurs-de-notre-organisatio\\\/\",\"url\":\"https:\\\/\\\/www.albertojosevarela.com\\\/fr\\\/commentaires-courts-mais-expliquent-clairement-le-processus-que-nous-proposons-au-sujet-de-layahuascale-bufo-alvarius-lintegration-psycho-therapeutique-et-les-facilitateurs-de-notre-organisatio\\\/\",\"name\":\"COMMENTAIRES COURTS MAIS EXPLIQUENT CLAIREMENT LE PROCESSUS QUE NOUS PROPOSONS. Au sujet de l'Ayahuasca,le Bufo Alvarius, l'Int\u00e9gration psycho-th\u00e9rapeutique et les facilitateurs de notre organisation. - Web Oficial de Alverto\",\"isPartOf\":{\"@id\":\"https:\\\/\\\/www.albertojosevarela.com\\\/fr\\\/#website\"},\"primaryImageOfPage\":{\"@id\":\"https:\\\/\\\/www.albertojosevarela.com\\\/fr\\\/commentaires-courts-mais-expliquent-clairement-le-processus-que-nous-proposons-au-sujet-de-layahuascale-bufo-alvarius-lintegration-psycho-therapeutique-et-les-facilitateurs-de-notre-organisatio\\\/#primaryimage\"},\"image\":{\"@id\":\"https:\\\/\\\/www.albertojosevarela.com\\\/fr\\\/commentaires-courts-mais-expliquent-clairement-le-processus-que-nous-proposons-au-sujet-de-layahuascale-bufo-alvarius-lintegration-psycho-therapeutique-et-les-facilitateurs-de-notre-organisatio\\\/#primaryimage\"},\"thumbnailUrl\":\"https:\\\/\\\/www.albertojosevarela.com\\\/wp-content\\\/uploads\\\/2021\\\/07\\\/DESPERTAR-710x399-2.jpg\",\"datePublished\":\"2017-04-09T19:16:07+00:00\",\"breadcrumb\":{\"@id\":\"https:\\\/\\\/www.albertojosevarela.com\\\/fr\\\/commentaires-courts-mais-expliquent-clairement-le-processus-que-nous-proposons-au-sujet-de-layahuascale-bufo-alvarius-lintegration-psycho-therapeutique-et-les-facilitateurs-de-notre-organisatio\\\/#breadcrumb\"},\"inLanguage\":\"fr-FR\",\"potentialAction\":[{\"@type\":\"ReadAction\",\"target\":[\"https:\\\/\\\/www.albertojosevarela.com\\\/fr\\\/commentaires-courts-mais-expliquent-clairement-le-processus-que-nous-proposons-au-sujet-de-layahuascale-bufo-alvarius-lintegration-psycho-therapeutique-et-les-facilitateurs-de-notre-organisatio\\\/\"]}]},{\"@type\":\"ImageObject\",\"inLanguage\":\"fr-FR\",\"@id\":\"https:\\\/\\\/www.albertojosevarela.com\\\/fr\\\/commentaires-courts-mais-expliquent-clairement-le-processus-que-nous-proposons-au-sujet-de-layahuascale-bufo-alvarius-lintegration-psycho-therapeutique-et-les-facilitateurs-de-notre-organisatio\\\/#primaryimage\",\"url\":\"https:\\\/\\\/www.albertojosevarela.com\\\/wp-content\\\/uploads\\\/2021\\\/07\\\/DESPERTAR-710x399-2.jpg\",\"contentUrl\":\"https:\\\/\\\/www.albertojosevarela.com\\\/wp-content\\\/uploads\\\/2021\\\/07\\\/DESPERTAR-710x399-2.jpg\",\"width\":710,\"height\":399},{\"@type\":\"BreadcrumbList\",\"@id\":\"https:\\\/\\\/www.albertojosevarela.com\\\/fr\\\/commentaires-courts-mais-expliquent-clairement-le-processus-que-nous-proposons-au-sujet-de-layahuascale-bufo-alvarius-lintegration-psycho-therapeutique-et-les-facilitateurs-de-notre-organisatio\\\/#breadcrumb\",\"itemListElement\":[{\"@type\":\"ListItem\",\"position\":1,\"name\":\"Inicio\",\"item\":\"https:\\\/\\\/www.albertojosevarela.com\\\/fr\\\/\"},{\"@type\":\"ListItem\",\"position\":2,\"name\":\"Destacado\",\"item\":\"https:\\\/\\\/www.albertojosevarela.com\\\/fr\\\/category\\\/destacado-fr\\\/\"},{\"@type\":\"ListItem\",\"position\":3,\"name\":\"COMMENTAIRES COURTS MAIS EXPLIQUENT CLAIREMENT LE PROCESSUS QUE NOUS PROPOSONS. Au sujet de l&rsquo;Ayahuasca,le Bufo Alvarius, l&rsquo;Int\u00e9gration psycho-th\u00e9rapeutique et les facilitateurs de notre organisation.\"}]},{\"@type\":\"WebSite\",\"@id\":\"https:\\\/\\\/www.albertojosevarela.com\\\/fr\\\/#website\",\"url\":\"https:\\\/\\\/www.albertojosevarela.com\\\/fr\\\/\",\"name\":\"Web Oficial de Alberto Jos\u00e9 Varela\",\"description\":\"El ser humano evoluciona cuando se mira adentro\",\"publisher\":{\"@id\":\"https:\\\/\\\/www.albertojosevarela.com\\\/fr\\\/#\\\/schema\\\/person\\\/6197324b0e48a485e79c32ccad0064d8\"},\"potentialAction\":[{\"@type\":\"SearchAction\",\"target\":{\"@type\":\"EntryPoint\",\"urlTemplate\":\"https:\\\/\\\/www.albertojosevarela.com\\\/fr\\\/?s={search_term_string}\"},\"query-input\":{\"@type\":\"PropertyValueSpecification\",\"valueRequired\":true,\"valueName\":\"search_term_string\"}}],\"inLanguage\":\"fr-FR\"},{\"@type\":[\"Person\",\"Organization\"],\"@id\":\"https:\\\/\\\/www.albertojosevarela.com\\\/fr\\\/#\\\/schema\\\/person\\\/6197324b0e48a485e79c32ccad0064d8\",\"name\":\"Alberto Jos\u00e9 Varela\",\"image\":{\"@type\":\"ImageObject\",\"inLanguage\":\"fr-FR\",\"@id\":\"https:\\\/\\\/www.albertojosevarela.com\\\/wp-content\\\/uploads\\\/2020\\\/11\\\/alberto-varela.jpeg\",\"url\":\"https:\\\/\\\/www.albertojosevarela.com\\\/wp-content\\\/uploads\\\/2020\\\/11\\\/alberto-varela.jpeg\",\"contentUrl\":\"https:\\\/\\\/www.albertojosevarela.com\\\/wp-content\\\/uploads\\\/2020\\\/11\\\/alberto-varela.jpeg\",\"width\":682,\"height\":864,\"caption\":\"Alberto Jos\u00e9 Varela\"},\"logo\":{\"@id\":\"https:\\\/\\\/www.albertojosevarela.com\\\/wp-content\\\/uploads\\\/2020\\\/11\\\/alberto-varela.jpeg\"},\"description\":\"Fundador de empresas y organizaciones; creador de t\u00e9cnicas, m\u00e9todos y escuelas; autor de varios libros. Estudiante autodidacta, investigador y conferencista internacional, con una experiencia de m\u00e1s de 40 a\u00f1os en la gesti\u00f3n organizacional y los RRHH. Actualmente crece su influencia en el \u00e1mbito motivacional, terap\u00e9utico y espiritual a ra\u00edz del mensaje evolutivo que transmite.\",\"sameAs\":[\"https:\\\/\\\/www.facebook.com\\\/Alvertojosevarela\",\"https:\\\/\\\/www.instagram.com\\\/albertojose.varela\\\/\",\"https:\\\/\\\/www.linkedin.com\\\/in\\\/alverto-varela\\\/\",\"https:\\\/\\\/x.com\\\/albertoJ_varela\",\"https:\\\/\\\/www.youtube.com\\\/c\\\/AlvertoVarela\"]}]}<\/script>\n<!-- \/ Yoast SEO plugin. -->","yoast_head_json":{"title":"COMMENTAIRES COURTS MAIS EXPLIQUENT CLAIREMENT LE PROCESSUS QUE NOUS PROPOSONS. Au sujet de l'Ayahuasca,le Bufo Alvarius, l'Int\u00e9gration psycho-th\u00e9rapeutique et les facilitateurs de notre organisation. - Web Oficial de Alverto","robots":{"index":"index","follow":"follow","max-snippet":"max-snippet:-1","max-image-preview":"max-image-preview:large","max-video-preview":"max-video-preview:-1"},"canonical":"https:\/\/www.albertojosevarela.com\/fr\/commentaires-courts-mais-expliquent-clairement-le-processus-que-nous-proposons-au-sujet-de-layahuascale-bufo-alvarius-lintegration-psycho-therapeutique-et-les-facilitateurs-de-notre-organisatio\/","og_locale":"fr_FR","og_type":"article","og_title":"COMMENTAIRES COURTS MAIS EXPLIQUENT CLAIREMENT LE PROCESSUS QUE NOUS PROPOSONS. Au sujet de l'Ayahuasca,le Bufo Alvarius, l'Int\u00e9gration psycho-th\u00e9rapeutique et les facilitateurs de notre organisation. - Web Oficial de Alverto","og_description":"MERCI \u00c0 TANT DE PARTICIPANTS QUI NOUS \u00c9CRIVENT &#8230;\u00a0 Que cela soit pour nous f\u00e9liciter, nous remercier, nous raconter comment ils vont ou nous encourager \u00e0 continuer.\u00a0 J\u2019ai fait ma premi\u00e8re retraite Ayahuasca avec Eliel et Ennio. Apr\u00e8s la retraite, je leur ai dit combien j\u2019ai appr\u00e9ci\u00e9 leur grande capacit\u00e9 et qualit\u00e9 th\u00e9rapeutiques et d\u2019accompagnement [&hellip;]","og_url":"https:\/\/www.albertojosevarela.com\/fr\/commentaires-courts-mais-expliquent-clairement-le-processus-que-nous-proposons-au-sujet-de-layahuascale-bufo-alvarius-lintegration-psycho-therapeutique-et-les-facilitateurs-de-notre-organisatio\/","og_site_name":"Web Oficial de Alverto","article_publisher":"https:\/\/www.facebook.com\/Alvertojosevarela","article_author":"https:\/\/www.facebook.com\/Alvertojosevarela","article_published_time":"2017-04-09T19:16:07+00:00","og_image":[{"width":710,"height":399,"url":"http:\/\/www.albertojosevarela.com\/wp-content\/uploads\/2021\/07\/DESPERTAR-710x399-2.jpg","type":"image\/jpeg"}],"author":"Alberto Jos\u00e9 Varela","twitter_card":"summary_large_image","twitter_creator":"@albertoJ_varela","twitter_site":"@albertoJ_varela","schema":{"@context":"https:\/\/schema.org","@graph":[{"@type":"Article","@id":"https:\/\/www.albertojosevarela.com\/fr\/commentaires-courts-mais-expliquent-clairement-le-processus-que-nous-proposons-au-sujet-de-layahuascale-bufo-alvarius-lintegration-psycho-therapeutique-et-les-facilitateurs-de-notre-organisatio\/#article","isPartOf":{"@id":"https:\/\/www.albertojosevarela.com\/fr\/commentaires-courts-mais-expliquent-clairement-le-processus-que-nous-proposons-au-sujet-de-layahuascale-bufo-alvarius-lintegration-psycho-therapeutique-et-les-facilitateurs-de-notre-organisatio\/"},"author":{"name":"Alberto Jos\u00e9 Varela","@id":"https:\/\/www.albertojosevarela.com\/fr\/#\/schema\/person\/6197324b0e48a485e79c32ccad0064d8"},"headline":"COMMENTAIRES COURTS MAIS EXPLIQUENT CLAIREMENT LE PROCESSUS QUE NOUS PROPOSONS. Au sujet de l&rsquo;Ayahuasca,le Bufo Alvarius, l&rsquo;Int\u00e9gration psycho-th\u00e9rapeutique et les facilitateurs de notre organisation.","datePublished":"2017-04-09T19:16:07+00:00","mainEntityOfPage":{"@id":"https:\/\/www.albertojosevarela.com\/fr\/commentaires-courts-mais-expliquent-clairement-le-processus-que-nous-proposons-au-sujet-de-layahuascale-bufo-alvarius-lintegration-psycho-therapeutique-et-les-facilitateurs-de-notre-organisatio\/"},"wordCount":994,"publisher":{"@id":"https:\/\/www.albertojosevarela.com\/fr\/#\/schema\/person\/6197324b0e48a485e79c32ccad0064d8"},"image":{"@id":"https:\/\/www.albertojosevarela.com\/fr\/commentaires-courts-mais-expliquent-clairement-le-processus-que-nous-proposons-au-sujet-de-layahuascale-bufo-alvarius-lintegration-psycho-therapeutique-et-les-facilitateurs-de-notre-organisatio\/#primaryimage"},"thumbnailUrl":"https:\/\/www.albertojosevarela.com\/wp-content\/uploads\/2021\/07\/DESPERTAR-710x399-2.jpg","articleSection":["Destacado"],"inLanguage":"fr-FR"},{"@type":"WebPage","@id":"https:\/\/www.albertojosevarela.com\/fr\/commentaires-courts-mais-expliquent-clairement-le-processus-que-nous-proposons-au-sujet-de-layahuascale-bufo-alvarius-lintegration-psycho-therapeutique-et-les-facilitateurs-de-notre-organisatio\/","url":"https:\/\/www.albertojosevarela.com\/fr\/commentaires-courts-mais-expliquent-clairement-le-processus-que-nous-proposons-au-sujet-de-layahuascale-bufo-alvarius-lintegration-psycho-therapeutique-et-les-facilitateurs-de-notre-organisatio\/","name":"COMMENTAIRES COURTS MAIS EXPLIQUENT CLAIREMENT LE PROCESSUS QUE NOUS PROPOSONS. Au sujet de l'Ayahuasca,le Bufo Alvarius, l'Int\u00e9gration psycho-th\u00e9rapeutique et les facilitateurs de notre organisation. - Web Oficial de Alverto","isPartOf":{"@id":"https:\/\/www.albertojosevarela.com\/fr\/#website"},"primaryImageOfPage":{"@id":"https:\/\/www.albertojosevarela.com\/fr\/commentaires-courts-mais-expliquent-clairement-le-processus-que-nous-proposons-au-sujet-de-layahuascale-bufo-alvarius-lintegration-psycho-therapeutique-et-les-facilitateurs-de-notre-organisatio\/#primaryimage"},"image":{"@id":"https:\/\/www.albertojosevarela.com\/fr\/commentaires-courts-mais-expliquent-clairement-le-processus-que-nous-proposons-au-sujet-de-layahuascale-bufo-alvarius-lintegration-psycho-therapeutique-et-les-facilitateurs-de-notre-organisatio\/#primaryimage"},"thumbnailUrl":"https:\/\/www.albertojosevarela.com\/wp-content\/uploads\/2021\/07\/DESPERTAR-710x399-2.jpg","datePublished":"2017-04-09T19:16:07+00:00","breadcrumb":{"@id":"https:\/\/www.albertojosevarela.com\/fr\/commentaires-courts-mais-expliquent-clairement-le-processus-que-nous-proposons-au-sujet-de-layahuascale-bufo-alvarius-lintegration-psycho-therapeutique-et-les-facilitateurs-de-notre-organisatio\/#breadcrumb"},"inLanguage":"fr-FR","potentialAction":[{"@type":"ReadAction","target":["https:\/\/www.albertojosevarela.com\/fr\/commentaires-courts-mais-expliquent-clairement-le-processus-que-nous-proposons-au-sujet-de-layahuascale-bufo-alvarius-lintegration-psycho-therapeutique-et-les-facilitateurs-de-notre-organisatio\/"]}]},{"@type":"ImageObject","inLanguage":"fr-FR","@id":"https:\/\/www.albertojosevarela.com\/fr\/commentaires-courts-mais-expliquent-clairement-le-processus-que-nous-proposons-au-sujet-de-layahuascale-bufo-alvarius-lintegration-psycho-therapeutique-et-les-facilitateurs-de-notre-organisatio\/#primaryimage","url":"https:\/\/www.albertojosevarela.com\/wp-content\/uploads\/2021\/07\/DESPERTAR-710x399-2.jpg","contentUrl":"https:\/\/www.albertojosevarela.com\/wp-content\/uploads\/2021\/07\/DESPERTAR-710x399-2.jpg","width":710,"height":399},{"@type":"BreadcrumbList","@id":"https:\/\/www.albertojosevarela.com\/fr\/commentaires-courts-mais-expliquent-clairement-le-processus-que-nous-proposons-au-sujet-de-layahuascale-bufo-alvarius-lintegration-psycho-therapeutique-et-les-facilitateurs-de-notre-organisatio\/#breadcrumb","itemListElement":[{"@type":"ListItem","position":1,"name":"Inicio","item":"https:\/\/www.albertojosevarela.com\/fr\/"},{"@type":"ListItem","position":2,"name":"Destacado","item":"https:\/\/www.albertojosevarela.com\/fr\/category\/destacado-fr\/"},{"@type":"ListItem","position":3,"name":"COMMENTAIRES COURTS MAIS EXPLIQUENT CLAIREMENT LE PROCESSUS QUE NOUS PROPOSONS. Au sujet de l&rsquo;Ayahuasca,le Bufo Alvarius, l&rsquo;Int\u00e9gration psycho-th\u00e9rapeutique et les facilitateurs de notre organisation."}]},{"@type":"WebSite","@id":"https:\/\/www.albertojosevarela.com\/fr\/#website","url":"https:\/\/www.albertojosevarela.com\/fr\/","name":"Web Oficial de Alberto Jos\u00e9 Varela","description":"El ser humano evoluciona cuando se mira adentro","publisher":{"@id":"https:\/\/www.albertojosevarela.com\/fr\/#\/schema\/person\/6197324b0e48a485e79c32ccad0064d8"},"potentialAction":[{"@type":"SearchAction","target":{"@type":"EntryPoint","urlTemplate":"https:\/\/www.albertojosevarela.com\/fr\/?s={search_term_string}"},"query-input":{"@type":"PropertyValueSpecification","valueRequired":true,"valueName":"search_term_string"}}],"inLanguage":"fr-FR"},{"@type":["Person","Organization"],"@id":"https:\/\/www.albertojosevarela.com\/fr\/#\/schema\/person\/6197324b0e48a485e79c32ccad0064d8","name":"Alberto Jos\u00e9 Varela","image":{"@type":"ImageObject","inLanguage":"fr-FR","@id":"https:\/\/www.albertojosevarela.com\/wp-content\/uploads\/2020\/11\/alberto-varela.jpeg","url":"https:\/\/www.albertojosevarela.com\/wp-content\/uploads\/2020\/11\/alberto-varela.jpeg","contentUrl":"https:\/\/www.albertojosevarela.com\/wp-content\/uploads\/2020\/11\/alberto-varela.jpeg","width":682,"height":864,"caption":"Alberto Jos\u00e9 Varela"},"logo":{"@id":"https:\/\/www.albertojosevarela.com\/wp-content\/uploads\/2020\/11\/alberto-varela.jpeg"},"description":"Fundador de empresas y organizaciones; creador de t\u00e9cnicas, m\u00e9todos y escuelas; autor de varios libros. Estudiante autodidacta, investigador y conferencista internacional, con una experiencia de m\u00e1s de 40 a\u00f1os en la gesti\u00f3n organizacional y los RRHH. Actualmente crece su influencia en el \u00e1mbito motivacional, terap\u00e9utico y espiritual a ra\u00edz del mensaje evolutivo que transmite.","sameAs":["https:\/\/www.facebook.com\/Alvertojosevarela","https:\/\/www.instagram.com\/albertojose.varela\/","https:\/\/www.linkedin.com\/in\/alverto-varela\/","https:\/\/x.com\/albertoJ_varela","https:\/\/www.youtube.com\/c\/AlvertoVarela"]}]}},"jetpack_featured_media_url":"https:\/\/www.albertojosevarela.com\/wp-content\/uploads\/2021\/07\/DESPERTAR-710x399-2.jpg","_links":{"self":[{"href":"https:\/\/www.albertojosevarela.com\/fr\/wp-json\/wp\/v2\/posts\/64984","targetHints":{"allow":["GET"]}}],"collection":[{"href":"https:\/\/www.albertojosevarela.com\/fr\/wp-json\/wp\/v2\/posts"}],"about":[{"href":"https:\/\/www.albertojosevarela.com\/fr\/wp-json\/wp\/v2\/types\/post"}],"author":[{"embeddable":true,"href":"https:\/\/www.albertojosevarela.com\/fr\/wp-json\/wp\/v2\/users\/9"}],"replies":[{"embeddable":true,"href":"https:\/\/www.albertojosevarela.com\/fr\/wp-json\/wp\/v2\/comments?post=64984"}],"version-history":[{"count":0,"href":"https:\/\/www.albertojosevarela.com\/fr\/wp-json\/wp\/v2\/posts\/64984\/revisions"}],"wp:featuredmedia":[{"embeddable":true,"href":"https:\/\/www.albertojosevarela.com\/fr\/wp-json\/wp\/v2\/media\/64985"}],"wp:attachment":[{"href":"https:\/\/www.albertojosevarela.com\/fr\/wp-json\/wp\/v2\/media?parent=64984"}],"wp:term":[{"taxonomy":"category","embeddable":true,"href":"https:\/\/www.albertojosevarela.com\/fr\/wp-json\/wp\/v2\/categories?post=64984"},{"taxonomy":"post_tag","embeddable":true,"href":"https:\/\/www.albertojosevarela.com\/fr\/wp-json\/wp\/v2\/tags?post=64984"}],"curies":[{"name":"wp","href":"https:\/\/api.w.org\/{rel}","templated":true}]}}