{"id":65275,"date":"2017-11-15T18:15:27","date_gmt":"2017-11-15T17:15:27","guid":{"rendered":"https:\/\/www.albertojosevarela.com\/une-vie-au-visage-decouvert-le-fou-1-poeme-de-khalil-gibran-vous-me-demandez-comment-je-devins-fou\/"},"modified":"2017-11-15T18:15:27","modified_gmt":"2017-11-15T17:15:27","slug":"une-vie-au-visage-decouvert-le-fou-1-poeme-de-khalil-gibran-vous-me-demandez-comment-je-devins-fou","status":"publish","type":"post","link":"https:\/\/www.albertojosevarela.com\/fr\/une-vie-au-visage-decouvert-le-fou-1-poeme-de-khalil-gibran-vous-me-demandez-comment-je-devins-fou\/","title":{"rendered":"UNE VIE AU VISAGE D\u00c9COUVERT \u00ab\u00a0Le fou\u00a0\u00bb (1) Po\u00e8me de Khalil Gibran, \u00ab\u00a0Vous me demandez comment je devins fou?\u00a0\u00bb"},"content":{"rendered":"<p lang=\"en-US\"><span style=\"color: #000000;\"><span style=\"font-family: Courier New,serif;\"><span style=\"font-size: large;\"><b><span style=\"color: #ff6600;\"><span style=\"font-family: Arial,serif;\"><span lang=\"fr-FR\">QUITTER LES MASQUES, C\u2019EST LA PLUS GRANDE DES FOLIES <\/span><\/span><\/span><\/b><\/span><\/span><\/span><\/p>\n<p lang=\"en-US\"><span style=\"color: #000000;\"><span style=\"font-family: Courier New,serif;\"><span style=\"font-size: medium;\"><i><b><span style=\"color: #5e646a;\"><span style=\"font-family: Arial,serif;\"><span lang=\"fr-FR\">A quoi ressemblerait ta vie sans tes masques?<\/span><\/span><\/span><\/b><\/i><\/span><\/span><\/span><\/p>\n<p lang=\"en-US\"><span style=\"color: #000000;\"><span style=\"font-family: Courier New,serif;\"><span style=\"font-family: Georgia,serif;\"><span style=\"font-size: medium;\"><span lang=\"fr-FR\">Dit Khalil Gibran dans son livre Le Fou:<\/span><\/span><\/span><\/span><\/span><\/p>\n<p lang=\"en-US\"><i> <\/i><em><span lang=\"fr-FR\">\u00ab\u00a0<\/span><span lang=\"fr-FR\">Vous me demandez comment je devins un fou. Cela m&rsquo;arriva ainsi: un jour je m&rsquo;\u00e9veillai d&rsquo;un profond sommeil et trouvais que tous mes masques \u00e9taient vol\u00e9s, ces masques que j&rsquo;ai fa\u00e7onn\u00e9s et port\u00e9s dans d\u2019autres vies.<\/span><\/em><\/p>\n<p lang=\"en-US\"><em><span lang=\"fr-FR\">Je courus alors sans masque \u00e0 travers les rues grouillantes de la ville en criant: \u00ab\u00a0Aux voleurs! Aux voleurs! Aux maudits voleurs!\u00a0\u00bb<\/span><\/em><\/p>\n<p><em>Hommes et femmes se moqu\u00e8rent de moi; de crainte, certains coururent vers leur maison.<\/em><\/p>\n<p lang=\"en-US\"><em><span lang=\"fr-FR\">Et quand j&rsquo;atteignis la place du march\u00e9, un jeune homme, debout sur le toit d&rsquo;une maison, s&rsquo;\u00e9cria: \u00ab\u00a0C&rsquo;est un fou.\u00a0\u00bb<\/span><\/em><\/p>\n<p lang=\"en-US\"><em> <span lang=\"fr-FR\">Je levais la t\u00eate pour le regarder; le soleil embrassa mon propre visage nu pour la premi\u00e8re fois. Pour la premi\u00e8re fois le soleil embrassa mon propre visage nu et mon \u00e2me s&rsquo;enflamma d&rsquo;amour pour le soleil, et je ne voulus plus de mes masques. <\/span><\/em><\/p>\n<p lang=\"en-US\"><em><span lang=\"fr-FR\">Et, comme dans une extase, je criai: \u00ab\u00a0B\u00e9nis, b\u00e9nis soient les voleurs qui me d\u00e9pouill\u00e8rent de mes masques!\u00a0\u00bb<\/span><\/em><\/p>\n<p><em>C&rsquo;est ainsi que je devins un fou.\u00a0\u00bb<\/em><\/p>\n<p><img fetchpriority=\"high\" decoding=\"async\" class=\"alignnone size-full wp-image-163\" src=\"http:\/\/www.albertojosevarela.com\/wp-content\/uploads\/2021\/07\/AUTOCENSURA...-RESISTENCIA-A-QUITARSE-LA-MASCARA-1.jpg\" sizes=\"(max-width: 4752px) 100vw, 4752px\" srcset=\"http:\/\/www.albertojosevarela.com\/wp-content\/uploads\/2021\/07\/AUTOCENSURA...-RESISTENCIA-A-QUITARSE-LA-MASCARA-1.jpg 4752w, http:\/\/www.albertojosevarela.com\/wp-content\/uploads\/2021\/07\/AUTOCENSURA...-RESISTENCIA-A-QUITARSE-LA-MASCARA-1-300x156.jpg 300w, http:\/\/www.albertojosevarela.com\/wp-content\/uploads\/2021\/07\/AUTOCENSURA...-RESISTENCIA-A-QUITARSE-LA-MASCARA-1-1024x532.jpg 1024w\" alt=\"AUTOCENSURA... RESISTENCIA A QUITARSE LA MASCARA\" width=\"4752\" height=\"2471\" \/><\/p>\n<p lang=\"en-US\"><span style=\"color: #000000;\"><span style=\"font-family: Georgia,serif;\"><span style=\"font-size: medium;\"><span lang=\"fr-FR\">J&rsquo;ai lu ce po\u00e8me dans l&rsquo;ann\u00e9e 2007-2008 au Restaurant d&rsquo;Ecocentro, quand j&rsquo;ai fait des s\u00e9ances publiques et gratuites de NO-TH\u00c9RAPIE o\u00f9 j&rsquo;ai confront\u00e9 le public en leur posant la question: qui es-tu? celui qui a \u00e9t\u00e9 encourag\u00e9 \u00e0 se manifester et \u00e0 r\u00e9pondre, a \u00e9t\u00e9 expos\u00e9 \u00e0 une situation inconfortable devant tous les pr\u00e9sents car l&rsquo;essence de cette technique est de d\u00e9montrer que nous nous pr\u00e9sentons devant les autres avec une s\u00e9rie de mensonges plus ou moins organis\u00e9s, pour donner une apparence coh\u00e9rente par rapport \u00e0 la croyance que nous avons sur nous-m\u00eames.<\/span><\/span><\/span><\/span><\/p>\n<p lang=\"en-US\"><span style=\"color: #000000;\"><span style=\"font-family: Georgia,serif;\"><span style=\"font-size: medium;\"><span lang=\"es-ES\">Alberto Jos\u00e9 Varela<\/span><\/span><\/span><\/span><\/p>\n<p lang=\"en-US\"><span style=\"color: #000000;\"><span style=\"font-family: Georgia,serif;\"><span style=\"font-size: medium;\"><span lang=\"es-ES\">nosoy@albertojosevarela.com<\/span><\/span><\/span><\/span><\/p>\n","protected":false},"excerpt":{"rendered":"<p>QUITTER LES MASQUES, C\u2019EST LA PLUS GRANDE DES FOLIES A quoi ressemblerait ta vie sans tes masques? Dit Khalil Gibran dans son livre Le Fou: \u00ab\u00a0Vous me demandez comment je devins un fou. Cela m&rsquo;arriva ainsi: un jour je m&rsquo;\u00e9veillai d&rsquo;un profond sommeil et trouvais que tous mes masques \u00e9taient vol\u00e9s, ces masques que j&rsquo;ai [&hellip;]<\/p>\n","protected":false},"author":9,"featured_media":65282,"comment_status":"closed","ping_status":"closed","sticky":false,"template":"","format":"standard","meta":{"_acf_changed":false,"site-sidebar-layout":"default","site-content-layout":"","ast-site-content-layout":"default","site-content-style":"default","site-sidebar-style":"default","ast-global-header-display":"","ast-banner-title-visibility":"","ast-main-header-display":"","ast-hfb-above-header-display":"","ast-hfb-below-header-display":"","ast-hfb-mobile-header-display":"","site-post-title":"","ast-breadcrumbs-content":"","ast-featured-img":"","footer-sml-layout":"","theme-transparent-header-meta":"","adv-header-id-meta":"","stick-header-meta":"","header-above-stick-meta":"","header-main-stick-meta":"","header-below-stick-meta":"","astra-migrate-meta-layouts":"default","ast-page-background-enabled":"default","ast-page-background-meta":{"desktop":{"background-color":"","background-image":"","background-repeat":"repeat","background-position":"center center","background-size":"auto","background-attachment":"scroll","background-type":"","background-media":"","overlay-type":"","overlay-color":"","overlay-opacity":"","overlay-gradient":""},"tablet":{"background-color":"","background-image":"","background-repeat":"repeat","background-position":"center center","background-size":"auto","background-attachment":"scroll","background-type":"","background-media":"","overlay-type":"","overlay-color":"","overlay-opacity":"","overlay-gradient":""},"mobile":{"background-color":"","background-image":"","background-repeat":"repeat","background-position":"center center","background-size":"auto","background-attachment":"scroll","background-type":"","background-media":"","overlay-type":"","overlay-color":"","overlay-opacity":"","overlay-gradient":""}},"ast-content-background-meta":{"desktop":{"background-color":"var(--ast-global-color-5)","background-image":"","background-repeat":"repeat","background-position":"center center","background-size":"auto","background-attachment":"scroll","background-type":"","background-media":"","overlay-type":"","overlay-color":"","overlay-opacity":"","overlay-gradient":""},"tablet":{"background-color":"var(--ast-global-color-5)","background-image":"","background-repeat":"repeat","background-position":"center center","background-size":"auto","background-attachment":"scroll","background-type":"","background-media":"","overlay-type":"","overlay-color":"","overlay-opacity":"","overlay-gradient":""},"mobile":{"background-color":"var(--ast-global-color-5)","background-image":"","background-repeat":"repeat","background-position":"center center","background-size":"auto","background-attachment":"scroll","background-type":"","background-media":"","overlay-type":"","overlay-color":"","overlay-opacity":"","overlay-gradient":""}},"ep_exclude_from_search":false,"footnotes":""},"categories":[],"tags":[],"class_list":["post-65275","post","type-post","status-publish","format-standard","has-post-thumbnail","hentry"],"acf":[],"yoast_head":"<!-- This site is optimized with the Yoast SEO plugin v27.4 - https:\/\/yoast.com\/product\/yoast-seo-wordpress\/ -->\n<title>UNE VIE AU VISAGE D\u00c9COUVERT &quot;Le fou&quot; (1) Po\u00e8me de Khalil Gibran, &quot;Vous me demandez comment je devins fou?&quot; - Web Oficial de Alverto<\/title>\n<meta name=\"robots\" content=\"index, follow, max-snippet:-1, max-image-preview:large, max-video-preview:-1\" \/>\n<link rel=\"canonical\" href=\"https:\/\/www.albertojosevarela.com\/fr\/une-vie-au-visage-decouvert-le-fou-1-poeme-de-khalil-gibran-vous-me-demandez-comment-je-devins-fou\/\" \/>\n<meta property=\"og:locale\" content=\"fr_FR\" \/>\n<meta property=\"og:type\" content=\"article\" \/>\n<meta property=\"og:title\" content=\"UNE VIE AU VISAGE D\u00c9COUVERT &quot;Le fou&quot; (1) Po\u00e8me de Khalil Gibran, &quot;Vous me demandez comment je devins fou?&quot; - Web Oficial de Alverto\" \/>\n<meta property=\"og:description\" content=\"QUITTER LES MASQUES, C\u2019EST LA PLUS GRANDE DES FOLIES A quoi ressemblerait ta vie sans tes masques? Dit Khalil Gibran dans son livre Le Fou: \u00ab\u00a0Vous me demandez comment je devins un fou. Cela m&rsquo;arriva ainsi: un jour je m&rsquo;\u00e9veillai d&rsquo;un profond sommeil et trouvais que tous mes masques \u00e9taient vol\u00e9s, ces masques que j&rsquo;ai [&hellip;]\" \/>\n<meta property=\"og:url\" content=\"https:\/\/www.albertojosevarela.com\/fr\/une-vie-au-visage-decouvert-le-fou-1-poeme-de-khalil-gibran-vous-me-demandez-comment-je-devins-fou\/\" \/>\n<meta property=\"og:site_name\" content=\"Web Oficial de Alverto\" \/>\n<meta property=\"article:publisher\" content=\"https:\/\/www.facebook.com\/Alvertojosevarela\" \/>\n<meta property=\"article:author\" content=\"https:\/\/www.facebook.com\/Alvertojosevarela\" \/>\n<meta property=\"article:published_time\" content=\"2017-11-15T17:15:27+00:00\" \/>\n<meta property=\"og:image\" content=\"https:\/\/www.albertojosevarela.com\/wp-content\/uploads\/2021\/07\/el-loco-kalil-gibran-710x399-2.jpg\" \/>\n\t<meta property=\"og:image:width\" content=\"710\" \/>\n\t<meta property=\"og:image:height\" content=\"399\" \/>\n\t<meta property=\"og:image:type\" content=\"image\/jpeg\" \/>\n<meta name=\"author\" content=\"Alberto Jos\u00e9 Varela\" \/>\n<meta name=\"twitter:card\" content=\"summary_large_image\" \/>\n<meta name=\"twitter:creator\" content=\"@albertoJ_varela\" \/>\n<meta name=\"twitter:site\" content=\"@albertoJ_varela\" \/>\n<script type=\"application\/ld+json\" class=\"yoast-schema-graph\">{\"@context\":\"https:\\\/\\\/schema.org\",\"@graph\":[{\"@type\":\"Article\",\"@id\":\"https:\\\/\\\/www.albertojosevarela.com\\\/fr\\\/une-vie-au-visage-decouvert-le-fou-1-poeme-de-khalil-gibran-vous-me-demandez-comment-je-devins-fou\\\/#article\",\"isPartOf\":{\"@id\":\"https:\\\/\\\/www.albertojosevarela.com\\\/fr\\\/une-vie-au-visage-decouvert-le-fou-1-poeme-de-khalil-gibran-vous-me-demandez-comment-je-devins-fou\\\/\"},\"author\":{\"name\":\"Alberto Jos\u00e9 Varela\",\"@id\":\"https:\\\/\\\/www.albertojosevarela.com\\\/fr\\\/#\\\/schema\\\/person\\\/6197324b0e48a485e79c32ccad0064d8\"},\"headline\":\"UNE VIE AU VISAGE D\u00c9COUVERT \u00ab\u00a0Le fou\u00a0\u00bb (1) Po\u00e8me de Khalil Gibran, \u00ab\u00a0Vous me demandez comment je devins fou?\u00a0\u00bb\",\"datePublished\":\"2017-11-15T17:15:27+00:00\",\"mainEntityOfPage\":{\"@id\":\"https:\\\/\\\/www.albertojosevarela.com\\\/fr\\\/une-vie-au-visage-decouvert-le-fou-1-poeme-de-khalil-gibran-vous-me-demandez-comment-je-devins-fou\\\/\"},\"wordCount\":344,\"publisher\":{\"@id\":\"https:\\\/\\\/www.albertojosevarela.com\\\/fr\\\/#\\\/schema\\\/person\\\/6197324b0e48a485e79c32ccad0064d8\"},\"image\":{\"@id\":\"https:\\\/\\\/www.albertojosevarela.com\\\/fr\\\/une-vie-au-visage-decouvert-le-fou-1-poeme-de-khalil-gibran-vous-me-demandez-comment-je-devins-fou\\\/#primaryimage\"},\"thumbnailUrl\":\"https:\\\/\\\/www.albertojosevarela.com\\\/wp-content\\\/uploads\\\/2021\\\/07\\\/el-loco-kalil-gibran-710x399-2.jpg\",\"inLanguage\":\"fr-FR\"},{\"@type\":\"WebPage\",\"@id\":\"https:\\\/\\\/www.albertojosevarela.com\\\/fr\\\/une-vie-au-visage-decouvert-le-fou-1-poeme-de-khalil-gibran-vous-me-demandez-comment-je-devins-fou\\\/\",\"url\":\"https:\\\/\\\/www.albertojosevarela.com\\\/fr\\\/une-vie-au-visage-decouvert-le-fou-1-poeme-de-khalil-gibran-vous-me-demandez-comment-je-devins-fou\\\/\",\"name\":\"UNE VIE AU VISAGE D\u00c9COUVERT \\\"Le fou\\\" (1) Po\u00e8me de Khalil Gibran, \\\"Vous me demandez comment je devins fou?\\\" - Web Oficial de Alverto\",\"isPartOf\":{\"@id\":\"https:\\\/\\\/www.albertojosevarela.com\\\/fr\\\/#website\"},\"primaryImageOfPage\":{\"@id\":\"https:\\\/\\\/www.albertojosevarela.com\\\/fr\\\/une-vie-au-visage-decouvert-le-fou-1-poeme-de-khalil-gibran-vous-me-demandez-comment-je-devins-fou\\\/#primaryimage\"},\"image\":{\"@id\":\"https:\\\/\\\/www.albertojosevarela.com\\\/fr\\\/une-vie-au-visage-decouvert-le-fou-1-poeme-de-khalil-gibran-vous-me-demandez-comment-je-devins-fou\\\/#primaryimage\"},\"thumbnailUrl\":\"https:\\\/\\\/www.albertojosevarela.com\\\/wp-content\\\/uploads\\\/2021\\\/07\\\/el-loco-kalil-gibran-710x399-2.jpg\",\"datePublished\":\"2017-11-15T17:15:27+00:00\",\"breadcrumb\":{\"@id\":\"https:\\\/\\\/www.albertojosevarela.com\\\/fr\\\/une-vie-au-visage-decouvert-le-fou-1-poeme-de-khalil-gibran-vous-me-demandez-comment-je-devins-fou\\\/#breadcrumb\"},\"inLanguage\":\"fr-FR\",\"potentialAction\":[{\"@type\":\"ReadAction\",\"target\":[\"https:\\\/\\\/www.albertojosevarela.com\\\/fr\\\/une-vie-au-visage-decouvert-le-fou-1-poeme-de-khalil-gibran-vous-me-demandez-comment-je-devins-fou\\\/\"]}]},{\"@type\":\"ImageObject\",\"inLanguage\":\"fr-FR\",\"@id\":\"https:\\\/\\\/www.albertojosevarela.com\\\/fr\\\/une-vie-au-visage-decouvert-le-fou-1-poeme-de-khalil-gibran-vous-me-demandez-comment-je-devins-fou\\\/#primaryimage\",\"url\":\"https:\\\/\\\/www.albertojosevarela.com\\\/wp-content\\\/uploads\\\/2021\\\/07\\\/el-loco-kalil-gibran-710x399-2.jpg\",\"contentUrl\":\"https:\\\/\\\/www.albertojosevarela.com\\\/wp-content\\\/uploads\\\/2021\\\/07\\\/el-loco-kalil-gibran-710x399-2.jpg\",\"width\":710,\"height\":399},{\"@type\":\"BreadcrumbList\",\"@id\":\"https:\\\/\\\/www.albertojosevarela.com\\\/fr\\\/une-vie-au-visage-decouvert-le-fou-1-poeme-de-khalil-gibran-vous-me-demandez-comment-je-devins-fou\\\/#breadcrumb\",\"itemListElement\":[{\"@type\":\"ListItem\",\"position\":1,\"name\":\"Inicio\",\"item\":\"https:\\\/\\\/www.albertojosevarela.com\\\/fr\\\/\"},{\"@type\":\"ListItem\",\"position\":2,\"name\":\"UNE VIE AU VISAGE D\u00c9COUVERT \u00ab\u00a0Le fou\u00a0\u00bb (1) Po\u00e8me de Khalil Gibran, \u00ab\u00a0Vous me demandez comment je devins fou?\u00a0\u00bb\"}]},{\"@type\":\"WebSite\",\"@id\":\"https:\\\/\\\/www.albertojosevarela.com\\\/fr\\\/#website\",\"url\":\"https:\\\/\\\/www.albertojosevarela.com\\\/fr\\\/\",\"name\":\"Web Oficial de Alberto Jos\u00e9 Varela\",\"description\":\"El ser humano evoluciona cuando se mira adentro\",\"publisher\":{\"@id\":\"https:\\\/\\\/www.albertojosevarela.com\\\/fr\\\/#\\\/schema\\\/person\\\/6197324b0e48a485e79c32ccad0064d8\"},\"potentialAction\":[{\"@type\":\"SearchAction\",\"target\":{\"@type\":\"EntryPoint\",\"urlTemplate\":\"https:\\\/\\\/www.albertojosevarela.com\\\/fr\\\/?s={search_term_string}\"},\"query-input\":{\"@type\":\"PropertyValueSpecification\",\"valueRequired\":true,\"valueName\":\"search_term_string\"}}],\"inLanguage\":\"fr-FR\"},{\"@type\":[\"Person\",\"Organization\"],\"@id\":\"https:\\\/\\\/www.albertojosevarela.com\\\/fr\\\/#\\\/schema\\\/person\\\/6197324b0e48a485e79c32ccad0064d8\",\"name\":\"Alberto Jos\u00e9 Varela\",\"image\":{\"@type\":\"ImageObject\",\"inLanguage\":\"fr-FR\",\"@id\":\"https:\\\/\\\/www.albertojosevarela.com\\\/wp-content\\\/uploads\\\/2020\\\/11\\\/alberto-varela.jpeg\",\"url\":\"https:\\\/\\\/www.albertojosevarela.com\\\/wp-content\\\/uploads\\\/2020\\\/11\\\/alberto-varela.jpeg\",\"contentUrl\":\"https:\\\/\\\/www.albertojosevarela.com\\\/wp-content\\\/uploads\\\/2020\\\/11\\\/alberto-varela.jpeg\",\"width\":682,\"height\":864,\"caption\":\"Alberto Jos\u00e9 Varela\"},\"logo\":{\"@id\":\"https:\\\/\\\/www.albertojosevarela.com\\\/wp-content\\\/uploads\\\/2020\\\/11\\\/alberto-varela.jpeg\"},\"description\":\"Fundador de empresas y organizaciones; creador de t\u00e9cnicas, m\u00e9todos y escuelas; autor de varios libros. Estudiante autodidacta, investigador y conferencista internacional, con una experiencia de m\u00e1s de 40 a\u00f1os en la gesti\u00f3n organizacional y los RRHH. Actualmente crece su influencia en el \u00e1mbito motivacional, terap\u00e9utico y espiritual a ra\u00edz del mensaje evolutivo que transmite.\",\"sameAs\":[\"https:\\\/\\\/www.facebook.com\\\/Alvertojosevarela\",\"https:\\\/\\\/www.instagram.com\\\/albertojose.varela\\\/\",\"https:\\\/\\\/www.linkedin.com\\\/in\\\/alverto-varela\\\/\",\"https:\\\/\\\/x.com\\\/albertoJ_varela\",\"https:\\\/\\\/www.youtube.com\\\/c\\\/AlvertoVarela\"]}]}<\/script>\n<!-- \/ Yoast SEO plugin. -->","yoast_head_json":{"title":"UNE VIE AU VISAGE D\u00c9COUVERT \"Le fou\" (1) Po\u00e8me de Khalil Gibran, \"Vous me demandez comment je devins fou?\" - Web Oficial de Alverto","robots":{"index":"index","follow":"follow","max-snippet":"max-snippet:-1","max-image-preview":"max-image-preview:large","max-video-preview":"max-video-preview:-1"},"canonical":"https:\/\/www.albertojosevarela.com\/fr\/une-vie-au-visage-decouvert-le-fou-1-poeme-de-khalil-gibran-vous-me-demandez-comment-je-devins-fou\/","og_locale":"fr_FR","og_type":"article","og_title":"UNE VIE AU VISAGE D\u00c9COUVERT \"Le fou\" (1) Po\u00e8me de Khalil Gibran, \"Vous me demandez comment je devins fou?\" - Web Oficial de Alverto","og_description":"QUITTER LES MASQUES, C\u2019EST LA PLUS GRANDE DES FOLIES A quoi ressemblerait ta vie sans tes masques? Dit Khalil Gibran dans son livre Le Fou: \u00ab\u00a0Vous me demandez comment je devins un fou. Cela m&rsquo;arriva ainsi: un jour je m&rsquo;\u00e9veillai d&rsquo;un profond sommeil et trouvais que tous mes masques \u00e9taient vol\u00e9s, ces masques que j&rsquo;ai [&hellip;]","og_url":"https:\/\/www.albertojosevarela.com\/fr\/une-vie-au-visage-decouvert-le-fou-1-poeme-de-khalil-gibran-vous-me-demandez-comment-je-devins-fou\/","og_site_name":"Web Oficial de Alverto","article_publisher":"https:\/\/www.facebook.com\/Alvertojosevarela","article_author":"https:\/\/www.facebook.com\/Alvertojosevarela","article_published_time":"2017-11-15T17:15:27+00:00","og_image":[{"width":710,"height":399,"url":"https:\/\/www.albertojosevarela.com\/wp-content\/uploads\/2021\/07\/el-loco-kalil-gibran-710x399-2.jpg","type":"image\/jpeg"}],"author":"Alberto Jos\u00e9 Varela","twitter_card":"summary_large_image","twitter_creator":"@albertoJ_varela","twitter_site":"@albertoJ_varela","schema":{"@context":"https:\/\/schema.org","@graph":[{"@type":"Article","@id":"https:\/\/www.albertojosevarela.com\/fr\/une-vie-au-visage-decouvert-le-fou-1-poeme-de-khalil-gibran-vous-me-demandez-comment-je-devins-fou\/#article","isPartOf":{"@id":"https:\/\/www.albertojosevarela.com\/fr\/une-vie-au-visage-decouvert-le-fou-1-poeme-de-khalil-gibran-vous-me-demandez-comment-je-devins-fou\/"},"author":{"name":"Alberto Jos\u00e9 Varela","@id":"https:\/\/www.albertojosevarela.com\/fr\/#\/schema\/person\/6197324b0e48a485e79c32ccad0064d8"},"headline":"UNE VIE AU VISAGE D\u00c9COUVERT \u00ab\u00a0Le fou\u00a0\u00bb (1) Po\u00e8me de Khalil Gibran, \u00ab\u00a0Vous me demandez comment je devins fou?\u00a0\u00bb","datePublished":"2017-11-15T17:15:27+00:00","mainEntityOfPage":{"@id":"https:\/\/www.albertojosevarela.com\/fr\/une-vie-au-visage-decouvert-le-fou-1-poeme-de-khalil-gibran-vous-me-demandez-comment-je-devins-fou\/"},"wordCount":344,"publisher":{"@id":"https:\/\/www.albertojosevarela.com\/fr\/#\/schema\/person\/6197324b0e48a485e79c32ccad0064d8"},"image":{"@id":"https:\/\/www.albertojosevarela.com\/fr\/une-vie-au-visage-decouvert-le-fou-1-poeme-de-khalil-gibran-vous-me-demandez-comment-je-devins-fou\/#primaryimage"},"thumbnailUrl":"https:\/\/www.albertojosevarela.com\/wp-content\/uploads\/2021\/07\/el-loco-kalil-gibran-710x399-2.jpg","inLanguage":"fr-FR"},{"@type":"WebPage","@id":"https:\/\/www.albertojosevarela.com\/fr\/une-vie-au-visage-decouvert-le-fou-1-poeme-de-khalil-gibran-vous-me-demandez-comment-je-devins-fou\/","url":"https:\/\/www.albertojosevarela.com\/fr\/une-vie-au-visage-decouvert-le-fou-1-poeme-de-khalil-gibran-vous-me-demandez-comment-je-devins-fou\/","name":"UNE VIE AU VISAGE D\u00c9COUVERT \"Le fou\" (1) Po\u00e8me de Khalil Gibran, \"Vous me demandez comment je devins fou?\" - Web Oficial de Alverto","isPartOf":{"@id":"https:\/\/www.albertojosevarela.com\/fr\/#website"},"primaryImageOfPage":{"@id":"https:\/\/www.albertojosevarela.com\/fr\/une-vie-au-visage-decouvert-le-fou-1-poeme-de-khalil-gibran-vous-me-demandez-comment-je-devins-fou\/#primaryimage"},"image":{"@id":"https:\/\/www.albertojosevarela.com\/fr\/une-vie-au-visage-decouvert-le-fou-1-poeme-de-khalil-gibran-vous-me-demandez-comment-je-devins-fou\/#primaryimage"},"thumbnailUrl":"https:\/\/www.albertojosevarela.com\/wp-content\/uploads\/2021\/07\/el-loco-kalil-gibran-710x399-2.jpg","datePublished":"2017-11-15T17:15:27+00:00","breadcrumb":{"@id":"https:\/\/www.albertojosevarela.com\/fr\/une-vie-au-visage-decouvert-le-fou-1-poeme-de-khalil-gibran-vous-me-demandez-comment-je-devins-fou\/#breadcrumb"},"inLanguage":"fr-FR","potentialAction":[{"@type":"ReadAction","target":["https:\/\/www.albertojosevarela.com\/fr\/une-vie-au-visage-decouvert-le-fou-1-poeme-de-khalil-gibran-vous-me-demandez-comment-je-devins-fou\/"]}]},{"@type":"ImageObject","inLanguage":"fr-FR","@id":"https:\/\/www.albertojosevarela.com\/fr\/une-vie-au-visage-decouvert-le-fou-1-poeme-de-khalil-gibran-vous-me-demandez-comment-je-devins-fou\/#primaryimage","url":"https:\/\/www.albertojosevarela.com\/wp-content\/uploads\/2021\/07\/el-loco-kalil-gibran-710x399-2.jpg","contentUrl":"https:\/\/www.albertojosevarela.com\/wp-content\/uploads\/2021\/07\/el-loco-kalil-gibran-710x399-2.jpg","width":710,"height":399},{"@type":"BreadcrumbList","@id":"https:\/\/www.albertojosevarela.com\/fr\/une-vie-au-visage-decouvert-le-fou-1-poeme-de-khalil-gibran-vous-me-demandez-comment-je-devins-fou\/#breadcrumb","itemListElement":[{"@type":"ListItem","position":1,"name":"Inicio","item":"https:\/\/www.albertojosevarela.com\/fr\/"},{"@type":"ListItem","position":2,"name":"UNE VIE AU VISAGE D\u00c9COUVERT \u00ab\u00a0Le fou\u00a0\u00bb (1) Po\u00e8me de Khalil Gibran, \u00ab\u00a0Vous me demandez comment je devins fou?\u00a0\u00bb"}]},{"@type":"WebSite","@id":"https:\/\/www.albertojosevarela.com\/fr\/#website","url":"https:\/\/www.albertojosevarela.com\/fr\/","name":"Web Oficial de Alberto Jos\u00e9 Varela","description":"El ser humano evoluciona cuando se mira adentro","publisher":{"@id":"https:\/\/www.albertojosevarela.com\/fr\/#\/schema\/person\/6197324b0e48a485e79c32ccad0064d8"},"potentialAction":[{"@type":"SearchAction","target":{"@type":"EntryPoint","urlTemplate":"https:\/\/www.albertojosevarela.com\/fr\/?s={search_term_string}"},"query-input":{"@type":"PropertyValueSpecification","valueRequired":true,"valueName":"search_term_string"}}],"inLanguage":"fr-FR"},{"@type":["Person","Organization"],"@id":"https:\/\/www.albertojosevarela.com\/fr\/#\/schema\/person\/6197324b0e48a485e79c32ccad0064d8","name":"Alberto Jos\u00e9 Varela","image":{"@type":"ImageObject","inLanguage":"fr-FR","@id":"https:\/\/www.albertojosevarela.com\/wp-content\/uploads\/2020\/11\/alberto-varela.jpeg","url":"https:\/\/www.albertojosevarela.com\/wp-content\/uploads\/2020\/11\/alberto-varela.jpeg","contentUrl":"https:\/\/www.albertojosevarela.com\/wp-content\/uploads\/2020\/11\/alberto-varela.jpeg","width":682,"height":864,"caption":"Alberto Jos\u00e9 Varela"},"logo":{"@id":"https:\/\/www.albertojosevarela.com\/wp-content\/uploads\/2020\/11\/alberto-varela.jpeg"},"description":"Fundador de empresas y organizaciones; creador de t\u00e9cnicas, m\u00e9todos y escuelas; autor de varios libros. Estudiante autodidacta, investigador y conferencista internacional, con una experiencia de m\u00e1s de 40 a\u00f1os en la gesti\u00f3n organizacional y los RRHH. Actualmente crece su influencia en el \u00e1mbito motivacional, terap\u00e9utico y espiritual a ra\u00edz del mensaje evolutivo que transmite.","sameAs":["https:\/\/www.facebook.com\/Alvertojosevarela","https:\/\/www.instagram.com\/albertojose.varela\/","https:\/\/www.linkedin.com\/in\/alverto-varela\/","https:\/\/x.com\/albertoJ_varela","https:\/\/www.youtube.com\/c\/AlvertoVarela"]}]}},"jetpack_featured_media_url":"https:\/\/www.albertojosevarela.com\/wp-content\/uploads\/2021\/07\/el-loco-kalil-gibran-710x399-2.jpg","_links":{"self":[{"href":"https:\/\/www.albertojosevarela.com\/fr\/wp-json\/wp\/v2\/posts\/65275","targetHints":{"allow":["GET"]}}],"collection":[{"href":"https:\/\/www.albertojosevarela.com\/fr\/wp-json\/wp\/v2\/posts"}],"about":[{"href":"https:\/\/www.albertojosevarela.com\/fr\/wp-json\/wp\/v2\/types\/post"}],"author":[{"embeddable":true,"href":"https:\/\/www.albertojosevarela.com\/fr\/wp-json\/wp\/v2\/users\/9"}],"replies":[{"embeddable":true,"href":"https:\/\/www.albertojosevarela.com\/fr\/wp-json\/wp\/v2\/comments?post=65275"}],"version-history":[{"count":0,"href":"https:\/\/www.albertojosevarela.com\/fr\/wp-json\/wp\/v2\/posts\/65275\/revisions"}],"wp:featuredmedia":[{"embeddable":true,"href":"https:\/\/www.albertojosevarela.com\/fr\/wp-json\/wp\/v2\/media\/65282"}],"wp:attachment":[{"href":"https:\/\/www.albertojosevarela.com\/fr\/wp-json\/wp\/v2\/media?parent=65275"}],"wp:term":[{"taxonomy":"category","embeddable":true,"href":"https:\/\/www.albertojosevarela.com\/fr\/wp-json\/wp\/v2\/categories?post=65275"},{"taxonomy":"post_tag","embeddable":true,"href":"https:\/\/www.albertojosevarela.com\/fr\/wp-json\/wp\/v2\/tags?post=65275"}],"curies":[{"name":"wp","href":"https:\/\/api.w.org\/{rel}","templated":true}]}}