{"id":66114,"date":"2018-09-26T07:46:21","date_gmt":"2018-09-26T05:46:21","guid":{"rendered":"https:\/\/www.albertojosevarela.com\/des-temoignages-clairs-et-categoriques-jai-pris-de-layahuasca-et-ca-a-change-ma-vie-pour-toujours\/"},"modified":"2018-09-26T07:46:21","modified_gmt":"2018-09-26T05:46:21","slug":"des-temoignages-clairs-et-categoriques-jai-pris-de-layahuasca-et-ca-a-change-ma-vie-pour-toujours","status":"publish","type":"post","link":"https:\/\/www.albertojosevarela.com\/fr\/des-temoignages-clairs-et-categoriques-jai-pris-de-layahuasca-et-ca-a-change-ma-vie-pour-toujours\/","title":{"rendered":"DES T\u00c9MOIGNAGES CLAIRS ET CAT\u00c9GORIQUES: \u00abJ\u2019ai pris de l&rsquo;Ayahuasca et \u00e7a a chang\u00e9 ma vie pour toujours \u00bb"},"content":{"rendered":"<p lang=\"zxx\"><span style=\"color: #ff6600;\"><span style=\"font-family: SimSun;\"><span style=\"font-size: large;\"><b>ET SI NOUS \u00c9TIONS FACE \u00c0 DES M\u00c9DECINES NATURELLES QUI POUVAIENT CHANGER LE MONDE?<\/b><\/span><\/span><\/span><\/p>\n<p><span style=\"color: #000000;\"><span style=\"font-family: SimSun;\"><span style=\"font-size: large;\"><span lang=\"zxx\"><i><b>Quand une personne change vraiment, cela peut-\u00eatre le d\u00e9but d&rsquo;un changement global sans pr\u00e9c\u00e9dent.<\/b><\/i><\/span><\/span><\/span><\/span><\/p>\n<p><span style=\"color: #000000;\"><span style=\"font-family: Georgia, serif;\"><span style=\"font-size: medium;\"><span lang=\"zxx\">J\u2019ai pris de l&rsquo;Ayahuasca \u00e0 une \u00e9poque o\u00f9 je ressentais simplement de l&rsquo;apathie. Et cela a chang\u00e9 ma vie pour le mieux. Je ne suis pas en devenue accro. Je ne ressens pas le besoin d\u2019en reprendre. Je ne ressens qu&rsquo;un besoin profond de vivre. C&rsquo;est pourquoi je soutiens la d\u00e9criminalisation de cette m\u00e9decine naturelle.<br \/>\nJe soutiens \u00e9galement la divulgation d&rsquo;informations \u00e0 son sujet et l&rsquo;\u00e9tude s\u00e9rieuse de ses propri\u00e9t\u00e9s. Et je souhaite du fond de mon c\u0153ur que tout le monde y ait acc\u00e8s.<\/span><\/span><\/span><\/span><\/p>\n<p><span style=\"font-family: Georgia, serif;\"><span style=\"font-size: medium;\"><span style=\"color: #000000;\"><span lang=\"zxx\"><br \/>\n<\/span><\/span><span style=\"color: #000000;\"><span lang=\"zxx\"><b>Paola Betancour<\/b><\/span><\/span><span style=\"color: #000000;\"><span lang=\"zxx\"><br \/>\n<\/span><\/span><\/span><\/span><\/p>\n<p lang=\"zxx\"><span style=\"color: #000000;\"><span style=\"font-family: Georgia, serif;\"><span style=\"font-size: medium;\"><br \/>\nJe sens que mon existence se d\u00e9veloppe comme jamais auparavant. Maintenant, je sais qui je suis et c&rsquo;est mon essence qui me guide d\u00e9sormais sur le chemin. Je suis \u00e2g\u00e9 de 57 ans, pendant 56 ans et demi, je suis rest\u00e9 inconscient, endormi, sous anesth\u00e9sie. J&rsquo;\u00e9tais en transit dans la vie en croyant avoir des horizons qui n\u2019\u00e9taient jamais mis en pratique, ils s\u2019\u00e9vaporaient. Je buvais de l&rsquo;alcool, parfois \u00e0 des niveaux stup\u00e9fiants, je consommait de la drogue et je vivais frustr\u00e9 dans un pr\u00e9sent m\u00e9diocre et confus. M\u00eame \u00ab l\u2019amour \u00bb ne me r\u00e9confortait, mon couple tombait en morceaux par l&rsquo;inertie de mon apathie. Je d\u00e9guisais avec des sourires et de bons mots, la tristesse et la col\u00e8re que je ressentais. Je vivais limit\u00e9 par ma peur &#8230; peur de ce que les gens disent, la peur de ce qui pourrait m\u2019arriver, peur que tout aille mal (ou bien?), La peur de prendre des risques, la peur de me tromper, la peur de ne pas \u00eatre aim\u00e9, d&rsquo;\u00eatre rejet\u00e9 &#8230; la peur d&rsquo;avoir peur.<\/span><\/span><\/span><\/p>\n<p lang=\"zxx\"><span style=\"color: #000000;\"><span style=\"font-family: Georgia, serif;\"><span style=\"font-size: medium;\"><br \/>\nAujourd&rsquo;hui, je peux dire que tout ce qui est arriv\u00e9 dans ma vie \u00e9tait parfait, et pas seulement comme une expression ou un slogan \u00ab new \u00e2ge \u00bb, mais comme le chant de mon amour inconditionnel pour la vie. Et je peux dire que cette retraite avec l&rsquo;utilisation de l&rsquo;Ayahuasca \u00e0 laquelle j&rsquo;ai particip\u00e9 pour la premi\u00e8re fois, a \u00e9t\u00e9 la premi\u00e8re \u00e9tape de cette expansion de la conscience, de cette capacit\u00e9 de pouvoir regarder et me regarder depuis un ailleurs, un autre point de vue, et ainsi d\u00e9couvrir des douleurs tr\u00e8s profondes et anciennes, stock\u00e9es dans mon subconscient, qui ont guid\u00e9 les d\u00e9cisions qui ont marqu\u00e9 les chemins que j&rsquo;ai pris dans ma vie et pouvoir les d\u00e9passer.<\/span><\/span><\/span><\/p>\n<p><span style=\"font-family: Georgia, serif;\"><span style=\"font-size: medium;\"><span style=\"color: #000000;\"><span lang=\"zxx\"><br \/>\nJe peux maintenant \u00e9valuer tout cela \u00e0 partir de l&rsquo;amour, de ma connexion avec mon c\u0153ur et mon \u00e2me, j\u2019ai pu pardonner et me pardonner, j\u2019ai pu gu\u00e9rir beaucoup de blessures. Je suis toujours dans le processus de gu\u00e9rison, mais je suis conscient et j&rsquo;ai un besoin profond et vital d&rsquo;\u00eatre conscient tout le temps. L\u2019alcool ou les drogues ne sont qu&rsquo;une \u00e9vasion, car il est impossible d&rsquo;\u00e9chapper \u00e0 soi-m\u00eame. Avec l&rsquo;Ayahuasca, j&rsquo;ai trouv\u00e9 le courage et le potentiel en moi et je le d\u00e9veloppe de jour en jour. La prise d\u2019Ayahuasca ne m\u2019a caus\u00e9 aucune anomalie mentale, et je ne suis pas devenu accro et je vais s\u00fbrement en reprendre parce que les processus conscients m&rsquo;ont permis de r\u00e9ussir \u00e0 atteindre la partie la plus profonde de mon \u00eatre. Cela a \u00e9t\u00e9 possible, d&rsquo;abord gr\u00e2ce \u00e0 moi et ma d\u00e9cision, et ensuite gr\u00e2ce aux des processus psycho-th\u00e9rapeutiques, des th\u00e9rapies syst\u00e9miques et d&rsquo;int\u00e9grations d\u2019expansion de la conscience permise par l\u2019\u00e9quipe d&rsquo;Inner Mastery. Et aussi gr\u00e2ce \u00e0 cette plante ma\u00eetresse qui a illumin\u00e9 les chemins pour ce pr\u00e9sent.<\/span><\/span><\/span><\/span><\/p>\n<p lang=\"zxx\"><span style=\"color: #000000;\"> <span style=\"font-family: Georgia, serif;\"><span style=\"font-size: medium;\">Aujourd&rsquo;hui, je travaille avec eux, ils sont devenus ma famille et je sais entre autres que je veux aujourd&rsquo;hui que tout le monde puisse avoir la possibilit\u00e9 d&rsquo;exp\u00e9rimenter le pouvoir, d&rsquo;\u00eatre ma\u00eetres de son propre destin avec conscience et amour. Avec l&rsquo;exp\u00e9rience de l&rsquo;Ayahuasca, il y a un avant et un apr\u00e8s dans la vie de ceux qui la vivent.<\/span><\/span><\/span><\/p>\n<p lang=\"zxx\"><span style=\"color: #000000;\"><span style=\"font-family: Georgia, serif;\"><span style=\"font-size: medium;\"><br \/>\nJ\u2019ai pris de l&rsquo;Ayahuasca et je vais le faire \u00e0 nouveau, parce que je m\u2019aime et parce que je veux continuer \u00e0 approfondir l&rsquo;exploration de mon inconscient et que je veux continuer \u00e0 d\u00e9velopper la conscience de mon \u00eatre.<\/span><\/span><\/span><\/p>\n<p><span style=\"color: #000000;\"><span style=\"font-family: Georgia, serif;\"><span style=\"font-size: medium;\"><br \/>\nAujourd&rsquo;hui, je peux dire avec tout mon amour, merci \u00e0 chacun de ceux qui ont \u00e9t\u00e9 l\u00e0, sont et seront partie de tout ce qui est arriv\u00e9, arrive et qui va se passer dans ma vie. Merci merci merci.<\/span><\/span><\/span><\/p>\n<p><span style=\"font-family: Georgia, serif;\"><span style=\"font-size: medium;\"><span style=\"color: #000000;\"><span lang=\"zxx\"><b>Carlos Ovejero<\/b><\/span><\/span><\/span><\/span><\/p>\n<p>&nbsp;<\/p>\n<p><span style=\"font-family: Georgia, serif;\"><span style=\"font-size: medium;\"><span style=\"color: #000000;\"><span lang=\"zxx\">Je pense \u00e0 ce que je ressens .. Je ressens de la gratitude pour ma valeur, tout ce qui m\u2019a permis d&rsquo;arriver ici jusqu&rsquo;\u00e0 maintenant. Par exemple, je me souviens de ma premi\u00e8re prise d\u2019Ayahuasca ou Yage comme ils l&rsquo;appellent, comme celle d&rsquo;une audace quand sur internet, une page s&rsquo;est ouverte et m&rsquo;a soudain rempli de joie. Je cherchait depuis 2015, j\u2019attendais ce moment et il est arriv\u00e9. C\u2019\u00e9tait le bon moment, mon \u00e2me n\u2019en pouvait plus. Apr\u00e8s une pause que je devais faire\u00a0; j\u2019ai fait un s\u00e9minaire appel\u00e9 \u00ab\u00a0la glande pin\u00e9ale\u00a0\u00bb o\u00f9 ils parlent de se souvenir, de l&rsquo;\u00e9nergie, de l&rsquo;origine de l&rsquo;\u00eatre. Tout ce que je viens de mentionner je l\u2019avait oubli\u00e9, je pensais que tout est simplement de la chair, des os, des pens\u00e9es destructrices. J\u2019\u00e9tais en train de tomber en d\u00e9pression \u00e0 nouveau, avec le retour des fant\u00f4mes du suicide qui me tourmentaient. J\u2019avais d\u00e9j\u00e0 arr\u00eat\u00e9 les anxiolytiques et les antid\u00e9presseurs un an et demi auparavant et je ne voulais pas revenir \u00e0 cela. Je sentais que \u00e7a allait m\u2019endormir. Essayer l&rsquo;Ayahuasca \u00e9tait ma derni\u00e8re roue de secours, ma seule chance d&rsquo;arr\u00eater de penser \u00e0 me d\u00e9truire compl\u00e8tement. J&rsquo;\u00e9tais coinc\u00e9e et sans force, \u00e9puis\u00e9e par tant de luttes et de punitions. Heureusement, tout c\u2019est pass\u00e9 tr\u00e8s vite. L&rsquo;organisation d&rsquo;Innermastery m\u2019a donn\u00e9 toutes les informations possibles auxquelles je n&rsquo;avais auparavant jamais eu acc\u00e8s. Et puis j\u2019ai lu un po\u00e8me de Sergio qui m&rsquo;a beaucoup touch\u00e9. J\u2019ai ador\u00e9 sa simplicit\u00e9 et sa disponibilit\u00e9 d\u00e8s la premi\u00e8re minute o\u00f9 je l&rsquo;ai rencontr\u00e9. Il m\u2019a soutenu, nous avions \u00e9chang\u00e9 quelques mots dans le chat WhatsApp. J\u2019ai ressenti une bonne \u00e9nergie, il \u00e9tait dans l&rsquo;amour. J&rsquo;ai demand\u00e9 le prix pour \u00e9valuer, puis prendre la d\u00e9cision de&rsquo; y aller. Je me sentais en confiance et je suis all\u00e9e en Uruguay avec un d\u00e9vouement total. J\u2019\u00e9tais aussi effray\u00e9e parce que c\u2019\u00e9tait quelque chose d\u2019inconnu, j\u2019\u00e9tais \u00e9trangl\u00e9e par l&rsquo;\u00e9motion, submerg\u00e9e. Je ne pouvais presque pas parler. Je suis arriv\u00e9e comme \u00e7a, ils m\u2019ont re\u00e7u, il y avait des gens partout sur le site, les participants et les animateurs, de l&rsquo;Uruguay, du Chili, du Mexique, d&rsquo;Espagne &#8230;On aurait dit une f\u00eate. Apr\u00e8s avoir rempli les formalit\u00e9s, j\u2019ai demand\u00e9 le signal du Wi-Fi. Je m&rsquo;en souviens parce que cela m&rsquo;a apport\u00e9 beaucoup de tranquillit\u00e9 d&rsquo;esprit et \u00e7a m&rsquo;a donn\u00e9 plus confiance, j&rsquo;ai dit \u00e0 ma famille que j&rsquo;\u00e9tais bien arriv\u00e9e et apr\u00e8s je n&rsquo;ai plus utilis\u00e9 le t\u00e9l\u00e9phone portable. Depuis le d\u00e9but j&rsquo;ai senti que c&rsquo;\u00e9tait comme un rendez-vous avec moi-m\u00eame. Apr\u00e8s est arriv\u00e9 le moment de la pr\u00e9paration avant la prise, on a d\u00fb se pr\u00e9senter et partager notre et motivation. Je ne pouvais \u00e0 peine parler, j&rsquo;avais juste envie de pleurer. Je me suis pr\u00e9sent\u00e9e comme j&rsquo;ai pu. En pleurant comme une petite fille, j\u2019ai dit que je voulais gu\u00e9rir, que j&rsquo;ai une phobie sociale, de l&rsquo;arthrite, de la d\u00e9pression, que j\u2019ai mal dans mes reins, que je ne peux pas bien communiquer, que j\u2019ai une basse estime de moi, et que je veux apprendre \u00e0 m\u2019aimer &#8230; Je ne sais pas on pouvait me comprendre parce que je parlais en pleurant. Et puis c&rsquo;\u00e9tait incroyable d&rsquo;\u00e9couter les autres, beaucoup d&rsquo;entre eux aussi paraissaient dans le m\u00eame \u00e9tat que moi, d\u00e9molli<\/span><\/span><span style=\"color: #000000;\"><span lang=\"zxx\"><b>.<br \/>\n<\/b><\/span><\/span><span style=\"color: #000000;\"><span lang=\"zxx\">Puis a commenc\u00e9 la session de yag\u00e9. A la queue leueleu nous avons avanc\u00e9 un par un. Puis s&rsquo;est produit le grand moment, mon moment. J&rsquo;ai bu sans y penser ni savourer, je me suis assise environ dix minutes \u00e0 ma place.<\/span><\/span><\/span><\/span><\/p>\n<p><span style=\"font-family: Georgia, serif;\"><span style=\"font-size: medium;\"><span style=\"color: #000000;\"><span lang=\"zxx\">Je me suis couch\u00e9 sur le tapis tout rouge, couverture rouge, couleur pour laquelle j&rsquo;ai peu d&rsquo;attirance mais il y avait peu de lumi\u00e8re, et je n&rsquo;y ai bient\u00f4t plus accord\u00e9 d&rsquo;importance. Pour moi il ne se passait rien, enfin c&rsquo;est ce que je pensais, je ne voyait pas d&rsquo;image, rien&#8230; Je sentais la musique entrer en moi, et c&rsquo;\u00e9tait quelque chose de nouveau, puis est arriv\u00e9e cette sensation de d\u00e9go\u00fbt, du d\u00e9go\u00fbt, encore du d\u00e9go\u00fbt et la r\u00e9pulsion, j&rsquo;ai vomi trois ou quatre fois, beaucoup, et je me suis presque piss\u00e9 dessus l&rsquo;une des fois o\u00f9 je suis all\u00e9e jeter le vomi, j&rsquo;\u00e9tais toujours l\u00e0, avec ce d\u00e9sir de fuir, pourtant je ne me sentais pas une merde, j&rsquo;\u00e9tais bien pr\u00e9sente, \u00e0 cet endroit et tout \u00e0 coup au milieu des vomissements, cette envie de courir vers nulle part a disparu, j&rsquo;ai essay\u00e9 de m\u00e9diter les yeux ferm\u00e9s, mais rien ne se passait, j&rsquo;\u00e9tais fatigu\u00e9e d&rsquo;attendre, rien ne se passait, je me suis rassise sur mon tapis et juste j&rsquo;ai observ\u00e9 silencieusement le processus des autres, et pour certains, tout \u00e9tait diff\u00e9rent, \u00e7a ressemblait \u00e0 une famille, sans proc\u00e8s. Ce fut soir-l\u00e0 mon premier m\u00e9dicament offert par la prise, pouvoir observer l&rsquo;environnement en pr\u00e9sence. Je n&rsquo;y suis pas all\u00e9e sans crainte, entour\u00e9e par des gens avec qui je me suis sentie accompagn\u00e9e, avec qui je savais que je pourrais partager. Lorsque l&rsquo;aube est arriv\u00e9e, j&rsquo;ai senti arriver en moi la paix, beaucoup d&rsquo;harmonie, je me suis sentie pleine d&rsquo;\u00e9nergie, avec l&rsquo;id\u00e9e que rien ne m&rsquo;arrivait&#8230; mais tout m&rsquo;\u00e9tait arriv\u00e9, je le sens encore &#8230;<br \/>\nPour tout cela et tellement plus encore, je suis reconnaissante et je remercie tous ceux qui m&rsquo;ont accompagn\u00e9 par le c\u0153ur \u2026<\/span><\/span><\/span><\/span><\/p>\n<p lang=\"zxx\"><span style=\"font-family: Georgia, serif;\"><span style=\"font-size: medium;\"><br \/>\nNora Moyano<\/span><\/span><\/p>\n","protected":false},"excerpt":{"rendered":"<p>ET SI NOUS \u00c9TIONS FACE \u00c0 DES M\u00c9DECINES NATURELLES QUI POUVAIENT CHANGER LE MONDE? Quand une personne change vraiment, cela peut-\u00eatre le d\u00e9but d&rsquo;un changement global sans pr\u00e9c\u00e9dent. J\u2019ai pris de l&rsquo;Ayahuasca \u00e0 une \u00e9poque o\u00f9 je ressentais simplement de l&rsquo;apathie. Et cela a chang\u00e9 ma vie pour le mieux. Je ne suis pas en [&hellip;]<\/p>\n","protected":false},"author":9,"featured_media":66115,"comment_status":"closed","ping_status":"closed","sticky":false,"template":"","format":"standard","meta":{"_acf_changed":false,"site-sidebar-layout":"default","site-content-layout":"","ast-site-content-layout":"default","site-content-style":"default","site-sidebar-style":"default","ast-global-header-display":"","ast-banner-title-visibility":"","ast-main-header-display":"","ast-hfb-above-header-display":"","ast-hfb-below-header-display":"","ast-hfb-mobile-header-display":"","site-post-title":"","ast-breadcrumbs-content":"","ast-featured-img":"","footer-sml-layout":"","theme-transparent-header-meta":"","adv-header-id-meta":"","stick-header-meta":"","header-above-stick-meta":"","header-main-stick-meta":"","header-below-stick-meta":"","astra-migrate-meta-layouts":"default","ast-page-background-enabled":"default","ast-page-background-meta":{"desktop":{"background-color":"","background-image":"","background-repeat":"repeat","background-position":"center center","background-size":"auto","background-attachment":"scroll","background-type":"","background-media":"","overlay-type":"","overlay-color":"","overlay-opacity":"","overlay-gradient":""},"tablet":{"background-color":"","background-image":"","background-repeat":"repeat","background-position":"center center","background-size":"auto","background-attachment":"scroll","background-type":"","background-media":"","overlay-type":"","overlay-color":"","overlay-opacity":"","overlay-gradient":""},"mobile":{"background-color":"","background-image":"","background-repeat":"repeat","background-position":"center center","background-size":"auto","background-attachment":"scroll","background-type":"","background-media":"","overlay-type":"","overlay-color":"","overlay-opacity":"","overlay-gradient":""}},"ast-content-background-meta":{"desktop":{"background-color":"var(--ast-global-color-5)","background-image":"","background-repeat":"repeat","background-position":"center center","background-size":"auto","background-attachment":"scroll","background-type":"","background-media":"","overlay-type":"","overlay-color":"","overlay-opacity":"","overlay-gradient":""},"tablet":{"background-color":"var(--ast-global-color-5)","background-image":"","background-repeat":"repeat","background-position":"center center","background-size":"auto","background-attachment":"scroll","background-type":"","background-media":"","overlay-type":"","overlay-color":"","overlay-opacity":"","overlay-gradient":""},"mobile":{"background-color":"var(--ast-global-color-5)","background-image":"","background-repeat":"repeat","background-position":"center center","background-size":"auto","background-attachment":"scroll","background-type":"","background-media":"","overlay-type":"","overlay-color":"","overlay-opacity":"","overlay-gradient":""}},"ep_exclude_from_search":false,"footnotes":""},"categories":[],"tags":[],"class_list":["post-66114","post","type-post","status-publish","format-standard","has-post-thumbnail","hentry"],"acf":[],"yoast_head":"<!-- This site is optimized with the Yoast SEO plugin v27.5 - https:\/\/yoast.com\/product\/yoast-seo-wordpress\/ -->\n<title>DES T\u00c9MOIGNAGES CLAIRS ET CAT\u00c9GORIQUES: \u00abJ\u2019ai pris de l&#039;Ayahuasca et \u00e7a a chang\u00e9 ma vie pour toujours \u00bb - Web Oficial de Alverto<\/title>\n<meta name=\"robots\" content=\"index, follow, max-snippet:-1, max-image-preview:large, max-video-preview:-1\" \/>\n<link rel=\"canonical\" href=\"https:\/\/www.albertojosevarela.com\/fr\/des-temoignages-clairs-et-categoriques-jai-pris-de-layahuasca-et-ca-a-change-ma-vie-pour-toujours\/\" \/>\n<meta property=\"og:locale\" content=\"fr_FR\" \/>\n<meta property=\"og:type\" content=\"article\" \/>\n<meta property=\"og:title\" content=\"DES T\u00c9MOIGNAGES CLAIRS ET CAT\u00c9GORIQUES: \u00abJ\u2019ai pris de l&#039;Ayahuasca et \u00e7a a chang\u00e9 ma vie pour toujours \u00bb - Web Oficial de Alverto\" \/>\n<meta property=\"og:description\" content=\"ET SI NOUS \u00c9TIONS FACE \u00c0 DES M\u00c9DECINES NATURELLES QUI POUVAIENT CHANGER LE MONDE? Quand une personne change vraiment, cela peut-\u00eatre le d\u00e9but d&rsquo;un changement global sans pr\u00e9c\u00e9dent. J\u2019ai pris de l&rsquo;Ayahuasca \u00e0 une \u00e9poque o\u00f9 je ressentais simplement de l&rsquo;apathie. Et cela a chang\u00e9 ma vie pour le mieux. Je ne suis pas en [&hellip;]\" \/>\n<meta property=\"og:url\" content=\"https:\/\/www.albertojosevarela.com\/fr\/des-temoignages-clairs-et-categoriques-jai-pris-de-layahuasca-et-ca-a-change-ma-vie-pour-toujours\/\" \/>\n<meta property=\"og:site_name\" content=\"Web Oficial de Alverto\" \/>\n<meta property=\"article:publisher\" content=\"https:\/\/www.facebook.com\/Alvertojosevarela\" \/>\n<meta property=\"article:author\" content=\"https:\/\/www.facebook.com\/Alvertojosevarela\" \/>\n<meta property=\"article:published_time\" content=\"2018-09-26T05:46:21+00:00\" \/>\n<meta property=\"og:image\" content=\"https:\/\/www.albertojosevarela.com\/wp-content\/uploads\/2021\/07\/testimonio-3-1.jpg\" \/>\n\t<meta property=\"og:image:width\" content=\"710\" \/>\n\t<meta property=\"og:image:height\" content=\"399\" \/>\n\t<meta property=\"og:image:type\" content=\"image\/jpeg\" \/>\n<meta name=\"author\" content=\"Alberto Jos\u00e9 Varela\" \/>\n<meta name=\"twitter:card\" content=\"summary_large_image\" \/>\n<meta name=\"twitter:creator\" content=\"@albertoJ_varela\" \/>\n<meta name=\"twitter:site\" content=\"@albertoJ_varela\" \/>\n<script type=\"application\/ld+json\" class=\"yoast-schema-graph\">{\"@context\":\"https:\\\/\\\/schema.org\",\"@graph\":[{\"@type\":\"Article\",\"@id\":\"https:\\\/\\\/www.albertojosevarela.com\\\/fr\\\/des-temoignages-clairs-et-categoriques-jai-pris-de-layahuasca-et-ca-a-change-ma-vie-pour-toujours\\\/#article\",\"isPartOf\":{\"@id\":\"https:\\\/\\\/www.albertojosevarela.com\\\/fr\\\/des-temoignages-clairs-et-categoriques-jai-pris-de-layahuasca-et-ca-a-change-ma-vie-pour-toujours\\\/\"},\"author\":{\"name\":\"Alberto Jos\u00e9 Varela\",\"@id\":\"https:\\\/\\\/www.albertojosevarela.com\\\/fr\\\/#\\\/schema\\\/person\\\/76219ff044de11c594e9644cca15a7a3\"},\"headline\":\"DES T\u00c9MOIGNAGES CLAIRS ET CAT\u00c9GORIQUES: \u00abJ\u2019ai pris de l&rsquo;Ayahuasca et \u00e7a a chang\u00e9 ma vie pour toujours \u00bb\",\"datePublished\":\"2018-09-26T05:46:21+00:00\",\"mainEntityOfPage\":{\"@id\":\"https:\\\/\\\/www.albertojosevarela.com\\\/fr\\\/des-temoignages-clairs-et-categoriques-jai-pris-de-layahuasca-et-ca-a-change-ma-vie-pour-toujours\\\/\"},\"wordCount\":1845,\"publisher\":{\"@id\":\"https:\\\/\\\/www.albertojosevarela.com\\\/fr\\\/#\\\/schema\\\/person\\\/76219ff044de11c594e9644cca15a7a3\"},\"image\":{\"@id\":\"https:\\\/\\\/www.albertojosevarela.com\\\/fr\\\/des-temoignages-clairs-et-categoriques-jai-pris-de-layahuasca-et-ca-a-change-ma-vie-pour-toujours\\\/#primaryimage\"},\"thumbnailUrl\":\"https:\\\/\\\/www.albertojosevarela.com\\\/wp-content\\\/uploads\\\/2021\\\/07\\\/testimonio-3-1.jpg\",\"inLanguage\":\"fr-FR\"},{\"@type\":\"WebPage\",\"@id\":\"https:\\\/\\\/www.albertojosevarela.com\\\/fr\\\/des-temoignages-clairs-et-categoriques-jai-pris-de-layahuasca-et-ca-a-change-ma-vie-pour-toujours\\\/\",\"url\":\"https:\\\/\\\/www.albertojosevarela.com\\\/fr\\\/des-temoignages-clairs-et-categoriques-jai-pris-de-layahuasca-et-ca-a-change-ma-vie-pour-toujours\\\/\",\"name\":\"DES T\u00c9MOIGNAGES CLAIRS ET CAT\u00c9GORIQUES: \u00abJ\u2019ai pris de l'Ayahuasca et \u00e7a a chang\u00e9 ma vie pour toujours \u00bb - Web Oficial de Alverto\",\"isPartOf\":{\"@id\":\"https:\\\/\\\/www.albertojosevarela.com\\\/fr\\\/#website\"},\"primaryImageOfPage\":{\"@id\":\"https:\\\/\\\/www.albertojosevarela.com\\\/fr\\\/des-temoignages-clairs-et-categoriques-jai-pris-de-layahuasca-et-ca-a-change-ma-vie-pour-toujours\\\/#primaryimage\"},\"image\":{\"@id\":\"https:\\\/\\\/www.albertojosevarela.com\\\/fr\\\/des-temoignages-clairs-et-categoriques-jai-pris-de-layahuasca-et-ca-a-change-ma-vie-pour-toujours\\\/#primaryimage\"},\"thumbnailUrl\":\"https:\\\/\\\/www.albertojosevarela.com\\\/wp-content\\\/uploads\\\/2021\\\/07\\\/testimonio-3-1.jpg\",\"datePublished\":\"2018-09-26T05:46:21+00:00\",\"breadcrumb\":{\"@id\":\"https:\\\/\\\/www.albertojosevarela.com\\\/fr\\\/des-temoignages-clairs-et-categoriques-jai-pris-de-layahuasca-et-ca-a-change-ma-vie-pour-toujours\\\/#breadcrumb\"},\"inLanguage\":\"fr-FR\",\"potentialAction\":[{\"@type\":\"ReadAction\",\"target\":[\"https:\\\/\\\/www.albertojosevarela.com\\\/fr\\\/des-temoignages-clairs-et-categoriques-jai-pris-de-layahuasca-et-ca-a-change-ma-vie-pour-toujours\\\/\"]}]},{\"@type\":\"ImageObject\",\"inLanguage\":\"fr-FR\",\"@id\":\"https:\\\/\\\/www.albertojosevarela.com\\\/fr\\\/des-temoignages-clairs-et-categoriques-jai-pris-de-layahuasca-et-ca-a-change-ma-vie-pour-toujours\\\/#primaryimage\",\"url\":\"https:\\\/\\\/www.albertojosevarela.com\\\/wp-content\\\/uploads\\\/2021\\\/07\\\/testimonio-3-1.jpg\",\"contentUrl\":\"https:\\\/\\\/www.albertojosevarela.com\\\/wp-content\\\/uploads\\\/2021\\\/07\\\/testimonio-3-1.jpg\",\"width\":710,\"height\":399},{\"@type\":\"BreadcrumbList\",\"@id\":\"https:\\\/\\\/www.albertojosevarela.com\\\/fr\\\/des-temoignages-clairs-et-categoriques-jai-pris-de-layahuasca-et-ca-a-change-ma-vie-pour-toujours\\\/#breadcrumb\",\"itemListElement\":[{\"@type\":\"ListItem\",\"position\":1,\"name\":\"Inicio\",\"item\":\"http:\\\/\\\/www.albertojosevarela.com\\\/fr\\\/\"},{\"@type\":\"ListItem\",\"position\":2,\"name\":\"DES T\u00c9MOIGNAGES CLAIRS ET CAT\u00c9GORIQUES: \u00abJ\u2019ai pris de l&rsquo;Ayahuasca et \u00e7a a chang\u00e9 ma vie pour toujours \u00bb\"}]},{\"@type\":\"WebSite\",\"@id\":\"https:\\\/\\\/www.albertojosevarela.com\\\/fr\\\/#website\",\"url\":\"https:\\\/\\\/www.albertojosevarela.com\\\/fr\\\/\",\"name\":\"Web Oficial de Alberto Jos\u00e9 Varela\",\"description\":\"El ser humano evoluciona cuando se mira adentro\",\"publisher\":{\"@id\":\"https:\\\/\\\/www.albertojosevarela.com\\\/fr\\\/#\\\/schema\\\/person\\\/76219ff044de11c594e9644cca15a7a3\"},\"potentialAction\":[{\"@type\":\"SearchAction\",\"target\":{\"@type\":\"EntryPoint\",\"urlTemplate\":\"https:\\\/\\\/www.albertojosevarela.com\\\/fr\\\/?s={search_term_string}\"},\"query-input\":{\"@type\":\"PropertyValueSpecification\",\"valueRequired\":true,\"valueName\":\"search_term_string\"}}],\"inLanguage\":\"fr-FR\"},{\"@type\":[\"Person\",\"Organization\"],\"@id\":\"https:\\\/\\\/www.albertojosevarela.com\\\/fr\\\/#\\\/schema\\\/person\\\/76219ff044de11c594e9644cca15a7a3\",\"name\":\"Alberto Jos\u00e9 Varela\",\"image\":{\"@type\":\"ImageObject\",\"inLanguage\":\"fr-FR\",\"@id\":\"https:\\\/\\\/www.albertojosevarela.com\\\/wp-content\\\/uploads\\\/2020\\\/11\\\/alberto-varela.jpeg\",\"url\":\"https:\\\/\\\/www.albertojosevarela.com\\\/wp-content\\\/uploads\\\/2020\\\/11\\\/alberto-varela.jpeg\",\"contentUrl\":\"https:\\\/\\\/www.albertojosevarela.com\\\/wp-content\\\/uploads\\\/2020\\\/11\\\/alberto-varela.jpeg\",\"width\":682,\"height\":864,\"caption\":\"Alberto Jos\u00e9 Varela\"},\"logo\":{\"@id\":\"https:\\\/\\\/www.albertojosevarela.com\\\/wp-content\\\/uploads\\\/2020\\\/11\\\/alberto-varela.jpeg\"},\"description\":\"Fundador de empresas y organizaciones; creador de t\u00e9cnicas, m\u00e9todos y escuelas; autor de varios libros. Estudiante autodidacta, investigador y conferencista internacional, con una experiencia de m\u00e1s de 40 a\u00f1os en la gesti\u00f3n organizacional y los RRHH. Actualmente crece su influencia en el \u00e1mbito motivacional, terap\u00e9utico y espiritual a ra\u00edz del mensaje evolutivo que transmite.\",\"sameAs\":[\"https:\\\/\\\/www.facebook.com\\\/Alvertojosevarela\",\"https:\\\/\\\/www.instagram.com\\\/albertojose.varela\\\/\",\"https:\\\/\\\/www.linkedin.com\\\/in\\\/alverto-varela\\\/\",\"https:\\\/\\\/x.com\\\/albertoJ_varela\",\"https:\\\/\\\/www.youtube.com\\\/c\\\/AlvertoVarela\"]}]}<\/script>\n<!-- \/ Yoast SEO plugin. -->","yoast_head_json":{"title":"DES T\u00c9MOIGNAGES CLAIRS ET CAT\u00c9GORIQUES: \u00abJ\u2019ai pris de l'Ayahuasca et \u00e7a a chang\u00e9 ma vie pour toujours \u00bb - Web Oficial de Alverto","robots":{"index":"index","follow":"follow","max-snippet":"max-snippet:-1","max-image-preview":"max-image-preview:large","max-video-preview":"max-video-preview:-1"},"canonical":"https:\/\/www.albertojosevarela.com\/fr\/des-temoignages-clairs-et-categoriques-jai-pris-de-layahuasca-et-ca-a-change-ma-vie-pour-toujours\/","og_locale":"fr_FR","og_type":"article","og_title":"DES T\u00c9MOIGNAGES CLAIRS ET CAT\u00c9GORIQUES: \u00abJ\u2019ai pris de l'Ayahuasca et \u00e7a a chang\u00e9 ma vie pour toujours \u00bb - Web Oficial de Alverto","og_description":"ET SI NOUS \u00c9TIONS FACE \u00c0 DES M\u00c9DECINES NATURELLES QUI POUVAIENT CHANGER LE MONDE? Quand une personne change vraiment, cela peut-\u00eatre le d\u00e9but d&rsquo;un changement global sans pr\u00e9c\u00e9dent. J\u2019ai pris de l&rsquo;Ayahuasca \u00e0 une \u00e9poque o\u00f9 je ressentais simplement de l&rsquo;apathie. Et cela a chang\u00e9 ma vie pour le mieux. Je ne suis pas en [&hellip;]","og_url":"https:\/\/www.albertojosevarela.com\/fr\/des-temoignages-clairs-et-categoriques-jai-pris-de-layahuasca-et-ca-a-change-ma-vie-pour-toujours\/","og_site_name":"Web Oficial de Alverto","article_publisher":"https:\/\/www.facebook.com\/Alvertojosevarela","article_author":"https:\/\/www.facebook.com\/Alvertojosevarela","article_published_time":"2018-09-26T05:46:21+00:00","og_image":[{"width":710,"height":399,"url":"https:\/\/www.albertojosevarela.com\/wp-content\/uploads\/2021\/07\/testimonio-3-1.jpg","type":"image\/jpeg"}],"author":"Alberto Jos\u00e9 Varela","twitter_card":"summary_large_image","twitter_creator":"@albertoJ_varela","twitter_site":"@albertoJ_varela","schema":{"@context":"https:\/\/schema.org","@graph":[{"@type":"Article","@id":"https:\/\/www.albertojosevarela.com\/fr\/des-temoignages-clairs-et-categoriques-jai-pris-de-layahuasca-et-ca-a-change-ma-vie-pour-toujours\/#article","isPartOf":{"@id":"https:\/\/www.albertojosevarela.com\/fr\/des-temoignages-clairs-et-categoriques-jai-pris-de-layahuasca-et-ca-a-change-ma-vie-pour-toujours\/"},"author":{"name":"Alberto Jos\u00e9 Varela","@id":"https:\/\/www.albertojosevarela.com\/fr\/#\/schema\/person\/76219ff044de11c594e9644cca15a7a3"},"headline":"DES T\u00c9MOIGNAGES CLAIRS ET CAT\u00c9GORIQUES: \u00abJ\u2019ai pris de l&rsquo;Ayahuasca et \u00e7a a chang\u00e9 ma vie pour toujours \u00bb","datePublished":"2018-09-26T05:46:21+00:00","mainEntityOfPage":{"@id":"https:\/\/www.albertojosevarela.com\/fr\/des-temoignages-clairs-et-categoriques-jai-pris-de-layahuasca-et-ca-a-change-ma-vie-pour-toujours\/"},"wordCount":1845,"publisher":{"@id":"https:\/\/www.albertojosevarela.com\/fr\/#\/schema\/person\/76219ff044de11c594e9644cca15a7a3"},"image":{"@id":"https:\/\/www.albertojosevarela.com\/fr\/des-temoignages-clairs-et-categoriques-jai-pris-de-layahuasca-et-ca-a-change-ma-vie-pour-toujours\/#primaryimage"},"thumbnailUrl":"https:\/\/www.albertojosevarela.com\/wp-content\/uploads\/2021\/07\/testimonio-3-1.jpg","inLanguage":"fr-FR"},{"@type":"WebPage","@id":"https:\/\/www.albertojosevarela.com\/fr\/des-temoignages-clairs-et-categoriques-jai-pris-de-layahuasca-et-ca-a-change-ma-vie-pour-toujours\/","url":"https:\/\/www.albertojosevarela.com\/fr\/des-temoignages-clairs-et-categoriques-jai-pris-de-layahuasca-et-ca-a-change-ma-vie-pour-toujours\/","name":"DES T\u00c9MOIGNAGES CLAIRS ET CAT\u00c9GORIQUES: \u00abJ\u2019ai pris de l'Ayahuasca et \u00e7a a chang\u00e9 ma vie pour toujours \u00bb - Web Oficial de Alverto","isPartOf":{"@id":"https:\/\/www.albertojosevarela.com\/fr\/#website"},"primaryImageOfPage":{"@id":"https:\/\/www.albertojosevarela.com\/fr\/des-temoignages-clairs-et-categoriques-jai-pris-de-layahuasca-et-ca-a-change-ma-vie-pour-toujours\/#primaryimage"},"image":{"@id":"https:\/\/www.albertojosevarela.com\/fr\/des-temoignages-clairs-et-categoriques-jai-pris-de-layahuasca-et-ca-a-change-ma-vie-pour-toujours\/#primaryimage"},"thumbnailUrl":"https:\/\/www.albertojosevarela.com\/wp-content\/uploads\/2021\/07\/testimonio-3-1.jpg","datePublished":"2018-09-26T05:46:21+00:00","breadcrumb":{"@id":"https:\/\/www.albertojosevarela.com\/fr\/des-temoignages-clairs-et-categoriques-jai-pris-de-layahuasca-et-ca-a-change-ma-vie-pour-toujours\/#breadcrumb"},"inLanguage":"fr-FR","potentialAction":[{"@type":"ReadAction","target":["https:\/\/www.albertojosevarela.com\/fr\/des-temoignages-clairs-et-categoriques-jai-pris-de-layahuasca-et-ca-a-change-ma-vie-pour-toujours\/"]}]},{"@type":"ImageObject","inLanguage":"fr-FR","@id":"https:\/\/www.albertojosevarela.com\/fr\/des-temoignages-clairs-et-categoriques-jai-pris-de-layahuasca-et-ca-a-change-ma-vie-pour-toujours\/#primaryimage","url":"https:\/\/www.albertojosevarela.com\/wp-content\/uploads\/2021\/07\/testimonio-3-1.jpg","contentUrl":"https:\/\/www.albertojosevarela.com\/wp-content\/uploads\/2021\/07\/testimonio-3-1.jpg","width":710,"height":399},{"@type":"BreadcrumbList","@id":"https:\/\/www.albertojosevarela.com\/fr\/des-temoignages-clairs-et-categoriques-jai-pris-de-layahuasca-et-ca-a-change-ma-vie-pour-toujours\/#breadcrumb","itemListElement":[{"@type":"ListItem","position":1,"name":"Inicio","item":"http:\/\/www.albertojosevarela.com\/fr\/"},{"@type":"ListItem","position":2,"name":"DES T\u00c9MOIGNAGES CLAIRS ET CAT\u00c9GORIQUES: \u00abJ\u2019ai pris de l&rsquo;Ayahuasca et \u00e7a a chang\u00e9 ma vie pour toujours \u00bb"}]},{"@type":"WebSite","@id":"https:\/\/www.albertojosevarela.com\/fr\/#website","url":"https:\/\/www.albertojosevarela.com\/fr\/","name":"Web Oficial de Alberto Jos\u00e9 Varela","description":"El ser humano evoluciona cuando se mira adentro","publisher":{"@id":"https:\/\/www.albertojosevarela.com\/fr\/#\/schema\/person\/76219ff044de11c594e9644cca15a7a3"},"potentialAction":[{"@type":"SearchAction","target":{"@type":"EntryPoint","urlTemplate":"https:\/\/www.albertojosevarela.com\/fr\/?s={search_term_string}"},"query-input":{"@type":"PropertyValueSpecification","valueRequired":true,"valueName":"search_term_string"}}],"inLanguage":"fr-FR"},{"@type":["Person","Organization"],"@id":"https:\/\/www.albertojosevarela.com\/fr\/#\/schema\/person\/76219ff044de11c594e9644cca15a7a3","name":"Alberto Jos\u00e9 Varela","image":{"@type":"ImageObject","inLanguage":"fr-FR","@id":"https:\/\/www.albertojosevarela.com\/wp-content\/uploads\/2020\/11\/alberto-varela.jpeg","url":"https:\/\/www.albertojosevarela.com\/wp-content\/uploads\/2020\/11\/alberto-varela.jpeg","contentUrl":"https:\/\/www.albertojosevarela.com\/wp-content\/uploads\/2020\/11\/alberto-varela.jpeg","width":682,"height":864,"caption":"Alberto Jos\u00e9 Varela"},"logo":{"@id":"https:\/\/www.albertojosevarela.com\/wp-content\/uploads\/2020\/11\/alberto-varela.jpeg"},"description":"Fundador de empresas y organizaciones; creador de t\u00e9cnicas, m\u00e9todos y escuelas; autor de varios libros. Estudiante autodidacta, investigador y conferencista internacional, con una experiencia de m\u00e1s de 40 a\u00f1os en la gesti\u00f3n organizacional y los RRHH. Actualmente crece su influencia en el \u00e1mbito motivacional, terap\u00e9utico y espiritual a ra\u00edz del mensaje evolutivo que transmite.","sameAs":["https:\/\/www.facebook.com\/Alvertojosevarela","https:\/\/www.instagram.com\/albertojose.varela\/","https:\/\/www.linkedin.com\/in\/alverto-varela\/","https:\/\/x.com\/albertoJ_varela","https:\/\/www.youtube.com\/c\/AlvertoVarela"]}]}},"jetpack_featured_media_url":"https:\/\/www.albertojosevarela.com\/wp-content\/uploads\/2021\/07\/testimonio-3-1.jpg","_links":{"self":[{"href":"https:\/\/www.albertojosevarela.com\/fr\/wp-json\/wp\/v2\/posts\/66114","targetHints":{"allow":["GET"]}}],"collection":[{"href":"https:\/\/www.albertojosevarela.com\/fr\/wp-json\/wp\/v2\/posts"}],"about":[{"href":"https:\/\/www.albertojosevarela.com\/fr\/wp-json\/wp\/v2\/types\/post"}],"author":[{"embeddable":true,"href":"https:\/\/www.albertojosevarela.com\/fr\/wp-json\/wp\/v2\/users\/9"}],"replies":[{"embeddable":true,"href":"https:\/\/www.albertojosevarela.com\/fr\/wp-json\/wp\/v2\/comments?post=66114"}],"version-history":[{"count":0,"href":"https:\/\/www.albertojosevarela.com\/fr\/wp-json\/wp\/v2\/posts\/66114\/revisions"}],"wp:featuredmedia":[{"embeddable":true,"href":"https:\/\/www.albertojosevarela.com\/fr\/wp-json\/wp\/v2\/media\/66115"}],"wp:attachment":[{"href":"https:\/\/www.albertojosevarela.com\/fr\/wp-json\/wp\/v2\/media?parent=66114"}],"wp:term":[{"taxonomy":"category","embeddable":true,"href":"https:\/\/www.albertojosevarela.com\/fr\/wp-json\/wp\/v2\/categories?post=66114"},{"taxonomy":"post_tag","embeddable":true,"href":"https:\/\/www.albertojosevarela.com\/fr\/wp-json\/wp\/v2\/tags?post=66114"}],"curies":[{"name":"wp","href":"https:\/\/api.w.org\/{rel}","templated":true}]}}