{"id":66131,"date":"2018-09-30T20:52:18","date_gmt":"2018-09-30T18:52:18","guid":{"rendered":"https:\/\/www.albertojosevarela.com\/le-blog-dalberto-jose-varela-est-lu-partout-dans-le-monde-nous-avons-ainsi-des-lecteurs-sur-tous-les-continents-et-pays-de-la-planete\/"},"modified":"2018-09-30T20:52:18","modified_gmt":"2018-09-30T18:52:18","slug":"le-blog-dalberto-jose-varela-est-lu-partout-dans-le-monde-nous-avons-ainsi-des-lecteurs-sur-tous-les-continents-et-pays-de-la-planete","status":"publish","type":"post","link":"https:\/\/www.albertojosevarela.com\/fr\/le-blog-dalberto-jose-varela-est-lu-partout-dans-le-monde-nous-avons-ainsi-des-lecteurs-sur-tous-les-continents-et-pays-de-la-planete\/","title":{"rendered":"LE BLOG D\u2019ALBERTO JOS\u00c9 VARELA EST LU PARTOUT DANS LE MONDE. Nous avons ainsi des lecteurs sur tous les continents et pays de la plan\u00e8te."},"content":{"rendered":"<p lang=\"fr-FR\" align=\"LEFT\"><strong><span style=\"color: #ff6600;\"><span style=\"font-family: Georgia, serif;\"><span style=\"font-size: large;\"><span lang=\"en-US\">IL Y A 3<\/span><\/span><\/span><\/span><\/strong><strong><span style=\"color: #ff6600;\"><span style=\"font-family: Georgia, serif;\"><span style=\"font-size: large;\"><span lang=\"en-US\"> ANS NOUS AVONS CR\u00c9E CE BLOG QUI TRANSMET UNE VISION DU MONDE, DE LA VIE ET DES \u00caTRES HUMAINS<\/span><\/span><\/span><\/span><\/strong><\/p>\n<p lang=\"fr-FR\" align=\"LEFT\"><strong><span style=\"font-family: Georgia, serif;\"><span style=\"font-size: medium;\"><span lang=\"en-US\"><i>\u00ab Nous sommes \u00e0 un moment cl\u00e9 de changement d&rsquo;id\u00e9ologies et de paradigmes qui \u00e9mergent gr\u00e2ce \u00e0 une nouvelle forme d&rsquo;acc\u00e8s \u00e0 la conscience permettant de r\u00e9soudre les probl\u00e8mes humains \u00bb<\/i><\/span><\/span><\/span><\/strong><span style=\"font-family: Georgia, serif;\"><span style=\"font-size: medium;\"><br \/>\n<\/span><\/span><\/p>\n<p lang=\"fr-FR\" align=\"LEFT\"><strong><span style=\"font-family: Georgia, serif;\"><span style=\"font-size: medium;\"><span lang=\"es-ES\"><u>DONN\u00c9ES DE CE BLOG SELON les rapports de GOOGLE :<\/u><\/span><\/span><\/span><\/strong><\/p>\n<p lang=\"fr-FR\" align=\"LEFT\"><span style=\"font-family: Georgia, serif;\"><span style=\"font-size: medium;\">&#8211; Pr\u00e8s de 10 millions de visites.<\/span><\/span><\/p>\n<p lang=\"fr-FR\" align=\"LEFT\"><span style=\"font-family: Georgia, serif;\"><span style=\"font-size: medium;\">&#8211; Des lecteurs dans des pays du globe entier. (plus de 200 pays)<\/span><\/span><\/p>\n<p lang=\"fr-FR\" align=\"LEFT\"><span style=\"font-family: Georgia, serif;\"><span style=\"font-size: medium;\">&#8211; Plus de 600 articles publi\u00e9s.<br \/>\n&#8211; Traduit en 7 langues.<\/span><\/span><\/p>\n<p lang=\"fr-FR\" align=\"LEFT\"><span style=\"font-family: Georgia, serif;\"><span style=\"font-size: medium;\"><br \/>\n<\/span><\/span><strong><span style=\"font-family: Georgia, serif;\"><span style=\"font-size: medium;\"><span lang=\"es-ES\">(La carte en page de couverture offerte par Google Analitycs, montre tous les pays color\u00e9s selon diff\u00e9rents tons de bleu, correspondant aux lecteurs du blog)<\/span><\/span><\/span><\/strong><span style=\"font-family: Georgia, serif;\"><span style=\"font-size: medium;\"><br \/>\n<\/span><\/span><\/p>\n<p lang=\"fr-FR\" align=\"LEFT\"><span style=\"font-family: Georgia, serif;\"><span style=\"font-size: medium;\"><br \/>\nCe blog est n\u00e9 en Septembre 2015, avec l&rsquo;intention de publier ce qui a \u00e9t\u00e9 \u00e9crit depuis des ann\u00e9es \u00e0 propos de la spiritualit\u00e9, l&rsquo;approche psycho-th\u00e9rapeutique, l&rsquo;\u00e9veil de la conscience et la recherche int\u00e9rieure de l&rsquo;\u00eatre humain dans le cadre de l&rsquo;utilisation des m\u00e9dicaments ou des substances chamaniques enth\u00e9o-g\u00e9niques. Dans un premier temps, le blog \u00e9t\u00e9 lu par des milliers de personnes qui font partie de la communaut\u00e9 Ayahuasca Internacional\u00ae, mais au bout de 3 ans, c&rsquo;est devenu le moyen de communication globale <b>\u00ab Mouvement vers le Potentiel \u00bb <\/b>n\u00e9 de l&rsquo;organisation INNER MASTERY INTERNATIONAL \u00ae, dont l&rsquo;approche pluraliste de la r\u00e9alit\u00e9 spirituelle et th\u00e9rapeutique de l&rsquo;\u00eatre humain s&rsquo;est concentr\u00e9e dans la cr\u00e9ation de la m\u00e9thode \u00c9VOLUTION INT<span lang=\"en-US\">\u00c9<\/span>RIEURE\u00ae utilis\u00e9e par plus de 20.000 personnes par an qui participent \u00e0 plus de 500 retraites d&rsquo;int\u00e9gration r\u00e9alis\u00e9es dans nos \u00c9PICENTRES HOLISTIQUES, par plus de 100 animateurs et th\u00e9rapeutes dans plus de 20 pays en Am\u00e9rique et en Europe.<\/span><\/span><\/p>\n<p lang=\"fr-FR\" align=\"LEFT\"><span style=\"font-family: Georgia, serif;\"><span style=\"font-size: medium;\"><br \/>\nNous avons fond\u00e9 3 \u00e9coles internationales pour former des personnes \u00e0 travers le monde et leur donner la capacit\u00e9 d&rsquo;exercer cette m\u00e9thode de d\u00e9couverte \u00e9tonnante qui accompagne la fructification du potentiel individuel et humain.<\/span><\/span><\/p>\n<p lang=\"fr-FR\" align=\"LEFT\"><span style=\"font-family: Georgia, serif;\"><span style=\"font-size: medium;\"><br \/>\nNous sommes en train de partager des donn\u00e9es approximatives car la r\u00e9alit\u00e9 du terrain elle, est en train de grandir beaucoup plus rapidement que n&rsquo;importe quel plan rationnel aurait pu imaginer. Nous pensons que la raison de cette croissance est tr\u00e8s profonde, et qu&rsquo;elle est li\u00e9e \u00e0 cette nouvelle recherche humaine pour trouver des r\u00e9ponses, et des issues aux nombreuses r\u00e9alit\u00e9s complexes que nous avons \u00e0 vivre.<\/span><\/span><\/p>\n<p lang=\"fr-FR\" align=\"LEFT\"><span style=\"font-family: Georgia, serif;\"><span style=\"font-size: medium;\"><br \/>\nDans ce blog, je suis entrain de cr\u00e9er une base pour le d\u00e9veloppement d&rsquo;outils, de techniques, d&rsquo;approches, de m\u00e9thodes et de syst\u00e8mes qui permettent de responsabiliser les gens dans la capacit\u00e9 plurielle de cr\u00e9er de nouveaux types de perceptions qui relativisent leurs perceptions ant\u00e9rieures, sachant que la transformation de nos perceptions implique une rupture avec toute r\u00e9alit\u00e9 que nous avions cr\u00e9\u00e9 avant, pour donner naissance \u00e0 de nouvelles r\u00e9alit\u00e9s qui sont la mati\u00e8re premi\u00e8re de toute grande transformation, possible \u00e0 tout moment.<\/span><\/span><\/p>\n<p lang=\"fr-FR\" align=\"LEFT\"><span style=\"font-family: Georgia, serif;\"><span style=\"font-size: medium;\">IL EST TR\u00c8S POSSIBLE QUE NOUS SOYONS FACE \u00c0 QUELQUE CHOSE QUI GRANDISSE DE LUI M\u00caME ET QUI VA FAIRE ROMPRE BEAUCOUP DE LIMITES, \u00c0 LA FOIS INTERNES ET EXTERNES.<\/p>\n<p>Si vous avez des questions ou souhaitez nous consulter sur ces sujets, vous pouvez \u00e9crire \u00e0:<br \/>\n<\/span><\/span><\/p>\n<p lang=\"fr-FR\" align=\"LEFT\"><span style=\"font-family: Georgia, serif;\"><span style=\"font-size: medium;\"><b>Alberto Jos\u00e9 Varela<\/b><\/span><\/span><\/p>\n<p lang=\"fr-FR\" align=\"LEFT\"><span style=\"font-family: Georgia, serif;\"><span style=\"font-size: medium;\"><br \/>\nnosoy@albertojosevarela.com<\/span><\/span><\/p>\n","protected":false},"excerpt":{"rendered":"<p>IL Y A 3 ANS NOUS AVONS CR\u00c9E CE BLOG QUI TRANSMET UNE VISION DU MONDE, DE LA VIE ET DES \u00caTRES HUMAINS \u00ab Nous sommes \u00e0 un moment cl\u00e9 de changement d&rsquo;id\u00e9ologies et de paradigmes qui \u00e9mergent gr\u00e2ce \u00e0 une nouvelle forme d&rsquo;acc\u00e8s \u00e0 la conscience permettant de r\u00e9soudre les probl\u00e8mes humains \u00bb DONN\u00c9ES [&hellip;]<\/p>\n","protected":false},"author":9,"featured_media":66132,"comment_status":"closed","ping_status":"closed","sticky":false,"template":"","format":"standard","meta":{"_acf_changed":false,"site-sidebar-layout":"default","site-content-layout":"","ast-site-content-layout":"default","site-content-style":"default","site-sidebar-style":"default","ast-global-header-display":"","ast-banner-title-visibility":"","ast-main-header-display":"","ast-hfb-above-header-display":"","ast-hfb-below-header-display":"","ast-hfb-mobile-header-display":"","site-post-title":"","ast-breadcrumbs-content":"","ast-featured-img":"","footer-sml-layout":"","theme-transparent-header-meta":"","adv-header-id-meta":"","stick-header-meta":"","header-above-stick-meta":"","header-main-stick-meta":"","header-below-stick-meta":"","astra-migrate-meta-layouts":"default","ast-page-background-enabled":"default","ast-page-background-meta":{"desktop":{"background-color":"","background-image":"","background-repeat":"repeat","background-position":"center center","background-size":"auto","background-attachment":"scroll","background-type":"","background-media":"","overlay-type":"","overlay-color":"","overlay-opacity":"","overlay-gradient":""},"tablet":{"background-color":"","background-image":"","background-repeat":"repeat","background-position":"center center","background-size":"auto","background-attachment":"scroll","background-type":"","background-media":"","overlay-type":"","overlay-color":"","overlay-opacity":"","overlay-gradient":""},"mobile":{"background-color":"","background-image":"","background-repeat":"repeat","background-position":"center center","background-size":"auto","background-attachment":"scroll","background-type":"","background-media":"","overlay-type":"","overlay-color":"","overlay-opacity":"","overlay-gradient":""}},"ast-content-background-meta":{"desktop":{"background-color":"var(--ast-global-color-5)","background-image":"","background-repeat":"repeat","background-position":"center center","background-size":"auto","background-attachment":"scroll","background-type":"","background-media":"","overlay-type":"","overlay-color":"","overlay-opacity":"","overlay-gradient":""},"tablet":{"background-color":"var(--ast-global-color-5)","background-image":"","background-repeat":"repeat","background-position":"center center","background-size":"auto","background-attachment":"scroll","background-type":"","background-media":"","overlay-type":"","overlay-color":"","overlay-opacity":"","overlay-gradient":""},"mobile":{"background-color":"var(--ast-global-color-5)","background-image":"","background-repeat":"repeat","background-position":"center center","background-size":"auto","background-attachment":"scroll","background-type":"","background-media":"","overlay-type":"","overlay-color":"","overlay-opacity":"","overlay-gradient":""}},"ep_exclude_from_search":false,"footnotes":""},"categories":[593],"tags":[],"class_list":["post-66131","post","type-post","status-publish","format-standard","has-post-thumbnail","hentry","category-informations"],"acf":[],"yoast_head":"<!-- This site is optimized with the Yoast SEO plugin v27.4 - https:\/\/yoast.com\/product\/yoast-seo-wordpress\/ -->\n<title>LE BLOG D\u2019ALBERTO JOS\u00c9 VARELA EST LU PARTOUT DANS LE MONDE. Nous avons ainsi des lecteurs sur tous les continents et pays de la plan\u00e8te. - Web Oficial de Alverto<\/title>\n<meta name=\"robots\" content=\"index, follow, max-snippet:-1, max-image-preview:large, max-video-preview:-1\" \/>\n<link rel=\"canonical\" href=\"https:\/\/www.albertojosevarela.com\/fr\/le-blog-dalberto-jose-varela-est-lu-partout-dans-le-monde-nous-avons-ainsi-des-lecteurs-sur-tous-les-continents-et-pays-de-la-planete\/\" \/>\n<meta property=\"og:locale\" content=\"fr_FR\" \/>\n<meta property=\"og:type\" content=\"article\" \/>\n<meta property=\"og:title\" content=\"LE BLOG D\u2019ALBERTO JOS\u00c9 VARELA EST LU PARTOUT DANS LE MONDE. Nous avons ainsi des lecteurs sur tous les continents et pays de la plan\u00e8te. - Web Oficial de Alverto\" \/>\n<meta property=\"og:description\" content=\"IL Y A 3 ANS NOUS AVONS CR\u00c9E CE BLOG QUI TRANSMET UNE VISION DU MONDE, DE LA VIE ET DES \u00caTRES HUMAINS \u00ab Nous sommes \u00e0 un moment cl\u00e9 de changement d&rsquo;id\u00e9ologies et de paradigmes qui \u00e9mergent gr\u00e2ce \u00e0 une nouvelle forme d&rsquo;acc\u00e8s \u00e0 la conscience permettant de r\u00e9soudre les probl\u00e8mes humains \u00bb DONN\u00c9ES [&hellip;]\" \/>\n<meta property=\"og:url\" content=\"https:\/\/www.albertojosevarela.com\/fr\/le-blog-dalberto-jose-varela-est-lu-partout-dans-le-monde-nous-avons-ainsi-des-lecteurs-sur-tous-les-continents-et-pays-de-la-planete\/\" \/>\n<meta property=\"og:site_name\" content=\"Web Oficial de Alverto\" \/>\n<meta property=\"article:publisher\" content=\"https:\/\/www.facebook.com\/Alvertojosevarela\" \/>\n<meta property=\"article:author\" content=\"https:\/\/www.facebook.com\/Alvertojosevarela\" \/>\n<meta property=\"article:published_time\" content=\"2018-09-30T18:52:18+00:00\" \/>\n<meta property=\"og:image\" content=\"https:\/\/www.albertojosevarela.com\/wp-content\/uploads\/2021\/07\/mapa-analitycs-alberto-varela-710x399-2.jpg\" \/>\n\t<meta property=\"og:image:width\" content=\"710\" \/>\n\t<meta property=\"og:image:height\" content=\"399\" \/>\n\t<meta property=\"og:image:type\" content=\"image\/jpeg\" \/>\n<meta name=\"author\" content=\"Alberto Jos\u00e9 Varela\" \/>\n<meta name=\"twitter:card\" content=\"summary_large_image\" \/>\n<meta name=\"twitter:creator\" content=\"@albertoJ_varela\" \/>\n<meta name=\"twitter:site\" content=\"@albertoJ_varela\" \/>\n<script type=\"application\/ld+json\" class=\"yoast-schema-graph\">{\"@context\":\"https:\\\/\\\/schema.org\",\"@graph\":[{\"@type\":\"Article\",\"@id\":\"https:\\\/\\\/www.albertojosevarela.com\\\/fr\\\/le-blog-dalberto-jose-varela-est-lu-partout-dans-le-monde-nous-avons-ainsi-des-lecteurs-sur-tous-les-continents-et-pays-de-la-planete\\\/#article\",\"isPartOf\":{\"@id\":\"https:\\\/\\\/www.albertojosevarela.com\\\/fr\\\/le-blog-dalberto-jose-varela-est-lu-partout-dans-le-monde-nous-avons-ainsi-des-lecteurs-sur-tous-les-continents-et-pays-de-la-planete\\\/\"},\"author\":{\"name\":\"Alberto Jos\u00e9 Varela\",\"@id\":\"https:\\\/\\\/www.albertojosevarela.com\\\/fr\\\/#\\\/schema\\\/person\\\/6197324b0e48a485e79c32ccad0064d8\"},\"headline\":\"LE BLOG D\u2019ALBERTO JOS\u00c9 VARELA EST LU PARTOUT DANS LE MONDE. Nous avons ainsi des lecteurs sur tous les continents et pays de la plan\u00e8te.\",\"datePublished\":\"2018-09-30T18:52:18+00:00\",\"mainEntityOfPage\":{\"@id\":\"https:\\\/\\\/www.albertojosevarela.com\\\/fr\\\/le-blog-dalberto-jose-varela-est-lu-partout-dans-le-monde-nous-avons-ainsi-des-lecteurs-sur-tous-les-continents-et-pays-de-la-planete\\\/\"},\"wordCount\":576,\"publisher\":{\"@id\":\"https:\\\/\\\/www.albertojosevarela.com\\\/fr\\\/#\\\/schema\\\/person\\\/6197324b0e48a485e79c32ccad0064d8\"},\"image\":{\"@id\":\"https:\\\/\\\/www.albertojosevarela.com\\\/fr\\\/le-blog-dalberto-jose-varela-est-lu-partout-dans-le-monde-nous-avons-ainsi-des-lecteurs-sur-tous-les-continents-et-pays-de-la-planete\\\/#primaryimage\"},\"thumbnailUrl\":\"https:\\\/\\\/www.albertojosevarela.com\\\/wp-content\\\/uploads\\\/2021\\\/07\\\/mapa-analitycs-alberto-varela-710x399-2.jpg\",\"articleSection\":[\"Informations\"],\"inLanguage\":\"fr-FR\"},{\"@type\":\"WebPage\",\"@id\":\"https:\\\/\\\/www.albertojosevarela.com\\\/fr\\\/le-blog-dalberto-jose-varela-est-lu-partout-dans-le-monde-nous-avons-ainsi-des-lecteurs-sur-tous-les-continents-et-pays-de-la-planete\\\/\",\"url\":\"https:\\\/\\\/www.albertojosevarela.com\\\/fr\\\/le-blog-dalberto-jose-varela-est-lu-partout-dans-le-monde-nous-avons-ainsi-des-lecteurs-sur-tous-les-continents-et-pays-de-la-planete\\\/\",\"name\":\"LE BLOG D\u2019ALBERTO JOS\u00c9 VARELA EST LU PARTOUT DANS LE MONDE. Nous avons ainsi des lecteurs sur tous les continents et pays de la plan\u00e8te. - Web Oficial de Alverto\",\"isPartOf\":{\"@id\":\"https:\\\/\\\/www.albertojosevarela.com\\\/fr\\\/#website\"},\"primaryImageOfPage\":{\"@id\":\"https:\\\/\\\/www.albertojosevarela.com\\\/fr\\\/le-blog-dalberto-jose-varela-est-lu-partout-dans-le-monde-nous-avons-ainsi-des-lecteurs-sur-tous-les-continents-et-pays-de-la-planete\\\/#primaryimage\"},\"image\":{\"@id\":\"https:\\\/\\\/www.albertojosevarela.com\\\/fr\\\/le-blog-dalberto-jose-varela-est-lu-partout-dans-le-monde-nous-avons-ainsi-des-lecteurs-sur-tous-les-continents-et-pays-de-la-planete\\\/#primaryimage\"},\"thumbnailUrl\":\"https:\\\/\\\/www.albertojosevarela.com\\\/wp-content\\\/uploads\\\/2021\\\/07\\\/mapa-analitycs-alberto-varela-710x399-2.jpg\",\"datePublished\":\"2018-09-30T18:52:18+00:00\",\"breadcrumb\":{\"@id\":\"https:\\\/\\\/www.albertojosevarela.com\\\/fr\\\/le-blog-dalberto-jose-varela-est-lu-partout-dans-le-monde-nous-avons-ainsi-des-lecteurs-sur-tous-les-continents-et-pays-de-la-planete\\\/#breadcrumb\"},\"inLanguage\":\"fr-FR\",\"potentialAction\":[{\"@type\":\"ReadAction\",\"target\":[\"https:\\\/\\\/www.albertojosevarela.com\\\/fr\\\/le-blog-dalberto-jose-varela-est-lu-partout-dans-le-monde-nous-avons-ainsi-des-lecteurs-sur-tous-les-continents-et-pays-de-la-planete\\\/\"]}]},{\"@type\":\"ImageObject\",\"inLanguage\":\"fr-FR\",\"@id\":\"https:\\\/\\\/www.albertojosevarela.com\\\/fr\\\/le-blog-dalberto-jose-varela-est-lu-partout-dans-le-monde-nous-avons-ainsi-des-lecteurs-sur-tous-les-continents-et-pays-de-la-planete\\\/#primaryimage\",\"url\":\"https:\\\/\\\/www.albertojosevarela.com\\\/wp-content\\\/uploads\\\/2021\\\/07\\\/mapa-analitycs-alberto-varela-710x399-2.jpg\",\"contentUrl\":\"https:\\\/\\\/www.albertojosevarela.com\\\/wp-content\\\/uploads\\\/2021\\\/07\\\/mapa-analitycs-alberto-varela-710x399-2.jpg\",\"width\":710,\"height\":399},{\"@type\":\"BreadcrumbList\",\"@id\":\"https:\\\/\\\/www.albertojosevarela.com\\\/fr\\\/le-blog-dalberto-jose-varela-est-lu-partout-dans-le-monde-nous-avons-ainsi-des-lecteurs-sur-tous-les-continents-et-pays-de-la-planete\\\/#breadcrumb\",\"itemListElement\":[{\"@type\":\"ListItem\",\"position\":1,\"name\":\"Inicio\",\"item\":\"https:\\\/\\\/www.albertojosevarela.com\\\/fr\\\/\"},{\"@type\":\"ListItem\",\"position\":2,\"name\":\"Informations\",\"item\":\"https:\\\/\\\/www.albertojosevarela.com\\\/fr\\\/category\\\/informations\\\/\"},{\"@type\":\"ListItem\",\"position\":3,\"name\":\"LE BLOG D\u2019ALBERTO JOS\u00c9 VARELA EST LU PARTOUT DANS LE MONDE. Nous avons ainsi des lecteurs sur tous les continents et pays de la plan\u00e8te.\"}]},{\"@type\":\"WebSite\",\"@id\":\"https:\\\/\\\/www.albertojosevarela.com\\\/fr\\\/#website\",\"url\":\"https:\\\/\\\/www.albertojosevarela.com\\\/fr\\\/\",\"name\":\"Web Oficial de Alberto Jos\u00e9 Varela\",\"description\":\"El ser humano evoluciona cuando se mira adentro\",\"publisher\":{\"@id\":\"https:\\\/\\\/www.albertojosevarela.com\\\/fr\\\/#\\\/schema\\\/person\\\/6197324b0e48a485e79c32ccad0064d8\"},\"potentialAction\":[{\"@type\":\"SearchAction\",\"target\":{\"@type\":\"EntryPoint\",\"urlTemplate\":\"https:\\\/\\\/www.albertojosevarela.com\\\/fr\\\/?s={search_term_string}\"},\"query-input\":{\"@type\":\"PropertyValueSpecification\",\"valueRequired\":true,\"valueName\":\"search_term_string\"}}],\"inLanguage\":\"fr-FR\"},{\"@type\":[\"Person\",\"Organization\"],\"@id\":\"https:\\\/\\\/www.albertojosevarela.com\\\/fr\\\/#\\\/schema\\\/person\\\/6197324b0e48a485e79c32ccad0064d8\",\"name\":\"Alberto Jos\u00e9 Varela\",\"image\":{\"@type\":\"ImageObject\",\"inLanguage\":\"fr-FR\",\"@id\":\"https:\\\/\\\/www.albertojosevarela.com\\\/wp-content\\\/uploads\\\/2020\\\/11\\\/alberto-varela.jpeg\",\"url\":\"https:\\\/\\\/www.albertojosevarela.com\\\/wp-content\\\/uploads\\\/2020\\\/11\\\/alberto-varela.jpeg\",\"contentUrl\":\"https:\\\/\\\/www.albertojosevarela.com\\\/wp-content\\\/uploads\\\/2020\\\/11\\\/alberto-varela.jpeg\",\"width\":682,\"height\":864,\"caption\":\"Alberto Jos\u00e9 Varela\"},\"logo\":{\"@id\":\"https:\\\/\\\/www.albertojosevarela.com\\\/wp-content\\\/uploads\\\/2020\\\/11\\\/alberto-varela.jpeg\"},\"description\":\"Fundador de empresas y organizaciones; creador de t\u00e9cnicas, m\u00e9todos y escuelas; autor de varios libros. Estudiante autodidacta, investigador y conferencista internacional, con una experiencia de m\u00e1s de 40 a\u00f1os en la gesti\u00f3n organizacional y los RRHH. Actualmente crece su influencia en el \u00e1mbito motivacional, terap\u00e9utico y espiritual a ra\u00edz del mensaje evolutivo que transmite.\",\"sameAs\":[\"https:\\\/\\\/www.facebook.com\\\/Alvertojosevarela\",\"https:\\\/\\\/www.instagram.com\\\/albertojose.varela\\\/\",\"https:\\\/\\\/www.linkedin.com\\\/in\\\/alverto-varela\\\/\",\"https:\\\/\\\/x.com\\\/albertoJ_varela\",\"https:\\\/\\\/www.youtube.com\\\/c\\\/AlvertoVarela\"]}]}<\/script>\n<!-- \/ Yoast SEO plugin. -->","yoast_head_json":{"title":"LE BLOG D\u2019ALBERTO JOS\u00c9 VARELA EST LU PARTOUT DANS LE MONDE. Nous avons ainsi des lecteurs sur tous les continents et pays de la plan\u00e8te. - Web Oficial de Alverto","robots":{"index":"index","follow":"follow","max-snippet":"max-snippet:-1","max-image-preview":"max-image-preview:large","max-video-preview":"max-video-preview:-1"},"canonical":"https:\/\/www.albertojosevarela.com\/fr\/le-blog-dalberto-jose-varela-est-lu-partout-dans-le-monde-nous-avons-ainsi-des-lecteurs-sur-tous-les-continents-et-pays-de-la-planete\/","og_locale":"fr_FR","og_type":"article","og_title":"LE BLOG D\u2019ALBERTO JOS\u00c9 VARELA EST LU PARTOUT DANS LE MONDE. Nous avons ainsi des lecteurs sur tous les continents et pays de la plan\u00e8te. - Web Oficial de Alverto","og_description":"IL Y A 3 ANS NOUS AVONS CR\u00c9E CE BLOG QUI TRANSMET UNE VISION DU MONDE, DE LA VIE ET DES \u00caTRES HUMAINS \u00ab Nous sommes \u00e0 un moment cl\u00e9 de changement d&rsquo;id\u00e9ologies et de paradigmes qui \u00e9mergent gr\u00e2ce \u00e0 une nouvelle forme d&rsquo;acc\u00e8s \u00e0 la conscience permettant de r\u00e9soudre les probl\u00e8mes humains \u00bb DONN\u00c9ES [&hellip;]","og_url":"https:\/\/www.albertojosevarela.com\/fr\/le-blog-dalberto-jose-varela-est-lu-partout-dans-le-monde-nous-avons-ainsi-des-lecteurs-sur-tous-les-continents-et-pays-de-la-planete\/","og_site_name":"Web Oficial de Alverto","article_publisher":"https:\/\/www.facebook.com\/Alvertojosevarela","article_author":"https:\/\/www.facebook.com\/Alvertojosevarela","article_published_time":"2018-09-30T18:52:18+00:00","og_image":[{"width":710,"height":399,"url":"https:\/\/www.albertojosevarela.com\/wp-content\/uploads\/2021\/07\/mapa-analitycs-alberto-varela-710x399-2.jpg","type":"image\/jpeg"}],"author":"Alberto Jos\u00e9 Varela","twitter_card":"summary_large_image","twitter_creator":"@albertoJ_varela","twitter_site":"@albertoJ_varela","schema":{"@context":"https:\/\/schema.org","@graph":[{"@type":"Article","@id":"https:\/\/www.albertojosevarela.com\/fr\/le-blog-dalberto-jose-varela-est-lu-partout-dans-le-monde-nous-avons-ainsi-des-lecteurs-sur-tous-les-continents-et-pays-de-la-planete\/#article","isPartOf":{"@id":"https:\/\/www.albertojosevarela.com\/fr\/le-blog-dalberto-jose-varela-est-lu-partout-dans-le-monde-nous-avons-ainsi-des-lecteurs-sur-tous-les-continents-et-pays-de-la-planete\/"},"author":{"name":"Alberto Jos\u00e9 Varela","@id":"https:\/\/www.albertojosevarela.com\/fr\/#\/schema\/person\/6197324b0e48a485e79c32ccad0064d8"},"headline":"LE BLOG D\u2019ALBERTO JOS\u00c9 VARELA EST LU PARTOUT DANS LE MONDE. Nous avons ainsi des lecteurs sur tous les continents et pays de la plan\u00e8te.","datePublished":"2018-09-30T18:52:18+00:00","mainEntityOfPage":{"@id":"https:\/\/www.albertojosevarela.com\/fr\/le-blog-dalberto-jose-varela-est-lu-partout-dans-le-monde-nous-avons-ainsi-des-lecteurs-sur-tous-les-continents-et-pays-de-la-planete\/"},"wordCount":576,"publisher":{"@id":"https:\/\/www.albertojosevarela.com\/fr\/#\/schema\/person\/6197324b0e48a485e79c32ccad0064d8"},"image":{"@id":"https:\/\/www.albertojosevarela.com\/fr\/le-blog-dalberto-jose-varela-est-lu-partout-dans-le-monde-nous-avons-ainsi-des-lecteurs-sur-tous-les-continents-et-pays-de-la-planete\/#primaryimage"},"thumbnailUrl":"https:\/\/www.albertojosevarela.com\/wp-content\/uploads\/2021\/07\/mapa-analitycs-alberto-varela-710x399-2.jpg","articleSection":["Informations"],"inLanguage":"fr-FR"},{"@type":"WebPage","@id":"https:\/\/www.albertojosevarela.com\/fr\/le-blog-dalberto-jose-varela-est-lu-partout-dans-le-monde-nous-avons-ainsi-des-lecteurs-sur-tous-les-continents-et-pays-de-la-planete\/","url":"https:\/\/www.albertojosevarela.com\/fr\/le-blog-dalberto-jose-varela-est-lu-partout-dans-le-monde-nous-avons-ainsi-des-lecteurs-sur-tous-les-continents-et-pays-de-la-planete\/","name":"LE BLOG D\u2019ALBERTO JOS\u00c9 VARELA EST LU PARTOUT DANS LE MONDE. Nous avons ainsi des lecteurs sur tous les continents et pays de la plan\u00e8te. - Web Oficial de Alverto","isPartOf":{"@id":"https:\/\/www.albertojosevarela.com\/fr\/#website"},"primaryImageOfPage":{"@id":"https:\/\/www.albertojosevarela.com\/fr\/le-blog-dalberto-jose-varela-est-lu-partout-dans-le-monde-nous-avons-ainsi-des-lecteurs-sur-tous-les-continents-et-pays-de-la-planete\/#primaryimage"},"image":{"@id":"https:\/\/www.albertojosevarela.com\/fr\/le-blog-dalberto-jose-varela-est-lu-partout-dans-le-monde-nous-avons-ainsi-des-lecteurs-sur-tous-les-continents-et-pays-de-la-planete\/#primaryimage"},"thumbnailUrl":"https:\/\/www.albertojosevarela.com\/wp-content\/uploads\/2021\/07\/mapa-analitycs-alberto-varela-710x399-2.jpg","datePublished":"2018-09-30T18:52:18+00:00","breadcrumb":{"@id":"https:\/\/www.albertojosevarela.com\/fr\/le-blog-dalberto-jose-varela-est-lu-partout-dans-le-monde-nous-avons-ainsi-des-lecteurs-sur-tous-les-continents-et-pays-de-la-planete\/#breadcrumb"},"inLanguage":"fr-FR","potentialAction":[{"@type":"ReadAction","target":["https:\/\/www.albertojosevarela.com\/fr\/le-blog-dalberto-jose-varela-est-lu-partout-dans-le-monde-nous-avons-ainsi-des-lecteurs-sur-tous-les-continents-et-pays-de-la-planete\/"]}]},{"@type":"ImageObject","inLanguage":"fr-FR","@id":"https:\/\/www.albertojosevarela.com\/fr\/le-blog-dalberto-jose-varela-est-lu-partout-dans-le-monde-nous-avons-ainsi-des-lecteurs-sur-tous-les-continents-et-pays-de-la-planete\/#primaryimage","url":"https:\/\/www.albertojosevarela.com\/wp-content\/uploads\/2021\/07\/mapa-analitycs-alberto-varela-710x399-2.jpg","contentUrl":"https:\/\/www.albertojosevarela.com\/wp-content\/uploads\/2021\/07\/mapa-analitycs-alberto-varela-710x399-2.jpg","width":710,"height":399},{"@type":"BreadcrumbList","@id":"https:\/\/www.albertojosevarela.com\/fr\/le-blog-dalberto-jose-varela-est-lu-partout-dans-le-monde-nous-avons-ainsi-des-lecteurs-sur-tous-les-continents-et-pays-de-la-planete\/#breadcrumb","itemListElement":[{"@type":"ListItem","position":1,"name":"Inicio","item":"https:\/\/www.albertojosevarela.com\/fr\/"},{"@type":"ListItem","position":2,"name":"Informations","item":"https:\/\/www.albertojosevarela.com\/fr\/category\/informations\/"},{"@type":"ListItem","position":3,"name":"LE BLOG D\u2019ALBERTO JOS\u00c9 VARELA EST LU PARTOUT DANS LE MONDE. Nous avons ainsi des lecteurs sur tous les continents et pays de la plan\u00e8te."}]},{"@type":"WebSite","@id":"https:\/\/www.albertojosevarela.com\/fr\/#website","url":"https:\/\/www.albertojosevarela.com\/fr\/","name":"Web Oficial de Alberto Jos\u00e9 Varela","description":"El ser humano evoluciona cuando se mira adentro","publisher":{"@id":"https:\/\/www.albertojosevarela.com\/fr\/#\/schema\/person\/6197324b0e48a485e79c32ccad0064d8"},"potentialAction":[{"@type":"SearchAction","target":{"@type":"EntryPoint","urlTemplate":"https:\/\/www.albertojosevarela.com\/fr\/?s={search_term_string}"},"query-input":{"@type":"PropertyValueSpecification","valueRequired":true,"valueName":"search_term_string"}}],"inLanguage":"fr-FR"},{"@type":["Person","Organization"],"@id":"https:\/\/www.albertojosevarela.com\/fr\/#\/schema\/person\/6197324b0e48a485e79c32ccad0064d8","name":"Alberto Jos\u00e9 Varela","image":{"@type":"ImageObject","inLanguage":"fr-FR","@id":"https:\/\/www.albertojosevarela.com\/wp-content\/uploads\/2020\/11\/alberto-varela.jpeg","url":"https:\/\/www.albertojosevarela.com\/wp-content\/uploads\/2020\/11\/alberto-varela.jpeg","contentUrl":"https:\/\/www.albertojosevarela.com\/wp-content\/uploads\/2020\/11\/alberto-varela.jpeg","width":682,"height":864,"caption":"Alberto Jos\u00e9 Varela"},"logo":{"@id":"https:\/\/www.albertojosevarela.com\/wp-content\/uploads\/2020\/11\/alberto-varela.jpeg"},"description":"Fundador de empresas y organizaciones; creador de t\u00e9cnicas, m\u00e9todos y escuelas; autor de varios libros. Estudiante autodidacta, investigador y conferencista internacional, con una experiencia de m\u00e1s de 40 a\u00f1os en la gesti\u00f3n organizacional y los RRHH. Actualmente crece su influencia en el \u00e1mbito motivacional, terap\u00e9utico y espiritual a ra\u00edz del mensaje evolutivo que transmite.","sameAs":["https:\/\/www.facebook.com\/Alvertojosevarela","https:\/\/www.instagram.com\/albertojose.varela\/","https:\/\/www.linkedin.com\/in\/alverto-varela\/","https:\/\/x.com\/albertoJ_varela","https:\/\/www.youtube.com\/c\/AlvertoVarela"]}]}},"jetpack_featured_media_url":"https:\/\/www.albertojosevarela.com\/wp-content\/uploads\/2021\/07\/mapa-analitycs-alberto-varela-710x399-2.jpg","_links":{"self":[{"href":"https:\/\/www.albertojosevarela.com\/fr\/wp-json\/wp\/v2\/posts\/66131","targetHints":{"allow":["GET"]}}],"collection":[{"href":"https:\/\/www.albertojosevarela.com\/fr\/wp-json\/wp\/v2\/posts"}],"about":[{"href":"https:\/\/www.albertojosevarela.com\/fr\/wp-json\/wp\/v2\/types\/post"}],"author":[{"embeddable":true,"href":"https:\/\/www.albertojosevarela.com\/fr\/wp-json\/wp\/v2\/users\/9"}],"replies":[{"embeddable":true,"href":"https:\/\/www.albertojosevarela.com\/fr\/wp-json\/wp\/v2\/comments?post=66131"}],"version-history":[{"count":0,"href":"https:\/\/www.albertojosevarela.com\/fr\/wp-json\/wp\/v2\/posts\/66131\/revisions"}],"wp:featuredmedia":[{"embeddable":true,"href":"https:\/\/www.albertojosevarela.com\/fr\/wp-json\/wp\/v2\/media\/66132"}],"wp:attachment":[{"href":"https:\/\/www.albertojosevarela.com\/fr\/wp-json\/wp\/v2\/media?parent=66131"}],"wp:term":[{"taxonomy":"category","embeddable":true,"href":"https:\/\/www.albertojosevarela.com\/fr\/wp-json\/wp\/v2\/categories?post=66131"},{"taxonomy":"post_tag","embeddable":true,"href":"https:\/\/www.albertojosevarela.com\/fr\/wp-json\/wp\/v2\/tags?post=66131"}],"curies":[{"name":"wp","href":"https:\/\/api.w.org\/{rel}","templated":true}]}}