{"id":49380,"date":"2016-03-03T12:12:28","date_gmt":"2016-03-03T11:12:28","guid":{"rendered":"https:\/\/www.albertojosevarela.com\/ayahuasca-international-2018\/"},"modified":"2016-03-03T12:12:28","modified_gmt":"2016-03-03T11:12:28","slug":"ayahuasca-international-2018","status":"publish","type":"post","link":"https:\/\/www.albertojosevarela.com\/it\/ayahuasca-international-2018\/","title":{"rendered":"COS&#8217;\u00c8 AYAHUASCA INTERNATIONAL? La pi\u00f9 grande Comunit\u00e0 Ayahusquera del mondo&#8230;"},"content":{"rendered":"<h1><strong><span style=\"color: #ff6600;\">AYAHUASCA INTERNATIONAL: La pi\u00f9 grande Comunit\u00e0 Ayahuasquera del mondo&#8230;<\/span><\/strong><\/h1>\n<h2><span style=\"color: #333333;\"><em><strong>&#8230; che si dedica a portare l&#8217;Ayahuasca fuori dal suo contesto.<\/strong><\/em><\/span><\/h2>\n<h1><a href=\"https:\/\/www.albertojosevarela.com\/it\/wp-content\/uploads\/2016\/03\/Cover-fb-Italia.png\"><img fetchpriority=\"high\" decoding=\"async\" class=\"size-full wp-image-4505 aligncenter\" src=\"https:\/\/www.albertojosevarela.com\/it\/wp-content\/uploads\/2016\/03\/Cover-fb-Italia.png\" alt=\"\" width=\"828\" height=\"315\" \/><\/a><\/h1>\n<p style=\"text-align: justify;\"><strong>Ayahuasca International<\/strong> \u00e8 il pi\u00f9 grande ambiente virtuale di informazioni, comunicazioni e connessione tra le persone di tutto il mondo interessate all\u2019Ayahuasca e che ne hanno fatto l\u2019esperienza. Abbiamo diverse pagine web, pi\u00f9 di 100 pagine in rete su i social, su Facebook, Twitter, e questo Blog. E anche abbiamo imprese legalmente costituite per l\u2019organizzazione degli eventi che proponiamo. A causa del crescente numero di persone interessate che ci seguono, ci siamo convertiti in comunit\u00e0-organizzazione, tanto che ci hanno dato il titolo giornalistico di Prima Multinazionale dedicata all&#8217;Ayahuasca. Abbiamo iniziato questo esperimento nel 2001, e si \u00e8 trasformato in un movimento internazionale con oltre 400.000 fans e pi\u00f9 di 1.000.000 visite al mese nelle nostre pagine.<\/p>\n<p style=\"text-align: justify;\">SIAMO UNO STAFF DI PERSONE UNITE DA UNA FORZA CHE CI ATTRAE PER ANDARE AVANTI NELLA MISSIONE DI <strong>PORTARE L\u2019AYAHUASCA AL SUO POSTO<\/strong><\/p>\n<p style=\"text-align: justify;\">Portarla \u201cal suo posto\u201d in tre sensi, cos\u00ec diversi eppur complementari:<\/p>\n<p style=\"text-align: justify;\">1- \u00a0 Portare l\u2019Ayahuasca nel nostro cuore, con la gratitudine che sentiamo per quello che ci ha dato, e dall\u2019interno condividere tutto quello che abbiamo imparato e conosciamo con le persone che vogliono avere l\u2019esperienza con l\u2019Ayahuasca. Abbiamo selezionato le informazioni, classificate e di alta qualit\u00e0, sapendo che ci sono troppe informazioni su internet e una grande disinformazione come conseguenza che l\u2019informazione \u00e8 divulgata .Non c\u2019era un ambiente fino ad ora come quello che proponiamo.<\/p>\n<p style=\"text-align: justify;\">2- \u00a0 Portare la nostra equipe di facilitatori e esperti in qualsiasi posto dove c\u2019 \u00e8 la necessit\u00e0, per realizzare congressi, conferenze, e ritiri con uso terapeutico di Ayahuasca. Abbiamo pi\u00f9 di 50 collaboratori e associati in pi\u00f9 di 10 Stati, e siamo legalmente organizzati e amministrati sotto la direzione di un equipe interdisciplinario di direttori che dipendono da una societ\u00e0 legalmente costituita in Spagna , Germania, Messico, e un\u2019Associazione Culturale in Italia.<\/p>\n<p style=\"text-align: justify;\">3- \u00a0 Portare l\u2019 Ayahuasca in luoghi che corrispondono al contenuto di lavoro di evoluzione di coscienza che proponiamo. Mettiamo la \u201cCoscienza\u201d al centro del processo evolutivo dell\u2019umanit\u00e0, non l\u2019Ayahuasca, poich\u00e9 consideriamo che il suo posto \u00e8 periferico , come qualsiasi altro strumento , tecnica o metodo. Se l\u2019ayahuasca prende tutto il protagonismo, e si ubica al centro, quindi si ritualizza, si sacralizza, finisce per diventare una fonte di culto, e non uno strumento di miglioramento. La nostra proposta consiste nell\u2019usare l\u2019Ayahuasca come mezzo e non come fine a se stesso.<\/p>\n<p style=\"text-align: justify;\">Dato che <strong>Ayahuasca International<\/strong> \u00e8 un marchio che non ha una figura legalmente costituita, ma che conta su persone che contrattano servizi e che comprano prodotti, abbiamo incaricato l\u2019amministrazione e l\u2019organizzazione logistica all\u2019impresa <strong>Inner Mastery International S.L.U. <\/strong>che realizza le contrattazioni corrispondenti, compra e paga, cos\u00ec come anche la formazione interna dei pi\u00f9 dei 50 collaboratori.<\/p>\n<p style=\"text-align: justify;\">Il fondatore di Ayahuasca International \u00e8 Alberto Jos\u00e9 Valera, che ha ceduto tutti i diritti dell\u2019uso di <strong>Ayahuasca International <\/strong>all\u2019 impresa di <strong>Inner Mastery International S.L.U.<\/strong><\/p>\n<p style=\"text-align: justify;\">Le nostre pagine in Facebook nelle lingue: Spagnolo, Inglese, Italiano, Tedesco, Francese, Olandese, Russo, Serbo, Croato e Turco, sono amministrate da un\u2019equipe di professionisti della comunicazione, marketing, e disegno grafico e produzione di video, cos\u00ec come anche professionisti della salute, avvocati e consulenti in diverse settori, dato che l\u2019 organizzazione degli eventi che proponiamo in pi\u00f9 di 30 capitali nel mondo, richiedono una infrastruttura logistica, umana, professionale e internazionale.<\/p>\n<p style=\"text-align: justify;\">Ci appassiona creare le condizioni ideali affinch\u00e8 la gente di tutto il mondo possa avere un\u2019esperienza con l\u2019ayahuasca, e affinch\u00e8 possa integrarla saldamente nella loro vita quotidiana. Ciascuna persona che lavora in Ayahuasca International \u00e8 testimone diretto degli infiniti benefici personali , fisici, emozionali, psicologici e spirituali che ci ha portato aver conosciuto l\u2019Ayahuasca da pi\u00f9 di 15 anni.<\/p>\n<p style=\"text-align: justify;\">Noi non ci dedichiamo a commercializzare l\u2019Ayahuasca. Non vendiamo Ayahuasca. Non facciamo pagare per l\u2019Ayahuasca che usiamo nei Ritiri di Evoluzione Interiore che organizziamo. Solo organizziamo eventi relazionati con l\u2019Ayahuasca in paesi dove non \u00e8 proibito l\u2019uso, e inoltre appoggiamo e sosteniamo altre imprese divulgando e facendo pubblicit\u00e0 le loro pagine web che anche offrono servizi complementari con l\u2019Ayahuasca. Per esempio:<\/p>\n<ul style=\"text-align: justify;\">\n<li><strong><span style=\"color: #ff6600;\"><a style=\"color: #ff6600;\" href=\"https:\/\/www.facebook.com\/scuolaeuropeaayahuasquera\/\">Scuola Europea Ayahuasquera<\/a><span style=\"color: #333333;\">:<\/span><\/span>\u00a0<\/strong>La prima Scuola Europea Ayahuasquera che ha unito sciamani con professionisti della salute e con terapeuti alternativi come professori, nella quale formiamo e supervisioniamo i facilitatori che lavorano nella realizzazione dei ritiri di evoluzione interiore con uso terapeutico di Ayahuasca.<\/li>\n<\/ul>\n<ul style=\"text-align: justify;\">\n<li><strong><span style=\"color: #ff6600;\"><a style=\"color: #ff6600;\" href=\"https:\/\/www.facebook.com\/ayahuascatravelitalia\/?fref=ts\">Ayahuasca Travels<\/a><span style=\"color: #333333;\">:<\/span><\/span>\u00a0<\/strong>L&#8217;impresa che organizza viaggi nella selva, un minimo di 6 volte all&#8217;anno, per andare all&#8217;incontro con gli sciamani per apprendere la scienza della natura.\u00a0\u00c8 un viaggio per persone che vogliono andare alla fonte dove nasce questo rimedio sciamanico, e per chi chiede di essere iniziato e formato da sciamani. Anche si organizzano viaggi per residenti del Regno Unito e Francia ( dove \u00e8 proibita l&#8217;Ayahuasca) perch\u00e9 possano avere l&#8217;esperienza in Paesi dove non \u00e8 proibito.<\/li>\n<\/ul>\n<p style=\"text-align: justify;\">Siamo infinitamente grati alle persone che ci seguono, che leggono le nostre pagine, e che ci appoggiano in questo lavoro di espandere qualcosa che \u00e8 legato alla nostra guarigione.\u00a0\u00c8 un lavoro che ci sta sanando&#8230;. Sana la nostra anima e quella delle migliaia di persone che si stanno rendendo conto che eravamo addormentati e che ci stiamo svegliando a seguito del cambiamento di percezione che abbiamo esperimentato dopo l\u2019assunzione di Ayahuasca.<\/p>\n<p style=\"text-align: justify;\">Sappiamo che ci sono molte persone che non hanno avuto la solita esperienza nostra, incluso qualcuno che avuto un esperienza negativa, e anche loro fanno parte del processo di ricerca e del gruppo degli umani che stanno cercando soluzioni alternative da quelle conosciute da sempre.<\/p>\n<p style=\"text-align: justify;\">C\u2019\u00e8 molto gente del mondo dell\u2019Ayahuasca che ci critica, ma anche loro fanno parte del metodo scientifico nel quale completano una funzione molto importante, di mettere in discussione ci\u00f2 che non sembra loro giusto o adeguato. Noi abbiamo avuto il coraggio di fare molti passi in direzione del nostro cuore, e questo \u00e8 percepito come una follia. Seguire il cuore \u00e8 qualcosa che continuiamo in molti modi durante tutta la vita.<\/p>\n<p style=\"text-align: justify;\">Ayahuasca International \u00e8 il prodotto di aver seguito l\u2019impulso del cuore. Dicono che tutto ci\u00f2 che si semina l\u00ec cresceranno ad esso le ali per volare.<\/p>\n<p style=\"text-align: justify;\">GRAZIE A TUTTI. Stiamo facendo il possibile per l\u2019espansione dell\u2019Ayahuasca nel mondo affinch\u00e8 abbia un uso cosciente e responsabile.<\/p>\n","protected":false},"excerpt":{"rendered":"<p>AYAHUASCA INTERNATIONAL: La pi\u00f9 grande Comunit\u00e0 Ayahuasquera del mondo&#8230; &#8230; che si dedica a portare l&#8217;Ayahuasca fuori dal suo contesto. Ayahuasca International \u00e8 il pi\u00f9 grande ambiente virtuale di informazioni, comunicazioni e connessione tra le persone di tutto il mondo interessate all\u2019Ayahuasca e che ne hanno fatto l\u2019esperienza. Abbiamo diverse pagine web, pi\u00f9 di 100 [&hellip;]<\/p>\n","protected":false},"author":9,"featured_media":0,"comment_status":"closed","ping_status":"closed","sticky":false,"template":"","format":"standard","meta":{"_acf_changed":false,"site-sidebar-layout":"default","site-content-layout":"","ast-site-content-layout":"default","site-content-style":"default","site-sidebar-style":"default","ast-global-header-display":"","ast-banner-title-visibility":"","ast-main-header-display":"","ast-hfb-above-header-display":"","ast-hfb-below-header-display":"","ast-hfb-mobile-header-display":"","site-post-title":"","ast-breadcrumbs-content":"","ast-featured-img":"","footer-sml-layout":"","theme-transparent-header-meta":"","adv-header-id-meta":"","stick-header-meta":"","header-above-stick-meta":"","header-main-stick-meta":"","header-below-stick-meta":"","astra-migrate-meta-layouts":"default","ast-page-background-enabled":"default","ast-page-background-meta":{"desktop":{"background-color":"","background-image":"","background-repeat":"repeat","background-position":"center center","background-size":"auto","background-attachment":"scroll","background-type":"","background-media":"","overlay-type":"","overlay-color":"","overlay-opacity":"","overlay-gradient":""},"tablet":{"background-color":"","background-image":"","background-repeat":"repeat","background-position":"center center","background-size":"auto","background-attachment":"scroll","background-type":"","background-media":"","overlay-type":"","overlay-color":"","overlay-opacity":"","overlay-gradient":""},"mobile":{"background-color":"","background-image":"","background-repeat":"repeat","background-position":"center center","background-size":"auto","background-attachment":"scroll","background-type":"","background-media":"","overlay-type":"","overlay-color":"","overlay-opacity":"","overlay-gradient":""}},"ast-content-background-meta":{"desktop":{"background-color":"var(--ast-global-color-5)","background-image":"","background-repeat":"repeat","background-position":"center center","background-size":"auto","background-attachment":"scroll","background-type":"","background-media":"","overlay-type":"","overlay-color":"","overlay-opacity":"","overlay-gradient":""},"tablet":{"background-color":"var(--ast-global-color-5)","background-image":"","background-repeat":"repeat","background-position":"center center","background-size":"auto","background-attachment":"scroll","background-type":"","background-media":"","overlay-type":"","overlay-color":"","overlay-opacity":"","overlay-gradient":""},"mobile":{"background-color":"var(--ast-global-color-5)","background-image":"","background-repeat":"repeat","background-position":"center center","background-size":"auto","background-attachment":"scroll","background-type":"","background-media":"","overlay-type":"","overlay-color":"","overlay-opacity":"","overlay-gradient":""}},"ep_exclude_from_search":false,"footnotes":""},"categories":[],"tags":[],"class_list":["post-49380","post","type-post","status-publish","format-standard","hentry"],"acf":[],"yoast_head":"<!-- This site is optimized with the Yoast SEO plugin v27.4 - https:\/\/yoast.com\/product\/yoast-seo-wordpress\/ -->\n<title>COS&#039;\u00c8 AYAHUASCA INTERNATIONAL? La pi\u00f9 grande Comunit\u00e0 Ayahusquera del mondo... - Web Oficial de Alverto<\/title>\n<meta name=\"robots\" content=\"index, follow, max-snippet:-1, max-image-preview:large, max-video-preview:-1\" \/>\n<link rel=\"canonical\" href=\"https:\/\/www.albertojosevarela.com\/it\/ayahuasca-international-2018\/\" \/>\n<meta property=\"og:locale\" content=\"it_IT\" \/>\n<meta property=\"og:type\" content=\"article\" \/>\n<meta property=\"og:title\" content=\"COS&#039;\u00c8 AYAHUASCA INTERNATIONAL? La pi\u00f9 grande Comunit\u00e0 Ayahusquera del mondo... - Web Oficial de Alverto\" \/>\n<meta property=\"og:description\" content=\"AYAHUASCA INTERNATIONAL: La pi\u00f9 grande Comunit\u00e0 Ayahuasquera del mondo&#8230; &#8230; che si dedica a portare l&#8217;Ayahuasca fuori dal suo contesto. Ayahuasca International \u00e8 il pi\u00f9 grande ambiente virtuale di informazioni, comunicazioni e connessione tra le persone di tutto il mondo interessate all\u2019Ayahuasca e che ne hanno fatto l\u2019esperienza. Abbiamo diverse pagine web, pi\u00f9 di 100 [&hellip;]\" \/>\n<meta property=\"og:url\" content=\"https:\/\/www.albertojosevarela.com\/it\/ayahuasca-international-2018\/\" \/>\n<meta property=\"og:site_name\" content=\"Web Oficial de Alverto\" \/>\n<meta property=\"article:publisher\" content=\"https:\/\/www.facebook.com\/Alvertojosevarela\" \/>\n<meta property=\"article:author\" content=\"https:\/\/www.facebook.com\/Alvertojosevarela\" \/>\n<meta property=\"article:published_time\" content=\"2016-03-03T11:12:28+00:00\" \/>\n<meta property=\"og:image\" content=\"https:\/\/www.albertojosevarela.com\/it\/wp-content\/uploads\/2016\/03\/Cover-fb-Italia.png\" \/>\n<meta name=\"author\" content=\"Alberto Jos\u00e9 Varela\" \/>\n<meta name=\"twitter:card\" content=\"summary_large_image\" \/>\n<meta name=\"twitter:creator\" content=\"@albertoJ_varela\" \/>\n<meta name=\"twitter:site\" content=\"@albertoJ_varela\" \/>\n<script type=\"application\/ld+json\" class=\"yoast-schema-graph\">{\"@context\":\"https:\\\/\\\/schema.org\",\"@graph\":[{\"@type\":\"Article\",\"@id\":\"https:\\\/\\\/www.albertojosevarela.com\\\/it\\\/ayahuasca-international-2018\\\/#article\",\"isPartOf\":{\"@id\":\"https:\\\/\\\/www.albertojosevarela.com\\\/it\\\/ayahuasca-international-2018\\\/\"},\"author\":{\"name\":\"Alberto Jos\u00e9 Varela\",\"@id\":\"https:\\\/\\\/www.albertojosevarela.com\\\/it\\\/#\\\/schema\\\/person\\\/6197324b0e48a485e79c32ccad0064d8\"},\"headline\":\"COS&#8217;\u00c8 AYAHUASCA INTERNATIONAL? La pi\u00f9 grande Comunit\u00e0 Ayahusquera del mondo&#8230;\",\"datePublished\":\"2016-03-03T11:12:28+00:00\",\"mainEntityOfPage\":{\"@id\":\"https:\\\/\\\/www.albertojosevarela.com\\\/it\\\/ayahuasca-international-2018\\\/\"},\"wordCount\":1054,\"publisher\":{\"@id\":\"https:\\\/\\\/www.albertojosevarela.com\\\/it\\\/#\\\/schema\\\/person\\\/6197324b0e48a485e79c32ccad0064d8\"},\"image\":{\"@id\":\"https:\\\/\\\/www.albertojosevarela.com\\\/it\\\/ayahuasca-international-2018\\\/#primaryimage\"},\"thumbnailUrl\":\"https:\\\/\\\/www.albertojosevarela.com\\\/it\\\/wp-content\\\/uploads\\\/2016\\\/03\\\/Cover-fb-Italia.png\",\"inLanguage\":\"it-IT\"},{\"@type\":\"WebPage\",\"@id\":\"https:\\\/\\\/www.albertojosevarela.com\\\/it\\\/ayahuasca-international-2018\\\/\",\"url\":\"https:\\\/\\\/www.albertojosevarela.com\\\/it\\\/ayahuasca-international-2018\\\/\",\"name\":\"COS'\u00c8 AYAHUASCA INTERNATIONAL? La pi\u00f9 grande Comunit\u00e0 Ayahusquera del mondo... - Web Oficial de Alverto\",\"isPartOf\":{\"@id\":\"https:\\\/\\\/www.albertojosevarela.com\\\/it\\\/#website\"},\"primaryImageOfPage\":{\"@id\":\"https:\\\/\\\/www.albertojosevarela.com\\\/it\\\/ayahuasca-international-2018\\\/#primaryimage\"},\"image\":{\"@id\":\"https:\\\/\\\/www.albertojosevarela.com\\\/it\\\/ayahuasca-international-2018\\\/#primaryimage\"},\"thumbnailUrl\":\"https:\\\/\\\/www.albertojosevarela.com\\\/it\\\/wp-content\\\/uploads\\\/2016\\\/03\\\/Cover-fb-Italia.png\",\"datePublished\":\"2016-03-03T11:12:28+00:00\",\"breadcrumb\":{\"@id\":\"https:\\\/\\\/www.albertojosevarela.com\\\/it\\\/ayahuasca-international-2018\\\/#breadcrumb\"},\"inLanguage\":\"it-IT\",\"potentialAction\":[{\"@type\":\"ReadAction\",\"target\":[\"https:\\\/\\\/www.albertojosevarela.com\\\/it\\\/ayahuasca-international-2018\\\/\"]}]},{\"@type\":\"ImageObject\",\"inLanguage\":\"it-IT\",\"@id\":\"https:\\\/\\\/www.albertojosevarela.com\\\/it\\\/ayahuasca-international-2018\\\/#primaryimage\",\"url\":\"https:\\\/\\\/www.albertojosevarela.com\\\/it\\\/wp-content\\\/uploads\\\/2016\\\/03\\\/Cover-fb-Italia.png\",\"contentUrl\":\"https:\\\/\\\/www.albertojosevarela.com\\\/it\\\/wp-content\\\/uploads\\\/2016\\\/03\\\/Cover-fb-Italia.png\"},{\"@type\":\"BreadcrumbList\",\"@id\":\"https:\\\/\\\/www.albertojosevarela.com\\\/it\\\/ayahuasca-international-2018\\\/#breadcrumb\",\"itemListElement\":[{\"@type\":\"ListItem\",\"position\":1,\"name\":\"Inicio\",\"item\":\"https:\\\/\\\/www.albertojosevarela.com\\\/it\\\/\"},{\"@type\":\"ListItem\",\"position\":2,\"name\":\"COS&#8217;\u00c8 AYAHUASCA INTERNATIONAL? La pi\u00f9 grande Comunit\u00e0 Ayahusquera del mondo&#8230;\"}]},{\"@type\":\"WebSite\",\"@id\":\"https:\\\/\\\/www.albertojosevarela.com\\\/it\\\/#website\",\"url\":\"https:\\\/\\\/www.albertojosevarela.com\\\/it\\\/\",\"name\":\"Web Oficial de Alberto Jos\u00e9 Varela\",\"description\":\"El ser humano evoluciona cuando se mira adentro\",\"publisher\":{\"@id\":\"https:\\\/\\\/www.albertojosevarela.com\\\/it\\\/#\\\/schema\\\/person\\\/6197324b0e48a485e79c32ccad0064d8\"},\"potentialAction\":[{\"@type\":\"SearchAction\",\"target\":{\"@type\":\"EntryPoint\",\"urlTemplate\":\"https:\\\/\\\/www.albertojosevarela.com\\\/it\\\/?s={search_term_string}\"},\"query-input\":{\"@type\":\"PropertyValueSpecification\",\"valueRequired\":true,\"valueName\":\"search_term_string\"}}],\"inLanguage\":\"it-IT\"},{\"@type\":[\"Person\",\"Organization\"],\"@id\":\"https:\\\/\\\/www.albertojosevarela.com\\\/it\\\/#\\\/schema\\\/person\\\/6197324b0e48a485e79c32ccad0064d8\",\"name\":\"Alberto Jos\u00e9 Varela\",\"image\":{\"@type\":\"ImageObject\",\"inLanguage\":\"it-IT\",\"@id\":\"https:\\\/\\\/www.albertojosevarela.com\\\/wp-content\\\/uploads\\\/2020\\\/11\\\/alberto-varela.jpeg\",\"url\":\"https:\\\/\\\/www.albertojosevarela.com\\\/wp-content\\\/uploads\\\/2020\\\/11\\\/alberto-varela.jpeg\",\"contentUrl\":\"https:\\\/\\\/www.albertojosevarela.com\\\/wp-content\\\/uploads\\\/2020\\\/11\\\/alberto-varela.jpeg\",\"width\":682,\"height\":864,\"caption\":\"Alberto Jos\u00e9 Varela\"},\"logo\":{\"@id\":\"https:\\\/\\\/www.albertojosevarela.com\\\/wp-content\\\/uploads\\\/2020\\\/11\\\/alberto-varela.jpeg\"},\"description\":\"Fundador de empresas y organizaciones; creador de t\u00e9cnicas, m\u00e9todos y escuelas; autor de varios libros. Estudiante autodidacta, investigador y conferencista internacional, con una experiencia de m\u00e1s de 40 a\u00f1os en la gesti\u00f3n organizacional y los RRHH. Actualmente crece su influencia en el \u00e1mbito motivacional, terap\u00e9utico y espiritual a ra\u00edz del mensaje evolutivo que transmite.\",\"sameAs\":[\"https:\\\/\\\/www.facebook.com\\\/Alvertojosevarela\",\"https:\\\/\\\/www.instagram.com\\\/albertojose.varela\\\/\",\"https:\\\/\\\/www.linkedin.com\\\/in\\\/alverto-varela\\\/\",\"https:\\\/\\\/x.com\\\/albertoJ_varela\",\"https:\\\/\\\/www.youtube.com\\\/c\\\/AlvertoVarela\"]}]}<\/script>\n<!-- \/ Yoast SEO plugin. -->","yoast_head_json":{"title":"COS'\u00c8 AYAHUASCA INTERNATIONAL? La pi\u00f9 grande Comunit\u00e0 Ayahusquera del mondo... - Web Oficial de Alverto","robots":{"index":"index","follow":"follow","max-snippet":"max-snippet:-1","max-image-preview":"max-image-preview:large","max-video-preview":"max-video-preview:-1"},"canonical":"https:\/\/www.albertojosevarela.com\/it\/ayahuasca-international-2018\/","og_locale":"it_IT","og_type":"article","og_title":"COS'\u00c8 AYAHUASCA INTERNATIONAL? La pi\u00f9 grande Comunit\u00e0 Ayahusquera del mondo... - Web Oficial de Alverto","og_description":"AYAHUASCA INTERNATIONAL: La pi\u00f9 grande Comunit\u00e0 Ayahuasquera del mondo&#8230; &#8230; che si dedica a portare l&#8217;Ayahuasca fuori dal suo contesto. Ayahuasca International \u00e8 il pi\u00f9 grande ambiente virtuale di informazioni, comunicazioni e connessione tra le persone di tutto il mondo interessate all\u2019Ayahuasca e che ne hanno fatto l\u2019esperienza. Abbiamo diverse pagine web, pi\u00f9 di 100 [&hellip;]","og_url":"https:\/\/www.albertojosevarela.com\/it\/ayahuasca-international-2018\/","og_site_name":"Web Oficial de Alverto","article_publisher":"https:\/\/www.facebook.com\/Alvertojosevarela","article_author":"https:\/\/www.facebook.com\/Alvertojosevarela","article_published_time":"2016-03-03T11:12:28+00:00","og_image":[{"url":"https:\/\/www.albertojosevarela.com\/it\/wp-content\/uploads\/2016\/03\/Cover-fb-Italia.png","type":"","width":"","height":""}],"author":"Alberto Jos\u00e9 Varela","twitter_card":"summary_large_image","twitter_creator":"@albertoJ_varela","twitter_site":"@albertoJ_varela","schema":{"@context":"https:\/\/schema.org","@graph":[{"@type":"Article","@id":"https:\/\/www.albertojosevarela.com\/it\/ayahuasca-international-2018\/#article","isPartOf":{"@id":"https:\/\/www.albertojosevarela.com\/it\/ayahuasca-international-2018\/"},"author":{"name":"Alberto Jos\u00e9 Varela","@id":"https:\/\/www.albertojosevarela.com\/it\/#\/schema\/person\/6197324b0e48a485e79c32ccad0064d8"},"headline":"COS&#8217;\u00c8 AYAHUASCA INTERNATIONAL? La pi\u00f9 grande Comunit\u00e0 Ayahusquera del mondo&#8230;","datePublished":"2016-03-03T11:12:28+00:00","mainEntityOfPage":{"@id":"https:\/\/www.albertojosevarela.com\/it\/ayahuasca-international-2018\/"},"wordCount":1054,"publisher":{"@id":"https:\/\/www.albertojosevarela.com\/it\/#\/schema\/person\/6197324b0e48a485e79c32ccad0064d8"},"image":{"@id":"https:\/\/www.albertojosevarela.com\/it\/ayahuasca-international-2018\/#primaryimage"},"thumbnailUrl":"https:\/\/www.albertojosevarela.com\/it\/wp-content\/uploads\/2016\/03\/Cover-fb-Italia.png","inLanguage":"it-IT"},{"@type":"WebPage","@id":"https:\/\/www.albertojosevarela.com\/it\/ayahuasca-international-2018\/","url":"https:\/\/www.albertojosevarela.com\/it\/ayahuasca-international-2018\/","name":"COS'\u00c8 AYAHUASCA INTERNATIONAL? La pi\u00f9 grande Comunit\u00e0 Ayahusquera del mondo... - Web Oficial de Alverto","isPartOf":{"@id":"https:\/\/www.albertojosevarela.com\/it\/#website"},"primaryImageOfPage":{"@id":"https:\/\/www.albertojosevarela.com\/it\/ayahuasca-international-2018\/#primaryimage"},"image":{"@id":"https:\/\/www.albertojosevarela.com\/it\/ayahuasca-international-2018\/#primaryimage"},"thumbnailUrl":"https:\/\/www.albertojosevarela.com\/it\/wp-content\/uploads\/2016\/03\/Cover-fb-Italia.png","datePublished":"2016-03-03T11:12:28+00:00","breadcrumb":{"@id":"https:\/\/www.albertojosevarela.com\/it\/ayahuasca-international-2018\/#breadcrumb"},"inLanguage":"it-IT","potentialAction":[{"@type":"ReadAction","target":["https:\/\/www.albertojosevarela.com\/it\/ayahuasca-international-2018\/"]}]},{"@type":"ImageObject","inLanguage":"it-IT","@id":"https:\/\/www.albertojosevarela.com\/it\/ayahuasca-international-2018\/#primaryimage","url":"https:\/\/www.albertojosevarela.com\/it\/wp-content\/uploads\/2016\/03\/Cover-fb-Italia.png","contentUrl":"https:\/\/www.albertojosevarela.com\/it\/wp-content\/uploads\/2016\/03\/Cover-fb-Italia.png"},{"@type":"BreadcrumbList","@id":"https:\/\/www.albertojosevarela.com\/it\/ayahuasca-international-2018\/#breadcrumb","itemListElement":[{"@type":"ListItem","position":1,"name":"Inicio","item":"https:\/\/www.albertojosevarela.com\/it\/"},{"@type":"ListItem","position":2,"name":"COS&#8217;\u00c8 AYAHUASCA INTERNATIONAL? La pi\u00f9 grande Comunit\u00e0 Ayahusquera del mondo&#8230;"}]},{"@type":"WebSite","@id":"https:\/\/www.albertojosevarela.com\/it\/#website","url":"https:\/\/www.albertojosevarela.com\/it\/","name":"Web Oficial de Alberto Jos\u00e9 Varela","description":"El ser humano evoluciona cuando se mira adentro","publisher":{"@id":"https:\/\/www.albertojosevarela.com\/it\/#\/schema\/person\/6197324b0e48a485e79c32ccad0064d8"},"potentialAction":[{"@type":"SearchAction","target":{"@type":"EntryPoint","urlTemplate":"https:\/\/www.albertojosevarela.com\/it\/?s={search_term_string}"},"query-input":{"@type":"PropertyValueSpecification","valueRequired":true,"valueName":"search_term_string"}}],"inLanguage":"it-IT"},{"@type":["Person","Organization"],"@id":"https:\/\/www.albertojosevarela.com\/it\/#\/schema\/person\/6197324b0e48a485e79c32ccad0064d8","name":"Alberto Jos\u00e9 Varela","image":{"@type":"ImageObject","inLanguage":"it-IT","@id":"https:\/\/www.albertojosevarela.com\/wp-content\/uploads\/2020\/11\/alberto-varela.jpeg","url":"https:\/\/www.albertojosevarela.com\/wp-content\/uploads\/2020\/11\/alberto-varela.jpeg","contentUrl":"https:\/\/www.albertojosevarela.com\/wp-content\/uploads\/2020\/11\/alberto-varela.jpeg","width":682,"height":864,"caption":"Alberto Jos\u00e9 Varela"},"logo":{"@id":"https:\/\/www.albertojosevarela.com\/wp-content\/uploads\/2020\/11\/alberto-varela.jpeg"},"description":"Fundador de empresas y organizaciones; creador de t\u00e9cnicas, m\u00e9todos y escuelas; autor de varios libros. Estudiante autodidacta, investigador y conferencista internacional, con una experiencia de m\u00e1s de 40 a\u00f1os en la gesti\u00f3n organizacional y los RRHH. Actualmente crece su influencia en el \u00e1mbito motivacional, terap\u00e9utico y espiritual a ra\u00edz del mensaje evolutivo que transmite.","sameAs":["https:\/\/www.facebook.com\/Alvertojosevarela","https:\/\/www.instagram.com\/albertojose.varela\/","https:\/\/www.linkedin.com\/in\/alverto-varela\/","https:\/\/x.com\/albertoJ_varela","https:\/\/www.youtube.com\/c\/AlvertoVarela"]}]}},"jetpack_featured_media_url":"","_links":{"self":[{"href":"https:\/\/www.albertojosevarela.com\/it\/wp-json\/wp\/v2\/posts\/49380","targetHints":{"allow":["GET"]}}],"collection":[{"href":"https:\/\/www.albertojosevarela.com\/it\/wp-json\/wp\/v2\/posts"}],"about":[{"href":"https:\/\/www.albertojosevarela.com\/it\/wp-json\/wp\/v2\/types\/post"}],"author":[{"embeddable":true,"href":"https:\/\/www.albertojosevarela.com\/it\/wp-json\/wp\/v2\/users\/9"}],"replies":[{"embeddable":true,"href":"https:\/\/www.albertojosevarela.com\/it\/wp-json\/wp\/v2\/comments?post=49380"}],"version-history":[{"count":0,"href":"https:\/\/www.albertojosevarela.com\/it\/wp-json\/wp\/v2\/posts\/49380\/revisions"}],"wp:attachment":[{"href":"https:\/\/www.albertojosevarela.com\/it\/wp-json\/wp\/v2\/media?parent=49380"}],"wp:term":[{"taxonomy":"category","embeddable":true,"href":"https:\/\/www.albertojosevarela.com\/it\/wp-json\/wp\/v2\/categories?post=49380"},{"taxonomy":"post_tag","embeddable":true,"href":"https:\/\/www.albertojosevarela.com\/it\/wp-json\/wp\/v2\/tags?post=49380"}],"curies":[{"name":"wp","href":"https:\/\/api.w.org\/{rel}","templated":true}]}}