{"id":49649,"date":"2017-06-21T12:01:41","date_gmt":"2017-06-21T10:01:41","guid":{"rendered":"https:\/\/www.albertojosevarela.com\/e-arrivata-depressa\/"},"modified":"2017-06-21T12:01:41","modified_gmt":"2017-06-21T10:01:41","slug":"e-arrivata-depressa","status":"publish","type":"post","link":"https:\/\/www.albertojosevarela.com\/it\/e-arrivata-depressa\/","title":{"rendered":"\u00c8 ARRIVATA DEPRESSA ED \u00c8 PARTITA SPLENDENTE, CON UN ALTRO VOLTO, LEGGERA, PIENA DI VITA E DI AMORE. Testimonianza di una partecipante al ritiro di evoluzione interiore con Ayahuasca."},"content":{"rendered":"<h1><span style=\"color: #ff6600;\"><strong><b>LA MIA ESPERIENZA CON L\u2019AYAHUASCA<\/b><\/strong><\/span><\/h1>\n<h2><strong><em><b><i>Testimonianza di Luciana, una donna brasiliana che ha partecipato al ritiro di quest\u2019ultimo fine settimana a Barcellona.<\/i><\/b><\/em><\/strong><\/h2>\n<p>&nbsp;<\/p>\n<p style=\"text-align: justify;\">Decidere di partecipare al ritiro \u00e8 stata una totale sorpresa; per\u00f2 essere l\u00ec, vedere, sentire, intravedere \u2026 gi\u00e0 questo mi ha attivato sentimenti diversi e variegati. Partecipare senza alcuna conoscenza alla prima esperienza di assumere Ayahuasca \u00e8 stata un\u2019estasi senza proporzioni. Probabilmente l\u2019esperienza pi\u00f9 sorprendente e positiva che abbia mai vissuto.<\/p>\n<p style=\"text-align: justify;\">Crediamo di poter ricevere il divino solo quando ce lo meritiamo. L\u2019esperienza della toma e i momenti di integrazione e convivenza mi hanno mostrato un\u2019altra realt\u00e0 fino a quel momento per me sconosciuta. Ho visto il divino presentarsi nella mia vita attraverso la presenza di angeli, angeli umani, disposti a trasformare questi momenti in qualcosa di divino, umano e spirituale. In ogni momento ho sentito il divino che trasformava i miei pi\u00f9 intimi sentimenti distruttivi in esperienze positive. La paura, il dolore, l\u2019ansia, alla fine poco a poco se ne sono andati.<\/p>\n<p style=\"text-align: justify;\">Molti giorni dopo l\u2019esperienza, continuo a vivere quell\u2019estasi che l\u2019Ayahuasca ha piantato dentro di me. Conoscersi a partire dal sentire e far fiorire questo giardino interno che si stava seccando per mancanza di vitalit\u00e0 \u00e8 stata realmente la cosa pi\u00f9 positiva di tutta la mia esperienza. S\u00ec, sono arrivata a questo ritiro con il mio giardino trascurato e incapace di accettare una condizione primaverile, me ne vado con il mio giardino intimo abitato da tutti gli elementi vitali che compongono l\u2019essenza della vita.<\/p>\n<p style=\"text-align: justify;\">La capacit\u00e0 di riconoscere i miei angeli umani in ogni momento del ritiro \u00e8 stato qualcosa di inaspettato e innovativo. I miei angeli non mi hanno mai abbandonato, con molto amore hanno seminato i miei giardini con i migliori semi, i semi dell\u2019Amor proprio, della compassione, dell\u2019amicizia, della famiglia, del superamento, della gratuit\u00e0 dell\u2019AMORE, del sentire e dell\u2019aver sempre fiducia.<\/p>\n<p style=\"text-align: justify;\">Sono grata di aver incontrato il divino negli angeli umani che mi hanno accompagnato durante tutto il processo di guarigione, rivelandomi nei momenti di confronto tutti i sentimenti per poi viverli intensamente durante le tome di ayahuasca, nelle quali ho potuto iniziare la guarigione di tutte le ferite aperte.<\/p>\n<p style=\"text-align: justify;\">Adesso, col calore della mia famiglia e riposata, posso sentire e vivere il processo che sta avendo questo rinnovamento intimo, questo desiderio di migliorare, di vivere, di ascoltare, di sentire e di prendere ispirazione da ogni parola e sentimento che ho trovato l\u00ec.<\/p>\n<p style=\"text-align: justify;\">Adesso credo nella mia capacit\u00e0 di desiderare, amare e vivere ogni giorno con l\u2019intensit\u00e0 che merita. Per quanto riguarda i miei angeli umani, desidero permettermi di trovarli in ogni angolo della vita, che sia nel vicino, nell\u2019amico lontano, in ogni persona del gruppo, in ogni facilitatore, in mio figlio, nelle mie sorelle, nei miei amici. S\u00ec, scoprire che tutti siamo e possiamo essere angeli nella vita di tutti e umilmente chiedere e donare aiuto, appoggio ed essenzialmente AMORE.<\/p>\n<p style=\"text-align: justify;\">Sono grata alla grande medicina che non conoscevo, grata a tutti gli umani perfetti che mi hanno dato la motivazione per continuare, la sicurezza della conquista e la luce per camminare, dando vita a partire dalla propria vita, ricostruendo le basi della felicit\u00e0 piena, amando senza attaccamenti ed espandendo AMORE per ogni angolo della mia vita.<\/p>\n<p style=\"text-align: justify;\">\u201cVITA CHE CREA VITA\u201d<\/p>\n<p style=\"text-align: justify;\">Gli spazi che prima erano aperti alle delusioni, alla tristezza, ai disaccordi, alla solitudine e alla paura, adesso si stanno riempiendo di altri sentimenti e comportamenti.<\/p>\n<p style=\"text-align: justify;\">Grazie, grazie, grazie per tutto ci\u00f2 che ho vissuto, che ho imparato e per tutto l\u2019amore ricevuto.<\/p>\n<p style=\"text-align: justify;\">Grazie per la musica e per tutte le forme d\u2019espressione.<\/p>\n<p style=\"text-align: justify;\">Grazie per tutto l\u2019affetto, per ogni abbraccio e per tutte le lacrime che hanno bagnato la mia anima.<\/p>\n<p style=\"text-align: justify;\">Grazie alla grande Ayahuasca e a tutti coloro che mi hanno reso possibile l\u2019esperienza.<\/p>\n<p style=\"text-align: justify;\">Grazie, Grazie, Grazie<\/p>\n<p>&nbsp;<\/p>\n<p style=\"text-align: justify;\"><strong>Luciana<\/strong><\/p>\n<p>&nbsp;<\/p>\n<p>&nbsp;<\/p>\n<h3><span style=\"color: #ff6600;\"><a style=\"color: #ff6600;\" href=\"mailto:italia@innermastery.es\"><strong>italia@innermastery.es<\/strong><\/a><\/span><\/h3>\n","protected":false},"excerpt":{"rendered":"<p>LA MIA ESPERIENZA CON L\u2019AYAHUASCA Testimonianza di Luciana, una donna brasiliana che ha partecipato al ritiro di quest\u2019ultimo fine settimana a Barcellona. &nbsp; Decidere di partecipare al ritiro \u00e8 stata una totale sorpresa; per\u00f2 essere l\u00ec, vedere, sentire, intravedere \u2026 gi\u00e0 questo mi ha attivato sentimenti diversi e variegati. Partecipare senza alcuna conoscenza alla prima [&hellip;]<\/p>\n","protected":false},"author":9,"featured_media":0,"comment_status":"closed","ping_status":"closed","sticky":false,"template":"","format":"standard","meta":{"_acf_changed":false,"site-sidebar-layout":"default","site-content-layout":"","ast-site-content-layout":"default","site-content-style":"default","site-sidebar-style":"default","ast-global-header-display":"","ast-banner-title-visibility":"","ast-main-header-display":"","ast-hfb-above-header-display":"","ast-hfb-below-header-display":"","ast-hfb-mobile-header-display":"","site-post-title":"","ast-breadcrumbs-content":"","ast-featured-img":"","footer-sml-layout":"","theme-transparent-header-meta":"","adv-header-id-meta":"","stick-header-meta":"","header-above-stick-meta":"","header-main-stick-meta":"","header-below-stick-meta":"","astra-migrate-meta-layouts":"default","ast-page-background-enabled":"default","ast-page-background-meta":{"desktop":{"background-color":"","background-image":"","background-repeat":"repeat","background-position":"center center","background-size":"auto","background-attachment":"scroll","background-type":"","background-media":"","overlay-type":"","overlay-color":"","overlay-opacity":"","overlay-gradient":""},"tablet":{"background-color":"","background-image":"","background-repeat":"repeat","background-position":"center center","background-size":"auto","background-attachment":"scroll","background-type":"","background-media":"","overlay-type":"","overlay-color":"","overlay-opacity":"","overlay-gradient":""},"mobile":{"background-color":"","background-image":"","background-repeat":"repeat","background-position":"center center","background-size":"auto","background-attachment":"scroll","background-type":"","background-media":"","overlay-type":"","overlay-color":"","overlay-opacity":"","overlay-gradient":""}},"ast-content-background-meta":{"desktop":{"background-color":"var(--ast-global-color-5)","background-image":"","background-repeat":"repeat","background-position":"center center","background-size":"auto","background-attachment":"scroll","background-type":"","background-media":"","overlay-type":"","overlay-color":"","overlay-opacity":"","overlay-gradient":""},"tablet":{"background-color":"var(--ast-global-color-5)","background-image":"","background-repeat":"repeat","background-position":"center center","background-size":"auto","background-attachment":"scroll","background-type":"","background-media":"","overlay-type":"","overlay-color":"","overlay-opacity":"","overlay-gradient":""},"mobile":{"background-color":"var(--ast-global-color-5)","background-image":"","background-repeat":"repeat","background-position":"center center","background-size":"auto","background-attachment":"scroll","background-type":"","background-media":"","overlay-type":"","overlay-color":"","overlay-opacity":"","overlay-gradient":""}},"ep_exclude_from_search":false,"footnotes":""},"categories":[],"tags":[],"class_list":["post-49649","post","type-post","status-publish","format-standard","hentry"],"acf":[],"yoast_head":"<!-- This site is optimized with the Yoast SEO plugin v27.5 - https:\/\/yoast.com\/product\/yoast-seo-wordpress\/ -->\n<title>\u00c8 ARRIVATA DEPRESSA ED \u00c8 PARTITA SPLENDENTE, CON UN ALTRO VOLTO, LEGGERA, PIENA DI VITA E DI AMORE. Testimonianza di una partecipante al ritiro di evoluzione interiore con Ayahuasca. - Web Oficial de Alverto<\/title>\n<meta name=\"robots\" content=\"index, follow, max-snippet:-1, max-image-preview:large, max-video-preview:-1\" \/>\n<link rel=\"canonical\" href=\"https:\/\/www.albertojosevarela.com\/it\/e-arrivata-depressa\/\" \/>\n<meta property=\"og:locale\" content=\"it_IT\" \/>\n<meta property=\"og:type\" content=\"article\" \/>\n<meta property=\"og:title\" content=\"\u00c8 ARRIVATA DEPRESSA ED \u00c8 PARTITA SPLENDENTE, CON UN ALTRO VOLTO, LEGGERA, PIENA DI VITA E DI AMORE. Testimonianza di una partecipante al ritiro di evoluzione interiore con Ayahuasca. - Web Oficial de Alverto\" \/>\n<meta property=\"og:description\" content=\"LA MIA ESPERIENZA CON L\u2019AYAHUASCA Testimonianza di Luciana, una donna brasiliana che ha partecipato al ritiro di quest\u2019ultimo fine settimana a Barcellona. &nbsp; Decidere di partecipare al ritiro \u00e8 stata una totale sorpresa; per\u00f2 essere l\u00ec, vedere, sentire, intravedere \u2026 gi\u00e0 questo mi ha attivato sentimenti diversi e variegati. Partecipare senza alcuna conoscenza alla prima [&hellip;]\" \/>\n<meta property=\"og:url\" content=\"https:\/\/www.albertojosevarela.com\/it\/e-arrivata-depressa\/\" \/>\n<meta property=\"og:site_name\" content=\"Web Oficial de Alverto\" \/>\n<meta property=\"article:publisher\" content=\"https:\/\/www.facebook.com\/Alvertojosevarela\" \/>\n<meta property=\"article:author\" content=\"https:\/\/www.facebook.com\/Alvertojosevarela\" \/>\n<meta property=\"article:published_time\" content=\"2017-06-21T10:01:41+00:00\" \/>\n<meta name=\"author\" content=\"Alberto Jos\u00e9 Varela\" \/>\n<meta name=\"twitter:card\" content=\"summary_large_image\" \/>\n<meta name=\"twitter:creator\" content=\"@albertoJ_varela\" \/>\n<meta name=\"twitter:site\" content=\"@albertoJ_varela\" \/>\n<script type=\"application\/ld+json\" class=\"yoast-schema-graph\">{\"@context\":\"https:\\\/\\\/schema.org\",\"@graph\":[{\"@type\":\"Article\",\"@id\":\"https:\\\/\\\/www.albertojosevarela.com\\\/it\\\/e-arrivata-depressa\\\/#article\",\"isPartOf\":{\"@id\":\"https:\\\/\\\/www.albertojosevarela.com\\\/it\\\/e-arrivata-depressa\\\/\"},\"author\":{\"name\":\"Alberto Jos\u00e9 Varela\",\"@id\":\"https:\\\/\\\/www.albertojosevarela.com\\\/it\\\/#\\\/schema\\\/person\\\/6197324b0e48a485e79c32ccad0064d8\"},\"headline\":\"\u00c8 ARRIVATA DEPRESSA ED \u00c8 PARTITA SPLENDENTE, CON UN ALTRO VOLTO, LEGGERA, PIENA DI VITA E DI AMORE. Testimonianza di una partecipante al ritiro di evoluzione interiore con Ayahuasca.\",\"datePublished\":\"2017-06-21T10:01:41+00:00\",\"mainEntityOfPage\":{\"@id\":\"https:\\\/\\\/www.albertojosevarela.com\\\/it\\\/e-arrivata-depressa\\\/\"},\"wordCount\":677,\"publisher\":{\"@id\":\"https:\\\/\\\/www.albertojosevarela.com\\\/it\\\/#\\\/schema\\\/person\\\/6197324b0e48a485e79c32ccad0064d8\"},\"inLanguage\":\"it-IT\"},{\"@type\":\"WebPage\",\"@id\":\"https:\\\/\\\/www.albertojosevarela.com\\\/it\\\/e-arrivata-depressa\\\/\",\"url\":\"https:\\\/\\\/www.albertojosevarela.com\\\/it\\\/e-arrivata-depressa\\\/\",\"name\":\"\u00c8 ARRIVATA DEPRESSA ED \u00c8 PARTITA SPLENDENTE, CON UN ALTRO VOLTO, LEGGERA, PIENA DI VITA E DI AMORE. Testimonianza di una partecipante al ritiro di evoluzione interiore con Ayahuasca. - Web Oficial de Alverto\",\"isPartOf\":{\"@id\":\"https:\\\/\\\/www.albertojosevarela.com\\\/it\\\/#website\"},\"datePublished\":\"2017-06-21T10:01:41+00:00\",\"breadcrumb\":{\"@id\":\"https:\\\/\\\/www.albertojosevarela.com\\\/it\\\/e-arrivata-depressa\\\/#breadcrumb\"},\"inLanguage\":\"it-IT\",\"potentialAction\":[{\"@type\":\"ReadAction\",\"target\":[\"https:\\\/\\\/www.albertojosevarela.com\\\/it\\\/e-arrivata-depressa\\\/\"]}]},{\"@type\":\"BreadcrumbList\",\"@id\":\"https:\\\/\\\/www.albertojosevarela.com\\\/it\\\/e-arrivata-depressa\\\/#breadcrumb\",\"itemListElement\":[{\"@type\":\"ListItem\",\"position\":1,\"name\":\"Inicio\",\"item\":\"https:\\\/\\\/www.albertojosevarela.com\\\/it\\\/\"},{\"@type\":\"ListItem\",\"position\":2,\"name\":\"\u00c8 ARRIVATA DEPRESSA ED \u00c8 PARTITA SPLENDENTE, CON UN ALTRO VOLTO, LEGGERA, PIENA DI VITA E DI AMORE. Testimonianza di una partecipante al ritiro di evoluzione interiore con Ayahuasca.\"}]},{\"@type\":\"WebSite\",\"@id\":\"https:\\\/\\\/www.albertojosevarela.com\\\/it\\\/#website\",\"url\":\"https:\\\/\\\/www.albertojosevarela.com\\\/it\\\/\",\"name\":\"Web Oficial de Alberto Jos\u00e9 Varela\",\"description\":\"El ser humano evoluciona cuando se mira adentro\",\"publisher\":{\"@id\":\"https:\\\/\\\/www.albertojosevarela.com\\\/it\\\/#\\\/schema\\\/person\\\/6197324b0e48a485e79c32ccad0064d8\"},\"potentialAction\":[{\"@type\":\"SearchAction\",\"target\":{\"@type\":\"EntryPoint\",\"urlTemplate\":\"https:\\\/\\\/www.albertojosevarela.com\\\/it\\\/?s={search_term_string}\"},\"query-input\":{\"@type\":\"PropertyValueSpecification\",\"valueRequired\":true,\"valueName\":\"search_term_string\"}}],\"inLanguage\":\"it-IT\"},{\"@type\":[\"Person\",\"Organization\"],\"@id\":\"https:\\\/\\\/www.albertojosevarela.com\\\/it\\\/#\\\/schema\\\/person\\\/6197324b0e48a485e79c32ccad0064d8\",\"name\":\"Alberto Jos\u00e9 Varela\",\"image\":{\"@type\":\"ImageObject\",\"inLanguage\":\"it-IT\",\"@id\":\"https:\\\/\\\/www.albertojosevarela.com\\\/wp-content\\\/uploads\\\/2020\\\/11\\\/alberto-varela.jpeg\",\"url\":\"https:\\\/\\\/www.albertojosevarela.com\\\/wp-content\\\/uploads\\\/2020\\\/11\\\/alberto-varela.jpeg\",\"contentUrl\":\"https:\\\/\\\/www.albertojosevarela.com\\\/wp-content\\\/uploads\\\/2020\\\/11\\\/alberto-varela.jpeg\",\"width\":682,\"height\":864,\"caption\":\"Alberto Jos\u00e9 Varela\"},\"logo\":{\"@id\":\"https:\\\/\\\/www.albertojosevarela.com\\\/wp-content\\\/uploads\\\/2020\\\/11\\\/alberto-varela.jpeg\"},\"description\":\"Fundador de empresas y organizaciones; creador de t\u00e9cnicas, m\u00e9todos y escuelas; autor de varios libros. Estudiante autodidacta, investigador y conferencista internacional, con una experiencia de m\u00e1s de 40 a\u00f1os en la gesti\u00f3n organizacional y los RRHH. Actualmente crece su influencia en el \u00e1mbito motivacional, terap\u00e9utico y espiritual a ra\u00edz del mensaje evolutivo que transmite.\",\"sameAs\":[\"https:\\\/\\\/www.facebook.com\\\/Alvertojosevarela\",\"https:\\\/\\\/www.instagram.com\\\/albertojose.varela\\\/\",\"https:\\\/\\\/www.linkedin.com\\\/in\\\/alverto-varela\\\/\",\"https:\\\/\\\/x.com\\\/albertoJ_varela\",\"https:\\\/\\\/www.youtube.com\\\/c\\\/AlvertoVarela\"]}]}<\/script>\n<!-- \/ Yoast SEO plugin. -->","yoast_head_json":{"title":"\u00c8 ARRIVATA DEPRESSA ED \u00c8 PARTITA SPLENDENTE, CON UN ALTRO VOLTO, LEGGERA, PIENA DI VITA E DI AMORE. Testimonianza di una partecipante al ritiro di evoluzione interiore con Ayahuasca. - Web Oficial de Alverto","robots":{"index":"index","follow":"follow","max-snippet":"max-snippet:-1","max-image-preview":"max-image-preview:large","max-video-preview":"max-video-preview:-1"},"canonical":"https:\/\/www.albertojosevarela.com\/it\/e-arrivata-depressa\/","og_locale":"it_IT","og_type":"article","og_title":"\u00c8 ARRIVATA DEPRESSA ED \u00c8 PARTITA SPLENDENTE, CON UN ALTRO VOLTO, LEGGERA, PIENA DI VITA E DI AMORE. Testimonianza di una partecipante al ritiro di evoluzione interiore con Ayahuasca. - Web Oficial de Alverto","og_description":"LA MIA ESPERIENZA CON L\u2019AYAHUASCA Testimonianza di Luciana, una donna brasiliana che ha partecipato al ritiro di quest\u2019ultimo fine settimana a Barcellona. &nbsp; Decidere di partecipare al ritiro \u00e8 stata una totale sorpresa; per\u00f2 essere l\u00ec, vedere, sentire, intravedere \u2026 gi\u00e0 questo mi ha attivato sentimenti diversi e variegati. Partecipare senza alcuna conoscenza alla prima [&hellip;]","og_url":"https:\/\/www.albertojosevarela.com\/it\/e-arrivata-depressa\/","og_site_name":"Web Oficial de Alverto","article_publisher":"https:\/\/www.facebook.com\/Alvertojosevarela","article_author":"https:\/\/www.facebook.com\/Alvertojosevarela","article_published_time":"2017-06-21T10:01:41+00:00","author":"Alberto Jos\u00e9 Varela","twitter_card":"summary_large_image","twitter_creator":"@albertoJ_varela","twitter_site":"@albertoJ_varela","schema":{"@context":"https:\/\/schema.org","@graph":[{"@type":"Article","@id":"https:\/\/www.albertojosevarela.com\/it\/e-arrivata-depressa\/#article","isPartOf":{"@id":"https:\/\/www.albertojosevarela.com\/it\/e-arrivata-depressa\/"},"author":{"name":"Alberto Jos\u00e9 Varela","@id":"https:\/\/www.albertojosevarela.com\/it\/#\/schema\/person\/6197324b0e48a485e79c32ccad0064d8"},"headline":"\u00c8 ARRIVATA DEPRESSA ED \u00c8 PARTITA SPLENDENTE, CON UN ALTRO VOLTO, LEGGERA, PIENA DI VITA E DI AMORE. Testimonianza di una partecipante al ritiro di evoluzione interiore con Ayahuasca.","datePublished":"2017-06-21T10:01:41+00:00","mainEntityOfPage":{"@id":"https:\/\/www.albertojosevarela.com\/it\/e-arrivata-depressa\/"},"wordCount":677,"publisher":{"@id":"https:\/\/www.albertojosevarela.com\/it\/#\/schema\/person\/6197324b0e48a485e79c32ccad0064d8"},"inLanguage":"it-IT"},{"@type":"WebPage","@id":"https:\/\/www.albertojosevarela.com\/it\/e-arrivata-depressa\/","url":"https:\/\/www.albertojosevarela.com\/it\/e-arrivata-depressa\/","name":"\u00c8 ARRIVATA DEPRESSA ED \u00c8 PARTITA SPLENDENTE, CON UN ALTRO VOLTO, LEGGERA, PIENA DI VITA E DI AMORE. Testimonianza di una partecipante al ritiro di evoluzione interiore con Ayahuasca. - Web Oficial de Alverto","isPartOf":{"@id":"https:\/\/www.albertojosevarela.com\/it\/#website"},"datePublished":"2017-06-21T10:01:41+00:00","breadcrumb":{"@id":"https:\/\/www.albertojosevarela.com\/it\/e-arrivata-depressa\/#breadcrumb"},"inLanguage":"it-IT","potentialAction":[{"@type":"ReadAction","target":["https:\/\/www.albertojosevarela.com\/it\/e-arrivata-depressa\/"]}]},{"@type":"BreadcrumbList","@id":"https:\/\/www.albertojosevarela.com\/it\/e-arrivata-depressa\/#breadcrumb","itemListElement":[{"@type":"ListItem","position":1,"name":"Inicio","item":"https:\/\/www.albertojosevarela.com\/it\/"},{"@type":"ListItem","position":2,"name":"\u00c8 ARRIVATA DEPRESSA ED \u00c8 PARTITA SPLENDENTE, CON UN ALTRO VOLTO, LEGGERA, PIENA DI VITA E DI AMORE. Testimonianza di una partecipante al ritiro di evoluzione interiore con Ayahuasca."}]},{"@type":"WebSite","@id":"https:\/\/www.albertojosevarela.com\/it\/#website","url":"https:\/\/www.albertojosevarela.com\/it\/","name":"Web Oficial de Alberto Jos\u00e9 Varela","description":"El ser humano evoluciona cuando se mira adentro","publisher":{"@id":"https:\/\/www.albertojosevarela.com\/it\/#\/schema\/person\/6197324b0e48a485e79c32ccad0064d8"},"potentialAction":[{"@type":"SearchAction","target":{"@type":"EntryPoint","urlTemplate":"https:\/\/www.albertojosevarela.com\/it\/?s={search_term_string}"},"query-input":{"@type":"PropertyValueSpecification","valueRequired":true,"valueName":"search_term_string"}}],"inLanguage":"it-IT"},{"@type":["Person","Organization"],"@id":"https:\/\/www.albertojosevarela.com\/it\/#\/schema\/person\/6197324b0e48a485e79c32ccad0064d8","name":"Alberto Jos\u00e9 Varela","image":{"@type":"ImageObject","inLanguage":"it-IT","@id":"https:\/\/www.albertojosevarela.com\/wp-content\/uploads\/2020\/11\/alberto-varela.jpeg","url":"https:\/\/www.albertojosevarela.com\/wp-content\/uploads\/2020\/11\/alberto-varela.jpeg","contentUrl":"https:\/\/www.albertojosevarela.com\/wp-content\/uploads\/2020\/11\/alberto-varela.jpeg","width":682,"height":864,"caption":"Alberto Jos\u00e9 Varela"},"logo":{"@id":"https:\/\/www.albertojosevarela.com\/wp-content\/uploads\/2020\/11\/alberto-varela.jpeg"},"description":"Fundador de empresas y organizaciones; creador de t\u00e9cnicas, m\u00e9todos y escuelas; autor de varios libros. Estudiante autodidacta, investigador y conferencista internacional, con una experiencia de m\u00e1s de 40 a\u00f1os en la gesti\u00f3n organizacional y los RRHH. Actualmente crece su influencia en el \u00e1mbito motivacional, terap\u00e9utico y espiritual a ra\u00edz del mensaje evolutivo que transmite.","sameAs":["https:\/\/www.facebook.com\/Alvertojosevarela","https:\/\/www.instagram.com\/albertojose.varela\/","https:\/\/www.linkedin.com\/in\/alverto-varela\/","https:\/\/x.com\/albertoJ_varela","https:\/\/www.youtube.com\/c\/AlvertoVarela"]}]}},"jetpack_featured_media_url":"","_links":{"self":[{"href":"https:\/\/www.albertojosevarela.com\/it\/wp-json\/wp\/v2\/posts\/49649","targetHints":{"allow":["GET"]}}],"collection":[{"href":"https:\/\/www.albertojosevarela.com\/it\/wp-json\/wp\/v2\/posts"}],"about":[{"href":"https:\/\/www.albertojosevarela.com\/it\/wp-json\/wp\/v2\/types\/post"}],"author":[{"embeddable":true,"href":"https:\/\/www.albertojosevarela.com\/it\/wp-json\/wp\/v2\/users\/9"}],"replies":[{"embeddable":true,"href":"https:\/\/www.albertojosevarela.com\/it\/wp-json\/wp\/v2\/comments?post=49649"}],"version-history":[{"count":0,"href":"https:\/\/www.albertojosevarela.com\/it\/wp-json\/wp\/v2\/posts\/49649\/revisions"}],"wp:attachment":[{"href":"https:\/\/www.albertojosevarela.com\/it\/wp-json\/wp\/v2\/media?parent=49649"}],"wp:term":[{"taxonomy":"category","embeddable":true,"href":"https:\/\/www.albertojosevarela.com\/it\/wp-json\/wp\/v2\/categories?post=49649"},{"taxonomy":"post_tag","embeddable":true,"href":"https:\/\/www.albertojosevarela.com\/it\/wp-json\/wp\/v2\/tags?post=49649"}],"curies":[{"name":"wp","href":"https:\/\/api.w.org\/{rel}","templated":true}]}}