{"id":49698,"date":"2017-10-01T10:30:44","date_gmt":"2017-10-01T08:30:44","guid":{"rendered":"https:\/\/www.albertojosevarela.com\/il-viaggio-verso-leternita\/"},"modified":"2017-10-01T10:30:44","modified_gmt":"2017-10-01T08:30:44","slug":"il-viaggio-verso-leternita","status":"publish","type":"post","link":"https:\/\/www.albertojosevarela.com\/it\/il-viaggio-verso-leternita\/","title":{"rendered":"IL VIAGGIO VERSO L&#8217;ETERNIT\u00c0. Avvicinarci all&#8217;altro con il cuore \u00e8 il viaggio pi\u00f9 emozionante e sorprendente della vita."},"content":{"rendered":"<h1><span style=\"color: #ff6600;\"><strong>IL VIAGGIO SINCRONICO DI COSCIENZA E SENTIMENTO<\/strong><\/span><\/h1>\n<h2><em><strong>Attraverso l&#8217;espansione stiamo attraversando tutta l&#8217;esistenza, oltrepassando le barriere dell&#8217;incomprensione. Ti invito a realizzare il viaggio pi\u00f9 misterioso della tua vita.<\/strong><\/em><\/h2>\n<p style=\"text-align: justify;\">La terra viaggia attorno al suo asse a pi\u00f9 di 1000 km all&#8217;ora, al contempo viaggia intorno al sole a pi\u00f9 di 100.000 Km all&#8217;ora; ma lo stesso sistema solare sta viaggiando all&#8217;interno della galassia a una velocit\u00e0 ben maggiore, e tutta la galassia a sua volta sta viaggiando nell&#8217;universo! CHE VIAGGIO STRAORDINARIO STIAMO FACENDO!<\/p>\n<p style=\"text-align: justify;\">Sembra che il nostro DNA abbia compiuto un lungo viaggio nell&#8217;universo fino ad arrivare sulla Terra. Dopo l&#8217;impressionante viaggio evolutivo per arrivare a divenire umani, ora ci dedichiamo al fare molti viaggi dentro questo piccolo mondo. Dicono che il viaggio pi\u00f9 complicato di tutti sia quello compiuto dallo sperma per fecondare l&#8217;ovulo. A partire da quando nasciamo iniziamo un viaggio verso la morte, ed \u00e8 allora che inizia il grande viaggio\u2026 in un&#8217;altra vita.<\/p>\n<p style=\"text-align: justify;\">Quindi mi chiedo: Quale azione pu\u00f2 essere la pi\u00f9 appassionante e preponderante dell&#8217;intera vita umana se non il viaggiare? Viaggiare verso dove? Con chi viaggiare? Come poter viaggiare?<\/p>\n<p style=\"text-align: justify;\">Siamo capaci di rischiare la vita nei viaggi che compiamo: viaggi sulla luna, nello spazio, attraverso gli oceani, nel cielo, su strade intricate, su vie pericolose e inospitali, viaggi nella foresta amazzonica o in India, e, perch\u00e9 no, anche viaggi virtuali, immaginari e persino enteogeni, ai quali si pu\u00f2 accedere solo con una coscienza risvegliata.<\/p>\n<p style=\"text-align: justify;\">In ogni viaggio portiamo con noi cose che generalmente si perdono nel tragitto, soprattutto quelle di cui ci carichiamo senza motivo. E quando torniamo, ci sentiamo felici, non solo per quello, ma per aver raccolto esperienze arricchenti nei luoghi che abbiamo visitato. Ogni viaggio \u00e8 uno scambio evolutivo per liberarci di ci\u00f2 che pesa e nutrirci di quello che ci alleggerisce.<\/p>\n<p style=\"text-align: justify;\">Su un barcone o in aereo si viaggia per emigrare; con la meditazione si viaggia per liberare, e quando siamo autentici il viaggio consiste nello spronare noi stessi ad esprimerci, qualsiasi sia la maniera; ma \u00e8 molto faticoso, perch\u00e9 siamo estremamente repressi e schiavizzati&#8230;<\/p>\n<p style=\"text-align: justify;\">Forse questo chiarisce in parte il motivo per cui stia aumentando sempre di pi\u00f9 il consumo di droghe e alcool: per disinibire, perch\u00e9 ci permettono di viaggiare virtualmente, per fuggire, per dimenticare o per divertirci. Anche il consumo di rimedi enteogeni (come la Ayahuasca o il Bufo Alvarius) \u00e8 aumentato in tutto il mondo, e in molti casi servono per lasciarsi alle spalle i viaggi limitanti delle droghe, poich\u00e9 ci permettono di viaggiare nell&#8217;universo interiore, attraverso i sentimenti e in realt\u00e0 pi\u00f9 elevate.<\/p>\n<p style=\"text-align: justify;\">Tentiamo di dare un senso alla vita compiendo questi viaggi mistici, dentro di noi, che si fanno senza percorrere nemmeno un metro. Questi sono i viaggi pi\u00f9 economici e soddisfacenti, soprattutto quando arriviamo fin nella profondit\u00e0 dell&#8217;incomprensione, che ci permette di vedere il punto in cui siamo riusciti ad arrivare con la nostra coscienza, e quando arriviamo a questo limite, ci sfida a intraprendere l&#8217;incredibile viaggio della comprensione.\u00a0 Il viaggio verso la comprensione \u00e8 un superamento di frontiera che espande la coscienza verso il cuore. \u00c8 quello che io definisco il viaggio della sanazione, quando la mia coscienza entra in ogni cosa che non riesco a capire per lanciarmi verso la fiducia, quella misteriosa nave che mi conduce alla trascendenza.<\/p>\n<p style=\"text-align: justify;\">Viaggiamo per sconnetterci, conoscere, sfuggire, distrarci, dimenticare, cercare e persino per trovare. Viaggi di turismo, lavoro o affari, familiari e spirituali. Molte volte viaggiamo per viaggiare, nient&#8217;altro, senza renderci conto che trovarci all&#8217;interno dell&#8217;infinito \u00e8 il pi\u00f9 grande dei viaggi. Tutto si sta espandendo a pi\u00f9 di 300.000 km al secondo. Fino a dove arriveremo? Quello che \u00e8 certo \u00e8 che nella vita si pu\u00f2 viaggiare anche in paradiso o all&#8217;inferno, e entrambe le destinazioni sono tanto distanti quanto vicine, a tal punto che hai la possibilit\u00e0 di accedervi proprio in questo momento, se lo decidi.<\/p>\n<p style=\"text-align: justify;\">Un giorno feci un viaggio in Colombia, conobbi uno sciamano, mi diede dell&#8217;Ayahuasca, un rimedio sciamanico che mi permise di fare il viaggio pi\u00f9 stupendo della mia vita. Ma quel viaggio era solo un assaggio del viaggio incredibile che stavo iniziando nella mia vita.<\/p>\n<p style=\"text-align: justify;\">Ho viaggiato da Santa F\u00e9, la mia citt\u00e0 natale, ad un&#8217;altra grande citt\u00e0 come Buenos Aires, poi ho viaggiato verso Madrid, in questi 15 anni ho viaggiato in tutta la Spagna, e negli ultimi mesi ho fatto molti viaggi in oltre 20 paesi, non solo perch\u00e9 devo lavorare, ma perch\u00e9 porto con me tutto quello che ho raccolto nei miei viaggi, sia quelli esteriori che quelli interiori. Vado in ogni luogo che visito trasportato e invitato da una viaggiatrice infaticabile: LA MIA ANIMA, che sicuramente mi porta in tutti questi luoghi perch\u00e9 vuole compiere il viaggio della fioritura, dell&#8217;espansione.<\/p>\n<p style=\"text-align: justify;\">Non \u00e8 un caso che in un viaggio in Bolivia ho conosciuto Roger Choque, <strong>un Yatiri<\/strong> che mi ha ispirato a intraprendere i miei primi passi dopo l&#8217;esperienza del carcere (un altro viaggio tremendo che feci dietro le sbarre). Questo Yatiri mi ha fatto fare anche un viaggio per attraversare una mia vecchia limitazione. Questi sono i viaggi che non hanno ritorno. Poi ho scoperto che un Yatiri \u00e8 un maestro viaggiatore che osa con coraggio per raggiungere se stesso. Quando abbiamo creato con Paula il ristorante Yatiri a Madrid, lo abbiamo fatto con l&#8217;intenzione che la gente venisse a pranzare o cenare per sperimentare un viaggio attraverso le sensazioni: cibo sano e squisito in un luogo creativo e accogliente. \u00c8 come se tutto venisse visto come un viaggio, anche l&#8217;atto di mangiare.<\/p>\n<p style=\"text-align: justify;\">In ogni secondo della nostra vita stiamo viaggiando, anche in questo momento, tu leggendo queste parole e io nello scriverle. In questo momento ci sono del cibo e delle bevande che stanno viaggiando nel tuo apparato digerente, il sangue viaggia nelle tue vene, e sicuramente il pensiero ti sta facendo viaggiare con l&#8217;immaginazione.<\/p>\n<p style=\"text-align: justify;\">Cos\u00ec approfitto di questo fenomeno momentaneo in cui stiamo viaggiando insieme per alcuni minuti per condividere la mia gratitudine rispetto al viaggiare verso l&#8217;eternit\u00e0; questo viaggio \u00e8 infinito, la vita \u00e8 una breve sosta, e ora siamo semplicemente in una stazione, in attesa del prossimo tragitto. Se in questa stazione, in cui ci \u00e8 stata data un po&#8217; di coscienza per renderci conto del viaggio e del viaggiatore che sono in noi, potessimo percepire la grandezza dell&#8217;eternit\u00e0, faremmo il viaggio pi\u00f9 misterioso che esista. Penetreremmo nella comprensione dell&#8217;infinito, sentendo con il cuore che non c&#8217;\u00e8 mai stato un inizio, che tutto esiste da sempre e che cos\u00ec continuer\u00e0 per tutta l&#8217;eternit\u00e0. Comprendere l&#8217;infinit\u00e0 dello spazio-tempo \u00e8 il viaggio pi\u00f9 sorprendente che abbia mai fatto in questa vita. Niente \u00e8 paragonabile.<\/p>\n<p style=\"text-align: justify;\">In questa stazione possiamo fare molte cose. I maestri di ogni tempo hanno detto che ogni viaggio \u00e8 una stazione e che tutto quello che facciamo in ogni viaggio creer\u00e0 le condizioni per la prossima stazione. Durante questo viaggio sto uscendo dal seme del mio Essere, crescendo in alto verso l&#8217;infinito. Appena deciderai di fare questo viaggio potrai constatare che l&#8217;energia dell&#8217;evoluzione stessa ti porter\u00e0, da sola, non c&#8217;\u00e8 niente da fare, solo lasciar morire la paura, la sensazione di stallo, la comodit\u00e0, ci\u00f2 che \u00e8 sicuro e conosciuto; perch\u00e9 il viaggio supremo \u00e8 verso l&#8217;ignoto e verso ci\u00f2 che non pu\u00f2 essere controllato.<\/p>\n<p style=\"text-align: justify;\">Ti invito ad amare, condividere, godere, creare, appassionarti, perdonare, vivere, fare l&#8217;amore, abbracciare, guardare con purezza, cantare e ballare. E soprattutto <strong>ti invito a compiere il viaggio pi\u00f9 corto e pi\u00f9 complicato: dalla ragione al cuore<\/strong>, sono solo alcuni centimetri eppure talvolta non basta tutta la vita per arrivarci, ma \u00e8 la meta da cui l&#8217;anima pu\u00f2 viaggiare in ogni luogo, \u00e8 la sua piattaforma di lancio, perch\u00e9 quando i petali del fiore cominciano ad aprirsi, ha inizio il viaggio del tuo profumo verso l&#8217;intera esistenza. Avr\u00e0 inevitabilmente un impatto su altri esseri umani e su tutta la natura nella sua interezza.<\/p>\n<p style=\"text-align: justify;\">Le leggi della fisica assicurano che, poich\u00e9 ci stiamo espandendo, le galassie e i pianeti si stanno allontanando. Sar\u00e0 questo il motivo per cui sentiamo tanto il bisogno di avvicinarci gli uni gli agli altri esseri umani?<\/p>\n<p style=\"text-align: justify;\">Per me scrivere \u00e8 viaggiare dalla mente al sentimento, e da l\u00ec viaggiare verso di te alla velocit\u00e0 della luce, arrivando al tuo infinito universo interiore, per seminare il seme della comprensione.<\/p>\n<p style=\"text-align: justify;\">Grazie per accompagnarmi attraverso le parole in questo viaggio cos\u00ec corto ed effimero. \u00c8 una maniera di avvicinarci e di ispirarci l&#8217;un l&#8217;altro con un tocco magico che ci trasporta verso l&#8217;eternit\u00e0.<\/p>\n<p>&nbsp;<\/p>\n<p style=\"text-align: justify;\"><em><strong>Alberto Varela<\/strong><\/em><\/p>\n<p style=\"text-align: justify;\"><a href=\"mailto:nosoy@albertojosevarela.com\">nosoy@albertojosevarela.com<\/a><\/p>\n<p>&nbsp;<\/p>\n","protected":false},"excerpt":{"rendered":"<p>IL VIAGGIO SINCRONICO DI COSCIENZA E SENTIMENTO Attraverso l&#8217;espansione stiamo attraversando tutta l&#8217;esistenza, oltrepassando le barriere dell&#8217;incomprensione. Ti invito a realizzare il viaggio pi\u00f9 misterioso della tua vita. La terra viaggia attorno al suo asse a pi\u00f9 di 1000 km all&#8217;ora, al contempo viaggia intorno al sole a pi\u00f9 di 100.000 Km all&#8217;ora; ma lo [&hellip;]<\/p>\n","protected":false},"author":9,"featured_media":0,"comment_status":"closed","ping_status":"closed","sticky":false,"template":"","format":"standard","meta":{"_acf_changed":false,"site-sidebar-layout":"default","site-content-layout":"","ast-site-content-layout":"default","site-content-style":"default","site-sidebar-style":"default","ast-global-header-display":"","ast-banner-title-visibility":"","ast-main-header-display":"","ast-hfb-above-header-display":"","ast-hfb-below-header-display":"","ast-hfb-mobile-header-display":"","site-post-title":"","ast-breadcrumbs-content":"","ast-featured-img":"","footer-sml-layout":"","theme-transparent-header-meta":"","adv-header-id-meta":"","stick-header-meta":"","header-above-stick-meta":"","header-main-stick-meta":"","header-below-stick-meta":"","astra-migrate-meta-layouts":"default","ast-page-background-enabled":"default","ast-page-background-meta":{"desktop":{"background-color":"","background-image":"","background-repeat":"repeat","background-position":"center center","background-size":"auto","background-attachment":"scroll","background-type":"","background-media":"","overlay-type":"","overlay-color":"","overlay-opacity":"","overlay-gradient":""},"tablet":{"background-color":"","background-image":"","background-repeat":"repeat","background-position":"center center","background-size":"auto","background-attachment":"scroll","background-type":"","background-media":"","overlay-type":"","overlay-color":"","overlay-opacity":"","overlay-gradient":""},"mobile":{"background-color":"","background-image":"","background-repeat":"repeat","background-position":"center center","background-size":"auto","background-attachment":"scroll","background-type":"","background-media":"","overlay-type":"","overlay-color":"","overlay-opacity":"","overlay-gradient":""}},"ast-content-background-meta":{"desktop":{"background-color":"var(--ast-global-color-5)","background-image":"","background-repeat":"repeat","background-position":"center center","background-size":"auto","background-attachment":"scroll","background-type":"","background-media":"","overlay-type":"","overlay-color":"","overlay-opacity":"","overlay-gradient":""},"tablet":{"background-color":"var(--ast-global-color-5)","background-image":"","background-repeat":"repeat","background-position":"center center","background-size":"auto","background-attachment":"scroll","background-type":"","background-media":"","overlay-type":"","overlay-color":"","overlay-opacity":"","overlay-gradient":""},"mobile":{"background-color":"var(--ast-global-color-5)","background-image":"","background-repeat":"repeat","background-position":"center center","background-size":"auto","background-attachment":"scroll","background-type":"","background-media":"","overlay-type":"","overlay-color":"","overlay-opacity":"","overlay-gradient":""}},"ep_exclude_from_search":false,"footnotes":""},"categories":[706],"tags":[],"class_list":["post-49698","post","type-post","status-publish","format-standard","hentry","category-editorial-it"],"acf":[],"yoast_head":"<!-- This site is optimized with the Yoast SEO plugin v27.5 - https:\/\/yoast.com\/product\/yoast-seo-wordpress\/ -->\n<title>IL VIAGGIO VERSO L&#039;ETERNIT\u00c0. Avvicinarci all&#039;altro con il cuore \u00e8 il viaggio pi\u00f9 emozionante e sorprendente della vita. - Web Oficial de Alverto<\/title>\n<meta name=\"robots\" content=\"index, follow, max-snippet:-1, max-image-preview:large, max-video-preview:-1\" \/>\n<link rel=\"canonical\" href=\"https:\/\/www.albertojosevarela.com\/it\/il-viaggio-verso-leternita\/\" \/>\n<meta property=\"og:locale\" content=\"it_IT\" \/>\n<meta property=\"og:type\" content=\"article\" \/>\n<meta property=\"og:title\" content=\"IL VIAGGIO VERSO L&#039;ETERNIT\u00c0. Avvicinarci all&#039;altro con il cuore \u00e8 il viaggio pi\u00f9 emozionante e sorprendente della vita. - Web Oficial de Alverto\" \/>\n<meta property=\"og:description\" content=\"IL VIAGGIO SINCRONICO DI COSCIENZA E SENTIMENTO Attraverso l&#8217;espansione stiamo attraversando tutta l&#8217;esistenza, oltrepassando le barriere dell&#8217;incomprensione. Ti invito a realizzare il viaggio pi\u00f9 misterioso della tua vita. La terra viaggia attorno al suo asse a pi\u00f9 di 1000 km all&#8217;ora, al contempo viaggia intorno al sole a pi\u00f9 di 100.000 Km all&#8217;ora; ma lo [&hellip;]\" \/>\n<meta property=\"og:url\" content=\"https:\/\/www.albertojosevarela.com\/it\/il-viaggio-verso-leternita\/\" \/>\n<meta property=\"og:site_name\" content=\"Web Oficial de Alverto\" \/>\n<meta property=\"article:publisher\" content=\"https:\/\/www.facebook.com\/Alvertojosevarela\" \/>\n<meta property=\"article:author\" content=\"https:\/\/www.facebook.com\/Alvertojosevarela\" \/>\n<meta property=\"article:published_time\" content=\"2017-10-01T08:30:44+00:00\" \/>\n<meta name=\"author\" content=\"Alberto Jos\u00e9 Varela\" \/>\n<meta name=\"twitter:card\" content=\"summary_large_image\" \/>\n<meta name=\"twitter:creator\" content=\"@albertoJ_varela\" \/>\n<meta name=\"twitter:site\" content=\"@albertoJ_varela\" \/>\n<script type=\"application\/ld+json\" class=\"yoast-schema-graph\">{\"@context\":\"https:\\\/\\\/schema.org\",\"@graph\":[{\"@type\":\"Article\",\"@id\":\"https:\\\/\\\/www.albertojosevarela.com\\\/it\\\/il-viaggio-verso-leternita\\\/#article\",\"isPartOf\":{\"@id\":\"https:\\\/\\\/www.albertojosevarela.com\\\/it\\\/il-viaggio-verso-leternita\\\/\"},\"author\":{\"name\":\"Alberto Jos\u00e9 Varela\",\"@id\":\"https:\\\/\\\/www.albertojosevarela.com\\\/it\\\/#\\\/schema\\\/person\\\/6197324b0e48a485e79c32ccad0064d8\"},\"headline\":\"IL VIAGGIO VERSO L&#8217;ETERNIT\u00c0. Avvicinarci all&#8217;altro con il cuore \u00e8 il viaggio pi\u00f9 emozionante e sorprendente della vita.\",\"datePublished\":\"2017-10-01T08:30:44+00:00\",\"mainEntityOfPage\":{\"@id\":\"https:\\\/\\\/www.albertojosevarela.com\\\/it\\\/il-viaggio-verso-leternita\\\/\"},\"wordCount\":1448,\"publisher\":{\"@id\":\"https:\\\/\\\/www.albertojosevarela.com\\\/it\\\/#\\\/schema\\\/person\\\/6197324b0e48a485e79c32ccad0064d8\"},\"articleSection\":[\"Editorial\"],\"inLanguage\":\"it-IT\"},{\"@type\":\"WebPage\",\"@id\":\"https:\\\/\\\/www.albertojosevarela.com\\\/it\\\/il-viaggio-verso-leternita\\\/\",\"url\":\"https:\\\/\\\/www.albertojosevarela.com\\\/it\\\/il-viaggio-verso-leternita\\\/\",\"name\":\"IL VIAGGIO VERSO L'ETERNIT\u00c0. Avvicinarci all'altro con il cuore \u00e8 il viaggio pi\u00f9 emozionante e sorprendente della vita. - Web Oficial de Alverto\",\"isPartOf\":{\"@id\":\"https:\\\/\\\/www.albertojosevarela.com\\\/it\\\/#website\"},\"datePublished\":\"2017-10-01T08:30:44+00:00\",\"breadcrumb\":{\"@id\":\"https:\\\/\\\/www.albertojosevarela.com\\\/it\\\/il-viaggio-verso-leternita\\\/#breadcrumb\"},\"inLanguage\":\"it-IT\",\"potentialAction\":[{\"@type\":\"ReadAction\",\"target\":[\"https:\\\/\\\/www.albertojosevarela.com\\\/it\\\/il-viaggio-verso-leternita\\\/\"]}]},{\"@type\":\"BreadcrumbList\",\"@id\":\"https:\\\/\\\/www.albertojosevarela.com\\\/it\\\/il-viaggio-verso-leternita\\\/#breadcrumb\",\"itemListElement\":[{\"@type\":\"ListItem\",\"position\":1,\"name\":\"Inicio\",\"item\":\"https:\\\/\\\/www.albertojosevarela.com\\\/it\\\/\"},{\"@type\":\"ListItem\",\"position\":2,\"name\":\"Editorial\",\"item\":\"https:\\\/\\\/www.albertojosevarela.com\\\/it\\\/category\\\/editorial-it\\\/\"},{\"@type\":\"ListItem\",\"position\":3,\"name\":\"IL VIAGGIO VERSO L&#8217;ETERNIT\u00c0. Avvicinarci all&#8217;altro con il cuore \u00e8 il viaggio pi\u00f9 emozionante e sorprendente della vita.\"}]},{\"@type\":\"WebSite\",\"@id\":\"https:\\\/\\\/www.albertojosevarela.com\\\/it\\\/#website\",\"url\":\"https:\\\/\\\/www.albertojosevarela.com\\\/it\\\/\",\"name\":\"Web Oficial de Alberto Jos\u00e9 Varela\",\"description\":\"El ser humano evoluciona cuando se mira adentro\",\"publisher\":{\"@id\":\"https:\\\/\\\/www.albertojosevarela.com\\\/it\\\/#\\\/schema\\\/person\\\/6197324b0e48a485e79c32ccad0064d8\"},\"potentialAction\":[{\"@type\":\"SearchAction\",\"target\":{\"@type\":\"EntryPoint\",\"urlTemplate\":\"https:\\\/\\\/www.albertojosevarela.com\\\/it\\\/?s={search_term_string}\"},\"query-input\":{\"@type\":\"PropertyValueSpecification\",\"valueRequired\":true,\"valueName\":\"search_term_string\"}}],\"inLanguage\":\"it-IT\"},{\"@type\":[\"Person\",\"Organization\"],\"@id\":\"https:\\\/\\\/www.albertojosevarela.com\\\/it\\\/#\\\/schema\\\/person\\\/6197324b0e48a485e79c32ccad0064d8\",\"name\":\"Alberto Jos\u00e9 Varela\",\"image\":{\"@type\":\"ImageObject\",\"inLanguage\":\"it-IT\",\"@id\":\"https:\\\/\\\/www.albertojosevarela.com\\\/wp-content\\\/uploads\\\/2020\\\/11\\\/alberto-varela.jpeg\",\"url\":\"https:\\\/\\\/www.albertojosevarela.com\\\/wp-content\\\/uploads\\\/2020\\\/11\\\/alberto-varela.jpeg\",\"contentUrl\":\"https:\\\/\\\/www.albertojosevarela.com\\\/wp-content\\\/uploads\\\/2020\\\/11\\\/alberto-varela.jpeg\",\"width\":682,\"height\":864,\"caption\":\"Alberto Jos\u00e9 Varela\"},\"logo\":{\"@id\":\"https:\\\/\\\/www.albertojosevarela.com\\\/wp-content\\\/uploads\\\/2020\\\/11\\\/alberto-varela.jpeg\"},\"description\":\"Fundador de empresas y organizaciones; creador de t\u00e9cnicas, m\u00e9todos y escuelas; autor de varios libros. Estudiante autodidacta, investigador y conferencista internacional, con una experiencia de m\u00e1s de 40 a\u00f1os en la gesti\u00f3n organizacional y los RRHH. Actualmente crece su influencia en el \u00e1mbito motivacional, terap\u00e9utico y espiritual a ra\u00edz del mensaje evolutivo que transmite.\",\"sameAs\":[\"https:\\\/\\\/www.facebook.com\\\/Alvertojosevarela\",\"https:\\\/\\\/www.instagram.com\\\/albertojose.varela\\\/\",\"https:\\\/\\\/www.linkedin.com\\\/in\\\/alverto-varela\\\/\",\"https:\\\/\\\/x.com\\\/albertoJ_varela\",\"https:\\\/\\\/www.youtube.com\\\/c\\\/AlvertoVarela\"]}]}<\/script>\n<!-- \/ Yoast SEO plugin. -->","yoast_head_json":{"title":"IL VIAGGIO VERSO L'ETERNIT\u00c0. Avvicinarci all'altro con il cuore \u00e8 il viaggio pi\u00f9 emozionante e sorprendente della vita. - Web Oficial de Alverto","robots":{"index":"index","follow":"follow","max-snippet":"max-snippet:-1","max-image-preview":"max-image-preview:large","max-video-preview":"max-video-preview:-1"},"canonical":"https:\/\/www.albertojosevarela.com\/it\/il-viaggio-verso-leternita\/","og_locale":"it_IT","og_type":"article","og_title":"IL VIAGGIO VERSO L'ETERNIT\u00c0. Avvicinarci all'altro con il cuore \u00e8 il viaggio pi\u00f9 emozionante e sorprendente della vita. - Web Oficial de Alverto","og_description":"IL VIAGGIO SINCRONICO DI COSCIENZA E SENTIMENTO Attraverso l&#8217;espansione stiamo attraversando tutta l&#8217;esistenza, oltrepassando le barriere dell&#8217;incomprensione. Ti invito a realizzare il viaggio pi\u00f9 misterioso della tua vita. La terra viaggia attorno al suo asse a pi\u00f9 di 1000 km all&#8217;ora, al contempo viaggia intorno al sole a pi\u00f9 di 100.000 Km all&#8217;ora; ma lo [&hellip;]","og_url":"https:\/\/www.albertojosevarela.com\/it\/il-viaggio-verso-leternita\/","og_site_name":"Web Oficial de Alverto","article_publisher":"https:\/\/www.facebook.com\/Alvertojosevarela","article_author":"https:\/\/www.facebook.com\/Alvertojosevarela","article_published_time":"2017-10-01T08:30:44+00:00","author":"Alberto Jos\u00e9 Varela","twitter_card":"summary_large_image","twitter_creator":"@albertoJ_varela","twitter_site":"@albertoJ_varela","schema":{"@context":"https:\/\/schema.org","@graph":[{"@type":"Article","@id":"https:\/\/www.albertojosevarela.com\/it\/il-viaggio-verso-leternita\/#article","isPartOf":{"@id":"https:\/\/www.albertojosevarela.com\/it\/il-viaggio-verso-leternita\/"},"author":{"name":"Alberto Jos\u00e9 Varela","@id":"https:\/\/www.albertojosevarela.com\/it\/#\/schema\/person\/6197324b0e48a485e79c32ccad0064d8"},"headline":"IL VIAGGIO VERSO L&#8217;ETERNIT\u00c0. Avvicinarci all&#8217;altro con il cuore \u00e8 il viaggio pi\u00f9 emozionante e sorprendente della vita.","datePublished":"2017-10-01T08:30:44+00:00","mainEntityOfPage":{"@id":"https:\/\/www.albertojosevarela.com\/it\/il-viaggio-verso-leternita\/"},"wordCount":1448,"publisher":{"@id":"https:\/\/www.albertojosevarela.com\/it\/#\/schema\/person\/6197324b0e48a485e79c32ccad0064d8"},"articleSection":["Editorial"],"inLanguage":"it-IT"},{"@type":"WebPage","@id":"https:\/\/www.albertojosevarela.com\/it\/il-viaggio-verso-leternita\/","url":"https:\/\/www.albertojosevarela.com\/it\/il-viaggio-verso-leternita\/","name":"IL VIAGGIO VERSO L'ETERNIT\u00c0. Avvicinarci all'altro con il cuore \u00e8 il viaggio pi\u00f9 emozionante e sorprendente della vita. - Web Oficial de Alverto","isPartOf":{"@id":"https:\/\/www.albertojosevarela.com\/it\/#website"},"datePublished":"2017-10-01T08:30:44+00:00","breadcrumb":{"@id":"https:\/\/www.albertojosevarela.com\/it\/il-viaggio-verso-leternita\/#breadcrumb"},"inLanguage":"it-IT","potentialAction":[{"@type":"ReadAction","target":["https:\/\/www.albertojosevarela.com\/it\/il-viaggio-verso-leternita\/"]}]},{"@type":"BreadcrumbList","@id":"https:\/\/www.albertojosevarela.com\/it\/il-viaggio-verso-leternita\/#breadcrumb","itemListElement":[{"@type":"ListItem","position":1,"name":"Inicio","item":"https:\/\/www.albertojosevarela.com\/it\/"},{"@type":"ListItem","position":2,"name":"Editorial","item":"https:\/\/www.albertojosevarela.com\/it\/category\/editorial-it\/"},{"@type":"ListItem","position":3,"name":"IL VIAGGIO VERSO L&#8217;ETERNIT\u00c0. Avvicinarci all&#8217;altro con il cuore \u00e8 il viaggio pi\u00f9 emozionante e sorprendente della vita."}]},{"@type":"WebSite","@id":"https:\/\/www.albertojosevarela.com\/it\/#website","url":"https:\/\/www.albertojosevarela.com\/it\/","name":"Web Oficial de Alberto Jos\u00e9 Varela","description":"El ser humano evoluciona cuando se mira adentro","publisher":{"@id":"https:\/\/www.albertojosevarela.com\/it\/#\/schema\/person\/6197324b0e48a485e79c32ccad0064d8"},"potentialAction":[{"@type":"SearchAction","target":{"@type":"EntryPoint","urlTemplate":"https:\/\/www.albertojosevarela.com\/it\/?s={search_term_string}"},"query-input":{"@type":"PropertyValueSpecification","valueRequired":true,"valueName":"search_term_string"}}],"inLanguage":"it-IT"},{"@type":["Person","Organization"],"@id":"https:\/\/www.albertojosevarela.com\/it\/#\/schema\/person\/6197324b0e48a485e79c32ccad0064d8","name":"Alberto Jos\u00e9 Varela","image":{"@type":"ImageObject","inLanguage":"it-IT","@id":"https:\/\/www.albertojosevarela.com\/wp-content\/uploads\/2020\/11\/alberto-varela.jpeg","url":"https:\/\/www.albertojosevarela.com\/wp-content\/uploads\/2020\/11\/alberto-varela.jpeg","contentUrl":"https:\/\/www.albertojosevarela.com\/wp-content\/uploads\/2020\/11\/alberto-varela.jpeg","width":682,"height":864,"caption":"Alberto Jos\u00e9 Varela"},"logo":{"@id":"https:\/\/www.albertojosevarela.com\/wp-content\/uploads\/2020\/11\/alberto-varela.jpeg"},"description":"Fundador de empresas y organizaciones; creador de t\u00e9cnicas, m\u00e9todos y escuelas; autor de varios libros. Estudiante autodidacta, investigador y conferencista internacional, con una experiencia de m\u00e1s de 40 a\u00f1os en la gesti\u00f3n organizacional y los RRHH. Actualmente crece su influencia en el \u00e1mbito motivacional, terap\u00e9utico y espiritual a ra\u00edz del mensaje evolutivo que transmite.","sameAs":["https:\/\/www.facebook.com\/Alvertojosevarela","https:\/\/www.instagram.com\/albertojose.varela\/","https:\/\/www.linkedin.com\/in\/alverto-varela\/","https:\/\/x.com\/albertoJ_varela","https:\/\/www.youtube.com\/c\/AlvertoVarela"]}]}},"jetpack_featured_media_url":"","_links":{"self":[{"href":"https:\/\/www.albertojosevarela.com\/it\/wp-json\/wp\/v2\/posts\/49698","targetHints":{"allow":["GET"]}}],"collection":[{"href":"https:\/\/www.albertojosevarela.com\/it\/wp-json\/wp\/v2\/posts"}],"about":[{"href":"https:\/\/www.albertojosevarela.com\/it\/wp-json\/wp\/v2\/types\/post"}],"author":[{"embeddable":true,"href":"https:\/\/www.albertojosevarela.com\/it\/wp-json\/wp\/v2\/users\/9"}],"replies":[{"embeddable":true,"href":"https:\/\/www.albertojosevarela.com\/it\/wp-json\/wp\/v2\/comments?post=49698"}],"version-history":[{"count":0,"href":"https:\/\/www.albertojosevarela.com\/it\/wp-json\/wp\/v2\/posts\/49698\/revisions"}],"wp:attachment":[{"href":"https:\/\/www.albertojosevarela.com\/it\/wp-json\/wp\/v2\/media?parent=49698"}],"wp:term":[{"taxonomy":"category","embeddable":true,"href":"https:\/\/www.albertojosevarela.com\/it\/wp-json\/wp\/v2\/categories?post=49698"},{"taxonomy":"post_tag","embeddable":true,"href":"https:\/\/www.albertojosevarela.com\/it\/wp-json\/wp\/v2\/tags?post=49698"}],"curies":[{"name":"wp","href":"https:\/\/api.w.org\/{rel}","templated":true}]}}