{"id":49710,"date":"2017-10-25T13:18:17","date_gmt":"2017-10-25T11:18:17","guid":{"rendered":"https:\/\/www.albertojosevarela.com\/seminari-con-uso-di-sostanze-naturali-e-ancestrali\/"},"modified":"2017-10-25T13:18:17","modified_gmt":"2017-10-25T11:18:17","slug":"seminari-con-uso-di-sostanze-naturali-e-ancestrali","status":"publish","type":"post","link":"https:\/\/www.albertojosevarela.com\/it\/seminari-con-uso-di-sostanze-naturali-e-ancestrali\/","title":{"rendered":"CI STIAMO AVVICINANDO SEMPRE PI\u00d9 ALLE PERSONE. In decine di citt\u00e0 in America ed Europa abbiamo dato il via ai nostri Seminari con uso di sostanze naturali e ancestrali."},"content":{"rendered":"<h1 style=\"text-align: justify;\"><span style=\"color: #ff6600;\"><strong>UNA POSSIBILIT\u00c0 CHE TI OFFRIAMO SECONDO LE TUE ESIGENZE<\/strong><\/span><\/h1>\n<h2 style=\"text-align: justify;\"><em><strong>Questi seminari con uso di Bufo Alvarius, e\/o Kamb\u00f3 e\/o Yopo hanno una durata che varia tra le 4 e le 6 ore e sono tenuti da facilitatori esperti della Inner Mastery International\u00ae.<\/strong><\/em><\/h2>\n<p style=\"text-align: justify;\">PORTIAMO VICINO A TE, DALLA COLOMBIA, BRASILE, VENEZUELA, MESSICO E AFRICA, I RIMEDI SCIAMANICI PI\u00d9 POTENTI: Ayahuasca, Iboga, Bufo Alvarius, Kamb\u00f3 e Yopo. In questi seminari, per\u00f2, non utilizziamo l&#8217;Ayahuasca n\u00e8 l&#8217;Iboga, poich\u00e9 richiedono un processo di molte pi\u00f9 ore, con una preparazione e una successiva integrazione molto profonde, che portiamo avanti con cura durante i ritiri da 2 a 5 giorni che organizziamo nei fine settimana.<\/p>\n<p style=\"text-align: justify;\">Inoltre, a seconda della legislazione di ogni singolo paese, utilizziamo i rimedi sciamanici che non siano proibiti a livello locale: Bufo Alvarius, Kamb\u00f3, Yopo e altre sostanze naturali come i Rap\u00e9 brasiliani, Ambil, etc.<\/p>\n<p style=\"text-align: justify;\">Realizziamo i nostri ritiri di evoluzione interiore &#8211; pi\u00f9 di 300 &#8211; in confortevoli case fuori dalle citt\u00e0 e immerse nella natura; ad essi partecipano migliaia di partecipanti, ma molti ci hanno chiesto di realizzare incontri in luoghi pi\u00f9 vicini alle loro residenze e nei quali non sia necessario pernottare. Per questo da sei mesi abbiamo iniziato a sperimentare questo nuovo format in Argentina, con un successo che ci ha sorpreso, poich\u00e9 i gruppi sono piccoli (mediamente di 10 persone) e si pu\u00f2 quindi svolgere un lavoro profondo in 4 \u2013 6 ore utilizzando varie sostanze (non proibite) che producono disintossicazione fisica, sblocco emozionale e connessione spirituale, all&#8217;interno di un processo controllato che permette ai partecipanti di poter tornare a casa a dormire e poter quindi proseguire le proprie attivit\u00e0 il giorno seguente.<\/p>\n<p>&nbsp;<\/p>\n<p style=\"text-align: justify;\"><strong>PER CHI SONO QUESTI SEMINARI? <\/strong><\/p>\n<p style=\"text-align: justify;\">1-Per tutte le persone che non possono partecipare ai ritiri nel fine settimana.<\/p>\n<p style=\"text-align: justify;\">2-Per partecipanti dei ritiri che vogliono proseguire il loro processo.<\/p>\n<p style=\"text-align: justify;\">3-Per persone che prima di venire a un ritiro vogliono svolgere una sessione con noi e prendere contatto con le sostanze e con questo tipo di esperienza.<\/p>\n<p style=\"text-align: justify;\">Sappiamo come, per andare pi\u00f9 in profondit\u00e0, sia necessario partecipare a ritiri di almeno 2 giorni e 2 notti, ma questa nuova modalit\u00e0, per alcune persone, favorisce l&#8217;inizio di questo cammino di ricerca interiore e, inoltre, permette di supportare coloro che hanno gi\u00e0 iniziato il loro processo nei ritiri e desiderano continuarlo nelle settimane seguenti.<\/p>\n<p style=\"text-align: justify;\">Questi seminari stanno decisamente rappresentando un complemento ideale per i processi che si attivano nei ritiri di evoluzione interiore con uso terapeutico di Ayahuasca, Bufo Alvarius, Kamb\u00f3 e Yopo, sia che si partecipi prima o dopo un ritiro.<\/p>\n<p style=\"text-align: justify;\">Gli incontri che si svolgono nelle citt\u00e0 sono stati progettati in modo da risultare accessibili e comodi per i partecipanti, con un prezzo inferiore a quello dei ritiri e mantenendo lo stesso livello di qualit\u00e0 elevata.<\/p>\n<p style=\"text-align: justify;\">La maniera precisa e assertiva di lavorare con queste sostanze \u2013 utilizziamo dosi ben determinate per ogni partecipante \u2013 sommata all&#8217;approccio terapeutico da noi impostato e implementato, stanno portando risposte e soluzioni a migliaia di persone in tutto il mondo.<\/p>\n<p>&nbsp;<\/p>\n<p style=\"text-align: justify;\">Se vuoi essere una delle persone che stanno dando una svolta alla loro vita trasformandola positivamente scrivi a :<\/p>\n<p style=\"text-align: justify;\">italia@albertojosevarela.com<\/p>\n<p style=\"text-align: justify;\">Il costo del seminario di 4 &#8211; 6 ore con la possibilit\u00e0 di utilizzare Rape, Ambil e una \u00a0sostanz a tua scelta (Bufo Alvarius, Kamb\u00f3 o Yopo) \u00e8 di 175\u20ac; con pagamento anticipato il costo \u00e8 di 155\u20ac.<\/p>\n<p>&nbsp;<\/p>\n<p style=\"text-align: justify;\"><span style=\"color: #ff6600;\"><strong>PROGRAMMA DEL SEMINARIO<\/strong><\/span><\/p>\n<p style=\"text-align: justify;\">Ci sono seminari che vengono realizzati di mattina, altri di pomeriggio o a volte in entrambi gli orari, a seconda del giorno della settimana, del periodo dell&#8217;anno e del numero di persone presenti. Tutti i partecipanti possono assistere ai processi dei loro compagni, immergendosi nel clima di gruppo e di supporto, indipendentemente dal rimedio ancestrale che scelgano per svolgere la propria esperienza.<\/p>\n<p>&nbsp;<\/p>\n<p style=\"text-align: justify;\"><strong>PROGRAMMA DEI SEMINARI MATTUTINI<\/strong><\/p>\n<p style=\"text-align: justify;\">9:00 \u00a0 Registrazione e accoglienza.<\/p>\n<p style=\"text-align: justify;\">10:00\u00a0 Preparazione psicoemotiva, tecniche di respirazione e blocchi.<\/p>\n<p style=\"text-align: justify;\">11:30\u00a0 Sessione di Kamb\u00f3\/ Sessione di Bufo\/ Sessione di Yopo.<\/p>\n<p style=\"text-align: justify;\">2:00\u00a0 Integrazione terapeutica.<\/p>\n<p style=\"text-align: justify;\">3:00\u00a0\u00a0 Chiusura.<\/p>\n<p>&nbsp;<\/p>\n<p style=\"text-align: justify;\"><strong>PROGRAMMA DEI SEMINARI POMERIDIANI<\/strong><\/p>\n<p style=\"text-align: justify;\">17:00 \u00a0\u00a0 Registrazione e accoglienza.18:00\u00a0 Preparazione psicoemotiva, tecniche di respirazione e blocchi.<\/p>\n<p style=\"text-align: justify;\">19:30\u00a0 Sessione di Kamb\u00f3\/ Sessione di Bufo\/ Sessione di Yopo.<\/p>\n<p style=\"text-align: justify;\">22:00\u00a0 Integrazione terapeutica.<\/p>\n<p style=\"text-align: justify;\">23:00 Chiusura.<\/p>\n","protected":false},"excerpt":{"rendered":"<p>UNA POSSIBILIT\u00c0 CHE TI OFFRIAMO SECONDO LE TUE ESIGENZE Questi seminari con uso di Bufo Alvarius, e\/o Kamb\u00f3 e\/o Yopo hanno una durata che varia tra le 4 e le 6 ore e sono tenuti da facilitatori esperti della Inner Mastery International\u00ae. PORTIAMO VICINO A TE, DALLA COLOMBIA, BRASILE, VENEZUELA, MESSICO E AFRICA, I RIMEDI [&hellip;]<\/p>\n","protected":false},"author":9,"featured_media":0,"comment_status":"closed","ping_status":"closed","sticky":false,"template":"","format":"standard","meta":{"_acf_changed":false,"site-sidebar-layout":"default","site-content-layout":"","ast-site-content-layout":"default","site-content-style":"default","site-sidebar-style":"default","ast-global-header-display":"","ast-banner-title-visibility":"","ast-main-header-display":"","ast-hfb-above-header-display":"","ast-hfb-below-header-display":"","ast-hfb-mobile-header-display":"","site-post-title":"","ast-breadcrumbs-content":"","ast-featured-img":"","footer-sml-layout":"","theme-transparent-header-meta":"","adv-header-id-meta":"","stick-header-meta":"","header-above-stick-meta":"","header-main-stick-meta":"","header-below-stick-meta":"","astra-migrate-meta-layouts":"default","ast-page-background-enabled":"default","ast-page-background-meta":{"desktop":{"background-color":"","background-image":"","background-repeat":"repeat","background-position":"center center","background-size":"auto","background-attachment":"scroll","background-type":"","background-media":"","overlay-type":"","overlay-color":"","overlay-opacity":"","overlay-gradient":""},"tablet":{"background-color":"","background-image":"","background-repeat":"repeat","background-position":"center center","background-size":"auto","background-attachment":"scroll","background-type":"","background-media":"","overlay-type":"","overlay-color":"","overlay-opacity":"","overlay-gradient":""},"mobile":{"background-color":"","background-image":"","background-repeat":"repeat","background-position":"center center","background-size":"auto","background-attachment":"scroll","background-type":"","background-media":"","overlay-type":"","overlay-color":"","overlay-opacity":"","overlay-gradient":""}},"ast-content-background-meta":{"desktop":{"background-color":"var(--ast-global-color-5)","background-image":"","background-repeat":"repeat","background-position":"center center","background-size":"auto","background-attachment":"scroll","background-type":"","background-media":"","overlay-type":"","overlay-color":"","overlay-opacity":"","overlay-gradient":""},"tablet":{"background-color":"var(--ast-global-color-5)","background-image":"","background-repeat":"repeat","background-position":"center center","background-size":"auto","background-attachment":"scroll","background-type":"","background-media":"","overlay-type":"","overlay-color":"","overlay-opacity":"","overlay-gradient":""},"mobile":{"background-color":"var(--ast-global-color-5)","background-image":"","background-repeat":"repeat","background-position":"center center","background-size":"auto","background-attachment":"scroll","background-type":"","background-media":"","overlay-type":"","overlay-color":"","overlay-opacity":"","overlay-gradient":""}},"ep_exclude_from_search":false,"footnotes":""},"categories":[705],"tags":[],"class_list":["post-49710","post","type-post","status-publish","format-standard","hentry","category-destacado-it"],"acf":[],"yoast_head":"<!-- This site is optimized with the Yoast SEO plugin v27.5 - https:\/\/yoast.com\/product\/yoast-seo-wordpress\/ -->\n<title>CI STIAMO AVVICINANDO SEMPRE PI\u00d9 ALLE PERSONE. In decine di citt\u00e0 in America ed Europa abbiamo dato il via ai nostri Seminari con uso di sostanze naturali e ancestrali. - Web Oficial de Alverto<\/title>\n<meta name=\"robots\" content=\"index, follow, max-snippet:-1, max-image-preview:large, max-video-preview:-1\" \/>\n<link rel=\"canonical\" href=\"https:\/\/www.albertojosevarela.com\/it\/seminari-con-uso-di-sostanze-naturali-e-ancestrali\/\" \/>\n<meta property=\"og:locale\" content=\"it_IT\" \/>\n<meta property=\"og:type\" content=\"article\" \/>\n<meta property=\"og:title\" content=\"CI STIAMO AVVICINANDO SEMPRE PI\u00d9 ALLE PERSONE. In decine di citt\u00e0 in America ed Europa abbiamo dato il via ai nostri Seminari con uso di sostanze naturali e ancestrali. - Web Oficial de Alverto\" \/>\n<meta property=\"og:description\" content=\"UNA POSSIBILIT\u00c0 CHE TI OFFRIAMO SECONDO LE TUE ESIGENZE Questi seminari con uso di Bufo Alvarius, e\/o Kamb\u00f3 e\/o Yopo hanno una durata che varia tra le 4 e le 6 ore e sono tenuti da facilitatori esperti della Inner Mastery International\u00ae. PORTIAMO VICINO A TE, DALLA COLOMBIA, BRASILE, VENEZUELA, MESSICO E AFRICA, I RIMEDI [&hellip;]\" \/>\n<meta property=\"og:url\" content=\"https:\/\/www.albertojosevarela.com\/it\/seminari-con-uso-di-sostanze-naturali-e-ancestrali\/\" \/>\n<meta property=\"og:site_name\" content=\"Web Oficial de Alverto\" \/>\n<meta property=\"article:publisher\" content=\"https:\/\/www.facebook.com\/Alvertojosevarela\" \/>\n<meta property=\"article:author\" content=\"https:\/\/www.facebook.com\/Alvertojosevarela\" \/>\n<meta property=\"article:published_time\" content=\"2017-10-25T11:18:17+00:00\" \/>\n<meta name=\"author\" content=\"Alberto Jos\u00e9 Varela\" \/>\n<meta name=\"twitter:card\" content=\"summary_large_image\" \/>\n<meta name=\"twitter:creator\" content=\"@albertoJ_varela\" \/>\n<meta name=\"twitter:site\" content=\"@albertoJ_varela\" \/>\n<script type=\"application\/ld+json\" class=\"yoast-schema-graph\">{\"@context\":\"https:\\\/\\\/schema.org\",\"@graph\":[{\"@type\":\"Article\",\"@id\":\"https:\\\/\\\/www.albertojosevarela.com\\\/it\\\/seminari-con-uso-di-sostanze-naturali-e-ancestrali\\\/#article\",\"isPartOf\":{\"@id\":\"https:\\\/\\\/www.albertojosevarela.com\\\/it\\\/seminari-con-uso-di-sostanze-naturali-e-ancestrali\\\/\"},\"author\":{\"name\":\"Alberto Jos\u00e9 Varela\",\"@id\":\"https:\\\/\\\/www.albertojosevarela.com\\\/it\\\/#\\\/schema\\\/person\\\/6197324b0e48a485e79c32ccad0064d8\"},\"headline\":\"CI STIAMO AVVICINANDO SEMPRE PI\u00d9 ALLE PERSONE. In decine di citt\u00e0 in America ed Europa abbiamo dato il via ai nostri Seminari con uso di sostanze naturali e ancestrali.\",\"datePublished\":\"2017-10-25T11:18:17+00:00\",\"mainEntityOfPage\":{\"@id\":\"https:\\\/\\\/www.albertojosevarela.com\\\/it\\\/seminari-con-uso-di-sostanze-naturali-e-ancestrali\\\/\"},\"wordCount\":699,\"publisher\":{\"@id\":\"https:\\\/\\\/www.albertojosevarela.com\\\/it\\\/#\\\/schema\\\/person\\\/6197324b0e48a485e79c32ccad0064d8\"},\"articleSection\":[\"Destacado\"],\"inLanguage\":\"it-IT\"},{\"@type\":\"WebPage\",\"@id\":\"https:\\\/\\\/www.albertojosevarela.com\\\/it\\\/seminari-con-uso-di-sostanze-naturali-e-ancestrali\\\/\",\"url\":\"https:\\\/\\\/www.albertojosevarela.com\\\/it\\\/seminari-con-uso-di-sostanze-naturali-e-ancestrali\\\/\",\"name\":\"CI STIAMO AVVICINANDO SEMPRE PI\u00d9 ALLE PERSONE. In decine di citt\u00e0 in America ed Europa abbiamo dato il via ai nostri Seminari con uso di sostanze naturali e ancestrali. - Web Oficial de Alverto\",\"isPartOf\":{\"@id\":\"https:\\\/\\\/www.albertojosevarela.com\\\/it\\\/#website\"},\"datePublished\":\"2017-10-25T11:18:17+00:00\",\"breadcrumb\":{\"@id\":\"https:\\\/\\\/www.albertojosevarela.com\\\/it\\\/seminari-con-uso-di-sostanze-naturali-e-ancestrali\\\/#breadcrumb\"},\"inLanguage\":\"it-IT\",\"potentialAction\":[{\"@type\":\"ReadAction\",\"target\":[\"https:\\\/\\\/www.albertojosevarela.com\\\/it\\\/seminari-con-uso-di-sostanze-naturali-e-ancestrali\\\/\"]}]},{\"@type\":\"BreadcrumbList\",\"@id\":\"https:\\\/\\\/www.albertojosevarela.com\\\/it\\\/seminari-con-uso-di-sostanze-naturali-e-ancestrali\\\/#breadcrumb\",\"itemListElement\":[{\"@type\":\"ListItem\",\"position\":1,\"name\":\"Inicio\",\"item\":\"https:\\\/\\\/www.albertojosevarela.com\\\/it\\\/\"},{\"@type\":\"ListItem\",\"position\":2,\"name\":\"Destacado\",\"item\":\"https:\\\/\\\/www.albertojosevarela.com\\\/it\\\/category\\\/destacado-it\\\/\"},{\"@type\":\"ListItem\",\"position\":3,\"name\":\"CI STIAMO AVVICINANDO SEMPRE PI\u00d9 ALLE PERSONE. In decine di citt\u00e0 in America ed Europa abbiamo dato il via ai nostri Seminari con uso di sostanze naturali e ancestrali.\"}]},{\"@type\":\"WebSite\",\"@id\":\"https:\\\/\\\/www.albertojosevarela.com\\\/it\\\/#website\",\"url\":\"https:\\\/\\\/www.albertojosevarela.com\\\/it\\\/\",\"name\":\"Web Oficial de Alberto Jos\u00e9 Varela\",\"description\":\"El ser humano evoluciona cuando se mira adentro\",\"publisher\":{\"@id\":\"https:\\\/\\\/www.albertojosevarela.com\\\/it\\\/#\\\/schema\\\/person\\\/6197324b0e48a485e79c32ccad0064d8\"},\"potentialAction\":[{\"@type\":\"SearchAction\",\"target\":{\"@type\":\"EntryPoint\",\"urlTemplate\":\"https:\\\/\\\/www.albertojosevarela.com\\\/it\\\/?s={search_term_string}\"},\"query-input\":{\"@type\":\"PropertyValueSpecification\",\"valueRequired\":true,\"valueName\":\"search_term_string\"}}],\"inLanguage\":\"it-IT\"},{\"@type\":[\"Person\",\"Organization\"],\"@id\":\"https:\\\/\\\/www.albertojosevarela.com\\\/it\\\/#\\\/schema\\\/person\\\/6197324b0e48a485e79c32ccad0064d8\",\"name\":\"Alberto Jos\u00e9 Varela\",\"image\":{\"@type\":\"ImageObject\",\"inLanguage\":\"it-IT\",\"@id\":\"https:\\\/\\\/www.albertojosevarela.com\\\/wp-content\\\/uploads\\\/2020\\\/11\\\/alberto-varela.jpeg\",\"url\":\"https:\\\/\\\/www.albertojosevarela.com\\\/wp-content\\\/uploads\\\/2020\\\/11\\\/alberto-varela.jpeg\",\"contentUrl\":\"https:\\\/\\\/www.albertojosevarela.com\\\/wp-content\\\/uploads\\\/2020\\\/11\\\/alberto-varela.jpeg\",\"width\":682,\"height\":864,\"caption\":\"Alberto Jos\u00e9 Varela\"},\"logo\":{\"@id\":\"https:\\\/\\\/www.albertojosevarela.com\\\/wp-content\\\/uploads\\\/2020\\\/11\\\/alberto-varela.jpeg\"},\"description\":\"Fundador de empresas y organizaciones; creador de t\u00e9cnicas, m\u00e9todos y escuelas; autor de varios libros. Estudiante autodidacta, investigador y conferencista internacional, con una experiencia de m\u00e1s de 40 a\u00f1os en la gesti\u00f3n organizacional y los RRHH. Actualmente crece su influencia en el \u00e1mbito motivacional, terap\u00e9utico y espiritual a ra\u00edz del mensaje evolutivo que transmite.\",\"sameAs\":[\"https:\\\/\\\/www.facebook.com\\\/Alvertojosevarela\",\"https:\\\/\\\/www.instagram.com\\\/albertojose.varela\\\/\",\"https:\\\/\\\/www.linkedin.com\\\/in\\\/alverto-varela\\\/\",\"https:\\\/\\\/x.com\\\/albertoJ_varela\",\"https:\\\/\\\/www.youtube.com\\\/c\\\/AlvertoVarela\"]}]}<\/script>\n<!-- \/ Yoast SEO plugin. -->","yoast_head_json":{"title":"CI STIAMO AVVICINANDO SEMPRE PI\u00d9 ALLE PERSONE. In decine di citt\u00e0 in America ed Europa abbiamo dato il via ai nostri Seminari con uso di sostanze naturali e ancestrali. - Web Oficial de Alverto","robots":{"index":"index","follow":"follow","max-snippet":"max-snippet:-1","max-image-preview":"max-image-preview:large","max-video-preview":"max-video-preview:-1"},"canonical":"https:\/\/www.albertojosevarela.com\/it\/seminari-con-uso-di-sostanze-naturali-e-ancestrali\/","og_locale":"it_IT","og_type":"article","og_title":"CI STIAMO AVVICINANDO SEMPRE PI\u00d9 ALLE PERSONE. In decine di citt\u00e0 in America ed Europa abbiamo dato il via ai nostri Seminari con uso di sostanze naturali e ancestrali. - Web Oficial de Alverto","og_description":"UNA POSSIBILIT\u00c0 CHE TI OFFRIAMO SECONDO LE TUE ESIGENZE Questi seminari con uso di Bufo Alvarius, e\/o Kamb\u00f3 e\/o Yopo hanno una durata che varia tra le 4 e le 6 ore e sono tenuti da facilitatori esperti della Inner Mastery International\u00ae. PORTIAMO VICINO A TE, DALLA COLOMBIA, BRASILE, VENEZUELA, MESSICO E AFRICA, I RIMEDI [&hellip;]","og_url":"https:\/\/www.albertojosevarela.com\/it\/seminari-con-uso-di-sostanze-naturali-e-ancestrali\/","og_site_name":"Web Oficial de Alverto","article_publisher":"https:\/\/www.facebook.com\/Alvertojosevarela","article_author":"https:\/\/www.facebook.com\/Alvertojosevarela","article_published_time":"2017-10-25T11:18:17+00:00","author":"Alberto Jos\u00e9 Varela","twitter_card":"summary_large_image","twitter_creator":"@albertoJ_varela","twitter_site":"@albertoJ_varela","schema":{"@context":"https:\/\/schema.org","@graph":[{"@type":"Article","@id":"https:\/\/www.albertojosevarela.com\/it\/seminari-con-uso-di-sostanze-naturali-e-ancestrali\/#article","isPartOf":{"@id":"https:\/\/www.albertojosevarela.com\/it\/seminari-con-uso-di-sostanze-naturali-e-ancestrali\/"},"author":{"name":"Alberto Jos\u00e9 Varela","@id":"https:\/\/www.albertojosevarela.com\/it\/#\/schema\/person\/6197324b0e48a485e79c32ccad0064d8"},"headline":"CI STIAMO AVVICINANDO SEMPRE PI\u00d9 ALLE PERSONE. In decine di citt\u00e0 in America ed Europa abbiamo dato il via ai nostri Seminari con uso di sostanze naturali e ancestrali.","datePublished":"2017-10-25T11:18:17+00:00","mainEntityOfPage":{"@id":"https:\/\/www.albertojosevarela.com\/it\/seminari-con-uso-di-sostanze-naturali-e-ancestrali\/"},"wordCount":699,"publisher":{"@id":"https:\/\/www.albertojosevarela.com\/it\/#\/schema\/person\/6197324b0e48a485e79c32ccad0064d8"},"articleSection":["Destacado"],"inLanguage":"it-IT"},{"@type":"WebPage","@id":"https:\/\/www.albertojosevarela.com\/it\/seminari-con-uso-di-sostanze-naturali-e-ancestrali\/","url":"https:\/\/www.albertojosevarela.com\/it\/seminari-con-uso-di-sostanze-naturali-e-ancestrali\/","name":"CI STIAMO AVVICINANDO SEMPRE PI\u00d9 ALLE PERSONE. In decine di citt\u00e0 in America ed Europa abbiamo dato il via ai nostri Seminari con uso di sostanze naturali e ancestrali. - Web Oficial de Alverto","isPartOf":{"@id":"https:\/\/www.albertojosevarela.com\/it\/#website"},"datePublished":"2017-10-25T11:18:17+00:00","breadcrumb":{"@id":"https:\/\/www.albertojosevarela.com\/it\/seminari-con-uso-di-sostanze-naturali-e-ancestrali\/#breadcrumb"},"inLanguage":"it-IT","potentialAction":[{"@type":"ReadAction","target":["https:\/\/www.albertojosevarela.com\/it\/seminari-con-uso-di-sostanze-naturali-e-ancestrali\/"]}]},{"@type":"BreadcrumbList","@id":"https:\/\/www.albertojosevarela.com\/it\/seminari-con-uso-di-sostanze-naturali-e-ancestrali\/#breadcrumb","itemListElement":[{"@type":"ListItem","position":1,"name":"Inicio","item":"https:\/\/www.albertojosevarela.com\/it\/"},{"@type":"ListItem","position":2,"name":"Destacado","item":"https:\/\/www.albertojosevarela.com\/it\/category\/destacado-it\/"},{"@type":"ListItem","position":3,"name":"CI STIAMO AVVICINANDO SEMPRE PI\u00d9 ALLE PERSONE. In decine di citt\u00e0 in America ed Europa abbiamo dato il via ai nostri Seminari con uso di sostanze naturali e ancestrali."}]},{"@type":"WebSite","@id":"https:\/\/www.albertojosevarela.com\/it\/#website","url":"https:\/\/www.albertojosevarela.com\/it\/","name":"Web Oficial de Alberto Jos\u00e9 Varela","description":"El ser humano evoluciona cuando se mira adentro","publisher":{"@id":"https:\/\/www.albertojosevarela.com\/it\/#\/schema\/person\/6197324b0e48a485e79c32ccad0064d8"},"potentialAction":[{"@type":"SearchAction","target":{"@type":"EntryPoint","urlTemplate":"https:\/\/www.albertojosevarela.com\/it\/?s={search_term_string}"},"query-input":{"@type":"PropertyValueSpecification","valueRequired":true,"valueName":"search_term_string"}}],"inLanguage":"it-IT"},{"@type":["Person","Organization"],"@id":"https:\/\/www.albertojosevarela.com\/it\/#\/schema\/person\/6197324b0e48a485e79c32ccad0064d8","name":"Alberto Jos\u00e9 Varela","image":{"@type":"ImageObject","inLanguage":"it-IT","@id":"https:\/\/www.albertojosevarela.com\/wp-content\/uploads\/2020\/11\/alberto-varela.jpeg","url":"https:\/\/www.albertojosevarela.com\/wp-content\/uploads\/2020\/11\/alberto-varela.jpeg","contentUrl":"https:\/\/www.albertojosevarela.com\/wp-content\/uploads\/2020\/11\/alberto-varela.jpeg","width":682,"height":864,"caption":"Alberto Jos\u00e9 Varela"},"logo":{"@id":"https:\/\/www.albertojosevarela.com\/wp-content\/uploads\/2020\/11\/alberto-varela.jpeg"},"description":"Fundador de empresas y organizaciones; creador de t\u00e9cnicas, m\u00e9todos y escuelas; autor de varios libros. Estudiante autodidacta, investigador y conferencista internacional, con una experiencia de m\u00e1s de 40 a\u00f1os en la gesti\u00f3n organizacional y los RRHH. Actualmente crece su influencia en el \u00e1mbito motivacional, terap\u00e9utico y espiritual a ra\u00edz del mensaje evolutivo que transmite.","sameAs":["https:\/\/www.facebook.com\/Alvertojosevarela","https:\/\/www.instagram.com\/albertojose.varela\/","https:\/\/www.linkedin.com\/in\/alverto-varela\/","https:\/\/x.com\/albertoJ_varela","https:\/\/www.youtube.com\/c\/AlvertoVarela"]}]}},"jetpack_featured_media_url":"","_links":{"self":[{"href":"https:\/\/www.albertojosevarela.com\/it\/wp-json\/wp\/v2\/posts\/49710","targetHints":{"allow":["GET"]}}],"collection":[{"href":"https:\/\/www.albertojosevarela.com\/it\/wp-json\/wp\/v2\/posts"}],"about":[{"href":"https:\/\/www.albertojosevarela.com\/it\/wp-json\/wp\/v2\/types\/post"}],"author":[{"embeddable":true,"href":"https:\/\/www.albertojosevarela.com\/it\/wp-json\/wp\/v2\/users\/9"}],"replies":[{"embeddable":true,"href":"https:\/\/www.albertojosevarela.com\/it\/wp-json\/wp\/v2\/comments?post=49710"}],"version-history":[{"count":0,"href":"https:\/\/www.albertojosevarela.com\/it\/wp-json\/wp\/v2\/posts\/49710\/revisions"}],"wp:attachment":[{"href":"https:\/\/www.albertojosevarela.com\/it\/wp-json\/wp\/v2\/media?parent=49710"}],"wp:term":[{"taxonomy":"category","embeddable":true,"href":"https:\/\/www.albertojosevarela.com\/it\/wp-json\/wp\/v2\/categories?post=49710"},{"taxonomy":"post_tag","embeddable":true,"href":"https:\/\/www.albertojosevarela.com\/it\/wp-json\/wp\/v2\/tags?post=49710"}],"curies":[{"name":"wp","href":"https:\/\/api.w.org\/{rel}","templated":true}]}}