{"id":49711,"date":"2017-10-22T13:53:12","date_gmt":"2017-10-22T11:53:12","guid":{"rendered":"https:\/\/www.albertojosevarela.com\/ho-ritrovato-me-stesso-oggi-so-chi-sono\/"},"modified":"2017-10-22T13:53:12","modified_gmt":"2017-10-22T11:53:12","slug":"ho-ritrovato-me-stesso-oggi-so-chi-sono","status":"publish","type":"post","link":"https:\/\/www.albertojosevarela.com\/it\/ho-ritrovato-me-stesso-oggi-so-chi-sono\/","title":{"rendered":"TESTIMONIANZA DI UN PARTECIPANTE A UN RITIRO RITIRO INTEGRATIVO DI INNER MASTERY A MALLORCA, SPAGNA. \u201cHo ritrovato me stesso, oggi so chi Sono\u201d. Ismael V\u00e1zquez Rey"},"content":{"rendered":"<h1><span style=\"color: #ff6600;\"><strong>HO SOFFERTO ABBASTANZA, NON VOGLIO PI\u00d9 NUOTARE CONTRO CORRENTE, VOGLIO FLUIRE<\/strong><\/span><\/h1>\n<h2><strong><em>Il mio cuore torna a battere e si riempie di emozione, oggi finalmente sento di nuovo<\/em><\/strong><\/h2>\n<p>&nbsp;<\/p>\n<p style=\"text-align: justify;\"><em>Oggi vorrei condividere con tutti voi questo momento di ispirazione, poich\u00e9 sul cammino verso la libert\u00e0 vi \u00e8 la comprensione.<\/em><\/p>\n<p style=\"text-align: justify;\"><em>Ieri ho ritrovato me stesso, oggi so chi Sono. <\/em><\/p>\n<p style=\"text-align: justify;\"><em>Domani \u00e8 adesso, e il mio cervello \u00e8 una calcolatrice che ha smesso di calcolare, che semplicemente si lascia portare, che semplicemente ha lasciato perdere, che ha gi\u00e0 sofferto troppo e adesso \u00e8 il momento di amare e perdonare, per apprendere che non c&#8217;\u00e8 nulla da apprendere, che tutto quello che ho bisogno di sapere risiede nell&#8217;essere. Lasciarmi andare, fluire&#8230;<\/em><\/p>\n<p style=\"text-align: justify;\"><em>Fluire nel sentiero dell&#8217;illusione, trovare l&#8217;amore dentro di me, avvolto dalle fiamme della passione, dove da lungo tempo era scomparso nascosto in un cassetto, l\u00ec nel fondo del mio subconscio, l&#8217;amore \u00e8 una decisione vivente, ora basta con il nuotare contro corrente. Oggi arde nelle fiamme il mio interiore, oggi mi sento migliore, con voglia di vivere come non mai, con molti sogni da realizzare, per \u201ctrovare te amore mio\u201d, il mio cuore torna a battere e si riempie di emozione, oggi finalmente sento di nuovo\u2026 S\u00ec sono sveglio, lo sono, finalmente oggi mi sono aperto, finalmente capisco la comprensione, finalmente sento me stesso, finalmente mi incontro, con il mio pensiero mi sono fatto del male cos\u00ec tante volte\u2026 Posso\u00a0 solamente dirmi che mi dispiace. Chiedo perdono a me stesso, mi amo, e ringrazio dio per essermi ritrovato, lasciando da parte il cinismo, il dolore, abbracciando nuovamente l&#8217;amore. Oggi dichiaro che tutti siamo uno, oggi dichiaro che sono dio, oggi mi abbandono all&#8217;amore e sconfiggo la paura, non dir\u00f2 mai pi\u00f9 \u201cnon posso\u201d n\u00e9 mi dileguer\u00f2, e tanto meno ti compiacer\u00f2 se non avr\u00f2 voglia. Sono il padrone della mia vita, io sono l&#8217;immaginazione, la felicit\u00e0 infinita, oggi sono pura dinamite dentro di me, io sono dio e dio \u00e8 me. Rimane un lungo cammino da fare, sebbene non debba farlo da solo, camminer\u00f2 con dio al mio fianco ed \u00e8 un piacere, da qualche giorno sono rinato. Oggi dichiaro di non essere mai stato meglio, oggi dichiaro che mi sento bene. GRAZIE MILLE!! PERCH\u00c9\u00a0OGGI MI SENTO RIGENERATO, POICH\u00c9\u00a0SONO NATO NUOVAMENTE!!!<\/em><\/p>\n<p style=\"text-align: justify;\"><em>(Vorrei ringraziare Ayahuasca International per il trattamento ricevuto nel ritiro, e in particolar modo Bruno Maroto e Ennio per il loro stupendo lavoro come facilitatori, dato che senza di loro l&#8217;incontro con me stesso non sarebbe stato possibile. Senza dubbio loro sono due angeli caduti dal cielo\u2026 Grazie di cuore a entrambi.)<\/em><\/p>\n<p><em><strong>Ismael V\u00e1zquez Rey<\/strong><\/em><\/p>\n<p>&nbsp;<\/p>\n<p>&nbsp;<\/p>\n","protected":false},"excerpt":{"rendered":"<p>HO SOFFERTO ABBASTANZA, NON VOGLIO PI\u00d9 NUOTARE CONTRO CORRENTE, VOGLIO FLUIRE Il mio cuore torna a battere e si riempie di emozione, oggi finalmente sento di nuovo &nbsp; Oggi vorrei condividere con tutti voi questo momento di ispirazione, poich\u00e9 sul cammino verso la libert\u00e0 vi \u00e8 la comprensione. Ieri ho ritrovato me stesso, oggi so [&hellip;]<\/p>\n","protected":false},"author":9,"featured_media":0,"comment_status":"closed","ping_status":"closed","sticky":false,"template":"","format":"standard","meta":{"_acf_changed":false,"site-sidebar-layout":"default","site-content-layout":"","ast-site-content-layout":"default","site-content-style":"default","site-sidebar-style":"default","ast-global-header-display":"","ast-banner-title-visibility":"","ast-main-header-display":"","ast-hfb-above-header-display":"","ast-hfb-below-header-display":"","ast-hfb-mobile-header-display":"","site-post-title":"","ast-breadcrumbs-content":"","ast-featured-img":"","footer-sml-layout":"","theme-transparent-header-meta":"","adv-header-id-meta":"","stick-header-meta":"","header-above-stick-meta":"","header-main-stick-meta":"","header-below-stick-meta":"","astra-migrate-meta-layouts":"default","ast-page-background-enabled":"default","ast-page-background-meta":{"desktop":{"background-color":"","background-image":"","background-repeat":"repeat","background-position":"center center","background-size":"auto","background-attachment":"scroll","background-type":"","background-media":"","overlay-type":"","overlay-color":"","overlay-opacity":"","overlay-gradient":""},"tablet":{"background-color":"","background-image":"","background-repeat":"repeat","background-position":"center center","background-size":"auto","background-attachment":"scroll","background-type":"","background-media":"","overlay-type":"","overlay-color":"","overlay-opacity":"","overlay-gradient":""},"mobile":{"background-color":"","background-image":"","background-repeat":"repeat","background-position":"center center","background-size":"auto","background-attachment":"scroll","background-type":"","background-media":"","overlay-type":"","overlay-color":"","overlay-opacity":"","overlay-gradient":""}},"ast-content-background-meta":{"desktop":{"background-color":"var(--ast-global-color-5)","background-image":"","background-repeat":"repeat","background-position":"center center","background-size":"auto","background-attachment":"scroll","background-type":"","background-media":"","overlay-type":"","overlay-color":"","overlay-opacity":"","overlay-gradient":""},"tablet":{"background-color":"var(--ast-global-color-5)","background-image":"","background-repeat":"repeat","background-position":"center center","background-size":"auto","background-attachment":"scroll","background-type":"","background-media":"","overlay-type":"","overlay-color":"","overlay-opacity":"","overlay-gradient":""},"mobile":{"background-color":"var(--ast-global-color-5)","background-image":"","background-repeat":"repeat","background-position":"center center","background-size":"auto","background-attachment":"scroll","background-type":"","background-media":"","overlay-type":"","overlay-color":"","overlay-opacity":"","overlay-gradient":""}},"ep_exclude_from_search":false,"footnotes":""},"categories":[],"tags":[],"class_list":["post-49711","post","type-post","status-publish","format-standard","hentry"],"acf":[],"yoast_head":"<!-- This site is optimized with the Yoast SEO plugin v27.5 - https:\/\/yoast.com\/product\/yoast-seo-wordpress\/ -->\n<title>TESTIMONIANZA DI UN PARTECIPANTE A UN RITIRO RITIRO INTEGRATIVO DI INNER MASTERY A MALLORCA, SPAGNA. \u201cHo ritrovato me stesso, oggi so chi Sono\u201d. Ismael V\u00e1zquez Rey - Web Oficial de Alverto<\/title>\n<meta name=\"robots\" content=\"index, follow, max-snippet:-1, max-image-preview:large, max-video-preview:-1\" \/>\n<link rel=\"canonical\" href=\"https:\/\/www.albertojosevarela.com\/it\/ho-ritrovato-me-stesso-oggi-so-chi-sono\/\" \/>\n<meta property=\"og:locale\" content=\"it_IT\" \/>\n<meta property=\"og:type\" content=\"article\" \/>\n<meta property=\"og:title\" content=\"TESTIMONIANZA DI UN PARTECIPANTE A UN RITIRO RITIRO INTEGRATIVO DI INNER MASTERY A MALLORCA, SPAGNA. \u201cHo ritrovato me stesso, oggi so chi Sono\u201d. Ismael V\u00e1zquez Rey - Web Oficial de Alverto\" \/>\n<meta property=\"og:description\" content=\"HO SOFFERTO ABBASTANZA, NON VOGLIO PI\u00d9 NUOTARE CONTRO CORRENTE, VOGLIO FLUIRE Il mio cuore torna a battere e si riempie di emozione, oggi finalmente sento di nuovo &nbsp; Oggi vorrei condividere con tutti voi questo momento di ispirazione, poich\u00e9 sul cammino verso la libert\u00e0 vi \u00e8 la comprensione. Ieri ho ritrovato me stesso, oggi so [&hellip;]\" \/>\n<meta property=\"og:url\" content=\"https:\/\/www.albertojosevarela.com\/it\/ho-ritrovato-me-stesso-oggi-so-chi-sono\/\" \/>\n<meta property=\"og:site_name\" content=\"Web Oficial de Alverto\" \/>\n<meta property=\"article:publisher\" content=\"https:\/\/www.facebook.com\/Alvertojosevarela\" \/>\n<meta property=\"article:author\" content=\"https:\/\/www.facebook.com\/Alvertojosevarela\" \/>\n<meta property=\"article:published_time\" content=\"2017-10-22T11:53:12+00:00\" \/>\n<meta name=\"author\" content=\"Alberto Jos\u00e9 Varela\" \/>\n<meta name=\"twitter:card\" content=\"summary_large_image\" \/>\n<meta name=\"twitter:creator\" content=\"@albertoJ_varela\" \/>\n<meta name=\"twitter:site\" content=\"@albertoJ_varela\" \/>\n<script type=\"application\/ld+json\" class=\"yoast-schema-graph\">{\"@context\":\"https:\\\/\\\/schema.org\",\"@graph\":[{\"@type\":\"Article\",\"@id\":\"https:\\\/\\\/www.albertojosevarela.com\\\/it\\\/ho-ritrovato-me-stesso-oggi-so-chi-sono\\\/#article\",\"isPartOf\":{\"@id\":\"https:\\\/\\\/www.albertojosevarela.com\\\/it\\\/ho-ritrovato-me-stesso-oggi-so-chi-sono\\\/\"},\"author\":{\"name\":\"Alberto Jos\u00e9 Varela\",\"@id\":\"https:\\\/\\\/www.albertojosevarela.com\\\/it\\\/#\\\/schema\\\/person\\\/6197324b0e48a485e79c32ccad0064d8\"},\"headline\":\"TESTIMONIANZA DI UN PARTECIPANTE A UN RITIRO RITIRO INTEGRATIVO DI INNER MASTERY A MALLORCA, SPAGNA. \u201cHo ritrovato me stesso, oggi so chi Sono\u201d. Ismael V\u00e1zquez Rey\",\"datePublished\":\"2017-10-22T11:53:12+00:00\",\"mainEntityOfPage\":{\"@id\":\"https:\\\/\\\/www.albertojosevarela.com\\\/it\\\/ho-ritrovato-me-stesso-oggi-so-chi-sono\\\/\"},\"wordCount\":466,\"publisher\":{\"@id\":\"https:\\\/\\\/www.albertojosevarela.com\\\/it\\\/#\\\/schema\\\/person\\\/6197324b0e48a485e79c32ccad0064d8\"},\"inLanguage\":\"it-IT\"},{\"@type\":\"WebPage\",\"@id\":\"https:\\\/\\\/www.albertojosevarela.com\\\/it\\\/ho-ritrovato-me-stesso-oggi-so-chi-sono\\\/\",\"url\":\"https:\\\/\\\/www.albertojosevarela.com\\\/it\\\/ho-ritrovato-me-stesso-oggi-so-chi-sono\\\/\",\"name\":\"TESTIMONIANZA DI UN PARTECIPANTE A UN RITIRO RITIRO INTEGRATIVO DI INNER MASTERY A MALLORCA, SPAGNA. \u201cHo ritrovato me stesso, oggi so chi Sono\u201d. Ismael V\u00e1zquez Rey - Web Oficial de Alverto\",\"isPartOf\":{\"@id\":\"https:\\\/\\\/www.albertojosevarela.com\\\/it\\\/#website\"},\"datePublished\":\"2017-10-22T11:53:12+00:00\",\"breadcrumb\":{\"@id\":\"https:\\\/\\\/www.albertojosevarela.com\\\/it\\\/ho-ritrovato-me-stesso-oggi-so-chi-sono\\\/#breadcrumb\"},\"inLanguage\":\"it-IT\",\"potentialAction\":[{\"@type\":\"ReadAction\",\"target\":[\"https:\\\/\\\/www.albertojosevarela.com\\\/it\\\/ho-ritrovato-me-stesso-oggi-so-chi-sono\\\/\"]}]},{\"@type\":\"BreadcrumbList\",\"@id\":\"https:\\\/\\\/www.albertojosevarela.com\\\/it\\\/ho-ritrovato-me-stesso-oggi-so-chi-sono\\\/#breadcrumb\",\"itemListElement\":[{\"@type\":\"ListItem\",\"position\":1,\"name\":\"Inicio\",\"item\":\"https:\\\/\\\/www.albertojosevarela.com\\\/it\\\/\"},{\"@type\":\"ListItem\",\"position\":2,\"name\":\"TESTIMONIANZA DI UN PARTECIPANTE A UN RITIRO RITIRO INTEGRATIVO DI INNER MASTERY A MALLORCA, SPAGNA. \u201cHo ritrovato me stesso, oggi so chi Sono\u201d. Ismael V\u00e1zquez Rey\"}]},{\"@type\":\"WebSite\",\"@id\":\"https:\\\/\\\/www.albertojosevarela.com\\\/it\\\/#website\",\"url\":\"https:\\\/\\\/www.albertojosevarela.com\\\/it\\\/\",\"name\":\"Web Oficial de Alberto Jos\u00e9 Varela\",\"description\":\"El ser humano evoluciona cuando se mira adentro\",\"publisher\":{\"@id\":\"https:\\\/\\\/www.albertojosevarela.com\\\/it\\\/#\\\/schema\\\/person\\\/6197324b0e48a485e79c32ccad0064d8\"},\"potentialAction\":[{\"@type\":\"SearchAction\",\"target\":{\"@type\":\"EntryPoint\",\"urlTemplate\":\"https:\\\/\\\/www.albertojosevarela.com\\\/it\\\/?s={search_term_string}\"},\"query-input\":{\"@type\":\"PropertyValueSpecification\",\"valueRequired\":true,\"valueName\":\"search_term_string\"}}],\"inLanguage\":\"it-IT\"},{\"@type\":[\"Person\",\"Organization\"],\"@id\":\"https:\\\/\\\/www.albertojosevarela.com\\\/it\\\/#\\\/schema\\\/person\\\/6197324b0e48a485e79c32ccad0064d8\",\"name\":\"Alberto Jos\u00e9 Varela\",\"image\":{\"@type\":\"ImageObject\",\"inLanguage\":\"it-IT\",\"@id\":\"https:\\\/\\\/www.albertojosevarela.com\\\/wp-content\\\/uploads\\\/2020\\\/11\\\/alberto-varela.jpeg\",\"url\":\"https:\\\/\\\/www.albertojosevarela.com\\\/wp-content\\\/uploads\\\/2020\\\/11\\\/alberto-varela.jpeg\",\"contentUrl\":\"https:\\\/\\\/www.albertojosevarela.com\\\/wp-content\\\/uploads\\\/2020\\\/11\\\/alberto-varela.jpeg\",\"width\":682,\"height\":864,\"caption\":\"Alberto Jos\u00e9 Varela\"},\"logo\":{\"@id\":\"https:\\\/\\\/www.albertojosevarela.com\\\/wp-content\\\/uploads\\\/2020\\\/11\\\/alberto-varela.jpeg\"},\"description\":\"Fundador de empresas y organizaciones; creador de t\u00e9cnicas, m\u00e9todos y escuelas; autor de varios libros. Estudiante autodidacta, investigador y conferencista internacional, con una experiencia de m\u00e1s de 40 a\u00f1os en la gesti\u00f3n organizacional y los RRHH. Actualmente crece su influencia en el \u00e1mbito motivacional, terap\u00e9utico y espiritual a ra\u00edz del mensaje evolutivo que transmite.\",\"sameAs\":[\"https:\\\/\\\/www.facebook.com\\\/Alvertojosevarela\",\"https:\\\/\\\/www.instagram.com\\\/albertojose.varela\\\/\",\"https:\\\/\\\/www.linkedin.com\\\/in\\\/alverto-varela\\\/\",\"https:\\\/\\\/x.com\\\/albertoJ_varela\",\"https:\\\/\\\/www.youtube.com\\\/c\\\/AlvertoVarela\"]}]}<\/script>\n<!-- \/ Yoast SEO plugin. -->","yoast_head_json":{"title":"TESTIMONIANZA DI UN PARTECIPANTE A UN RITIRO RITIRO INTEGRATIVO DI INNER MASTERY A MALLORCA, SPAGNA. \u201cHo ritrovato me stesso, oggi so chi Sono\u201d. Ismael V\u00e1zquez Rey - Web Oficial de Alverto","robots":{"index":"index","follow":"follow","max-snippet":"max-snippet:-1","max-image-preview":"max-image-preview:large","max-video-preview":"max-video-preview:-1"},"canonical":"https:\/\/www.albertojosevarela.com\/it\/ho-ritrovato-me-stesso-oggi-so-chi-sono\/","og_locale":"it_IT","og_type":"article","og_title":"TESTIMONIANZA DI UN PARTECIPANTE A UN RITIRO RITIRO INTEGRATIVO DI INNER MASTERY A MALLORCA, SPAGNA. \u201cHo ritrovato me stesso, oggi so chi Sono\u201d. Ismael V\u00e1zquez Rey - Web Oficial de Alverto","og_description":"HO SOFFERTO ABBASTANZA, NON VOGLIO PI\u00d9 NUOTARE CONTRO CORRENTE, VOGLIO FLUIRE Il mio cuore torna a battere e si riempie di emozione, oggi finalmente sento di nuovo &nbsp; Oggi vorrei condividere con tutti voi questo momento di ispirazione, poich\u00e9 sul cammino verso la libert\u00e0 vi \u00e8 la comprensione. Ieri ho ritrovato me stesso, oggi so [&hellip;]","og_url":"https:\/\/www.albertojosevarela.com\/it\/ho-ritrovato-me-stesso-oggi-so-chi-sono\/","og_site_name":"Web Oficial de Alverto","article_publisher":"https:\/\/www.facebook.com\/Alvertojosevarela","article_author":"https:\/\/www.facebook.com\/Alvertojosevarela","article_published_time":"2017-10-22T11:53:12+00:00","author":"Alberto Jos\u00e9 Varela","twitter_card":"summary_large_image","twitter_creator":"@albertoJ_varela","twitter_site":"@albertoJ_varela","schema":{"@context":"https:\/\/schema.org","@graph":[{"@type":"Article","@id":"https:\/\/www.albertojosevarela.com\/it\/ho-ritrovato-me-stesso-oggi-so-chi-sono\/#article","isPartOf":{"@id":"https:\/\/www.albertojosevarela.com\/it\/ho-ritrovato-me-stesso-oggi-so-chi-sono\/"},"author":{"name":"Alberto Jos\u00e9 Varela","@id":"https:\/\/www.albertojosevarela.com\/it\/#\/schema\/person\/6197324b0e48a485e79c32ccad0064d8"},"headline":"TESTIMONIANZA DI UN PARTECIPANTE A UN RITIRO RITIRO INTEGRATIVO DI INNER MASTERY A MALLORCA, SPAGNA. \u201cHo ritrovato me stesso, oggi so chi Sono\u201d. Ismael V\u00e1zquez Rey","datePublished":"2017-10-22T11:53:12+00:00","mainEntityOfPage":{"@id":"https:\/\/www.albertojosevarela.com\/it\/ho-ritrovato-me-stesso-oggi-so-chi-sono\/"},"wordCount":466,"publisher":{"@id":"https:\/\/www.albertojosevarela.com\/it\/#\/schema\/person\/6197324b0e48a485e79c32ccad0064d8"},"inLanguage":"it-IT"},{"@type":"WebPage","@id":"https:\/\/www.albertojosevarela.com\/it\/ho-ritrovato-me-stesso-oggi-so-chi-sono\/","url":"https:\/\/www.albertojosevarela.com\/it\/ho-ritrovato-me-stesso-oggi-so-chi-sono\/","name":"TESTIMONIANZA DI UN PARTECIPANTE A UN RITIRO RITIRO INTEGRATIVO DI INNER MASTERY A MALLORCA, SPAGNA. \u201cHo ritrovato me stesso, oggi so chi Sono\u201d. Ismael V\u00e1zquez Rey - Web Oficial de Alverto","isPartOf":{"@id":"https:\/\/www.albertojosevarela.com\/it\/#website"},"datePublished":"2017-10-22T11:53:12+00:00","breadcrumb":{"@id":"https:\/\/www.albertojosevarela.com\/it\/ho-ritrovato-me-stesso-oggi-so-chi-sono\/#breadcrumb"},"inLanguage":"it-IT","potentialAction":[{"@type":"ReadAction","target":["https:\/\/www.albertojosevarela.com\/it\/ho-ritrovato-me-stesso-oggi-so-chi-sono\/"]}]},{"@type":"BreadcrumbList","@id":"https:\/\/www.albertojosevarela.com\/it\/ho-ritrovato-me-stesso-oggi-so-chi-sono\/#breadcrumb","itemListElement":[{"@type":"ListItem","position":1,"name":"Inicio","item":"https:\/\/www.albertojosevarela.com\/it\/"},{"@type":"ListItem","position":2,"name":"TESTIMONIANZA DI UN PARTECIPANTE A UN RITIRO RITIRO INTEGRATIVO DI INNER MASTERY A MALLORCA, SPAGNA. \u201cHo ritrovato me stesso, oggi so chi Sono\u201d. Ismael V\u00e1zquez Rey"}]},{"@type":"WebSite","@id":"https:\/\/www.albertojosevarela.com\/it\/#website","url":"https:\/\/www.albertojosevarela.com\/it\/","name":"Web Oficial de Alberto Jos\u00e9 Varela","description":"El ser humano evoluciona cuando se mira adentro","publisher":{"@id":"https:\/\/www.albertojosevarela.com\/it\/#\/schema\/person\/6197324b0e48a485e79c32ccad0064d8"},"potentialAction":[{"@type":"SearchAction","target":{"@type":"EntryPoint","urlTemplate":"https:\/\/www.albertojosevarela.com\/it\/?s={search_term_string}"},"query-input":{"@type":"PropertyValueSpecification","valueRequired":true,"valueName":"search_term_string"}}],"inLanguage":"it-IT"},{"@type":["Person","Organization"],"@id":"https:\/\/www.albertojosevarela.com\/it\/#\/schema\/person\/6197324b0e48a485e79c32ccad0064d8","name":"Alberto Jos\u00e9 Varela","image":{"@type":"ImageObject","inLanguage":"it-IT","@id":"https:\/\/www.albertojosevarela.com\/wp-content\/uploads\/2020\/11\/alberto-varela.jpeg","url":"https:\/\/www.albertojosevarela.com\/wp-content\/uploads\/2020\/11\/alberto-varela.jpeg","contentUrl":"https:\/\/www.albertojosevarela.com\/wp-content\/uploads\/2020\/11\/alberto-varela.jpeg","width":682,"height":864,"caption":"Alberto Jos\u00e9 Varela"},"logo":{"@id":"https:\/\/www.albertojosevarela.com\/wp-content\/uploads\/2020\/11\/alberto-varela.jpeg"},"description":"Fundador de empresas y organizaciones; creador de t\u00e9cnicas, m\u00e9todos y escuelas; autor de varios libros. Estudiante autodidacta, investigador y conferencista internacional, con una experiencia de m\u00e1s de 40 a\u00f1os en la gesti\u00f3n organizacional y los RRHH. Actualmente crece su influencia en el \u00e1mbito motivacional, terap\u00e9utico y espiritual a ra\u00edz del mensaje evolutivo que transmite.","sameAs":["https:\/\/www.facebook.com\/Alvertojosevarela","https:\/\/www.instagram.com\/albertojose.varela\/","https:\/\/www.linkedin.com\/in\/alverto-varela\/","https:\/\/x.com\/albertoJ_varela","https:\/\/www.youtube.com\/c\/AlvertoVarela"]}]}},"jetpack_featured_media_url":"","_links":{"self":[{"href":"https:\/\/www.albertojosevarela.com\/it\/wp-json\/wp\/v2\/posts\/49711","targetHints":{"allow":["GET"]}}],"collection":[{"href":"https:\/\/www.albertojosevarela.com\/it\/wp-json\/wp\/v2\/posts"}],"about":[{"href":"https:\/\/www.albertojosevarela.com\/it\/wp-json\/wp\/v2\/types\/post"}],"author":[{"embeddable":true,"href":"https:\/\/www.albertojosevarela.com\/it\/wp-json\/wp\/v2\/users\/9"}],"replies":[{"embeddable":true,"href":"https:\/\/www.albertojosevarela.com\/it\/wp-json\/wp\/v2\/comments?post=49711"}],"version-history":[{"count":0,"href":"https:\/\/www.albertojosevarela.com\/it\/wp-json\/wp\/v2\/posts\/49711\/revisions"}],"wp:attachment":[{"href":"https:\/\/www.albertojosevarela.com\/it\/wp-json\/wp\/v2\/media?parent=49711"}],"wp:term":[{"taxonomy":"category","embeddable":true,"href":"https:\/\/www.albertojosevarela.com\/it\/wp-json\/wp\/v2\/categories?post=49711"},{"taxonomy":"post_tag","embeddable":true,"href":"https:\/\/www.albertojosevarela.com\/it\/wp-json\/wp\/v2\/tags?post=49711"}],"curies":[{"name":"wp","href":"https:\/\/api.w.org\/{rel}","templated":true}]}}