{"id":49715,"date":"2017-10-29T16:02:43","date_gmt":"2017-10-29T15:02:43","guid":{"rendered":"https:\/\/www.albertojosevarela.com\/espansione-argentina\/"},"modified":"2017-10-29T16:02:43","modified_gmt":"2017-10-29T15:02:43","slug":"espansione-argentina","status":"publish","type":"post","link":"https:\/\/www.albertojosevarela.com\/it\/espansione-argentina\/","title":{"rendered":"VOGLIAMO RINGRAZIARE DUE ARGENTINI\u2026 perch\u00e9 hanno avuto la visione di ci\u00f2 che volevano portare in Argentina: \u201cUn metodo di evoluzione interiore che funziona\u201d"},"content":{"rendered":"<h1><span style=\"color: #ff6600;\"><strong>\u201c<\/strong><strong>SE HA FUNZIONATO PER NOI, CON TUTTO IL MALESSERE CHE AVEVAMO, POTR\u00c0 FUNZIONARE ANCHE<\/strong><strong> PER QUALSIASI <\/strong><strong>ARGENTINO\u201d<\/strong><\/span><\/h1>\n<h2><strong><em>Paulo Lira e Lorena Difilippo sono stati i due argentini che hanno avuto l&#8217;idea di condividere la propria scoperta.<\/em><\/strong><\/h2>\n<p style=\"text-align: justify;\">Qualche mese fa sono stato chiamato in Spagna da Paulo Lira, dall&#8217;Argentina, il quale mi ha raccontato che era stato in alcuni ritiri di Evoluzione Interiore nella nostra casa di Barcellona, per motivi legati a problemi personali che non era in grado di risolvere e che avevano compromesso la sua salute. In seguito era partito per un viaggio nella foresta amazzonica con uno dei nostri gruppi mensili che portano persone da tutto il mondo a vivere un&#8217;esperienza con gli sciamani, nel luogo da cui proviene l&#8217;Ayahuasca che usiamo. Come risultato del suo processo di circa tre mesi, mi disse che era felice, che aveva risolto i problemi di salute di cui soffriva e che voleva espandere questo metodo in Argentina. La mia reazione iniziale \u00e8 stata negativa, poich\u00e9 essendo nato anche io in Argentina, avevo una certa riluttanza a tornare nel paese in cui sono nato e che avevo lasciato 20 anni fa; mi sentivo oramai disconnesso dal mio paese natale. La verit\u00e0 \u00e8 che l&#8217;invito di Paulo \u00e8 stato per me pura medicina, per poter aprire il mio cuore al Paese che mi ha dato le basi per realizzare tutto ci\u00f2 che faccio in gran parte del mondo con il metodo che ho creato. Decisi, quindi, di organizzare un piano di azioni in Argentina e di andare io stesso i primi mesi per incontrare molti argentini.<\/p>\n<p style=\"text-align: justify;\">A maggio 2017 abbiamo tenuto le prime conferenze a Buenos Aires e Rosario, ed il primo ritiro a Colonia, in Uruguay. I nostri incontri si sono riempiti di \u201ccercatori\u201d, pi\u00f9 di 1000 persone hanno partecipato alle nostre conferenze e centinaia di loro non hanno esitato ad attraversare il Rio de la Plata per poter partecipare alla nostra proposta. Erano i partecipanti del ritiro stessi a sostenerci e incoraggiarci affinch\u00e9 continuassimo a svolgere ulteriori attivit\u00e0. Il grado di soddisfazione era cos\u00ec alto che la crescita era sorprendente. Abbiamo iniziato a svolgere 2 ritiri al mese in Uruguay (dato che in Argentina l&#8217;uso dell&#8217;Ayahuasca \u00e8 illegale), oltre a realizzare ogni settimana seminari di Kamb\u00f3 e altre medicine naturali ancestrali che non sono vietati in Argentina. Abbiamo anche iniziato a fare seminari di Kambo in diverse citt\u00e0 in Uruguay e Entre R\u00edos.<\/p>\n<p style=\"text-align: justify;\">Abbiamo costituito la societ\u00e0 INNER MASTERY INTERNATIONAL S.A. in Argentina per essere legalmente costituiti localmente e avendo gi\u00e0 un buon gruppo di persone che lavorano nelle attivit\u00e0, e ci siamo stabiliti in una casa circondata dalla natura, a 10 minuti dal porto di Colonia, in campagna e molto vicino al fiume.<\/p>\n<p style=\"text-align: justify;\">Al primo ritiro a Colonia nel maggio 2017, partecip\u00f2 Lorena Difilippo, una donna di 40 anni con dipendenze da droghe, che provava repulsione per se stessa e aveva perso la voglia di vivere, cos\u00ec come lei stessa racconta: &#8220;Ero in una profonda negazione verso la vita&#8221;. Lei \u00e8 l&#8217;altra argentina che si \u00e8 immediatamente resa conto del potere di questo metodo nel realizzare cambiamenti positivi nella sua vita e che ha deciso di venire in Europa per formarsi e apprendere l&#8217;utilizzo terapeutico delle medicine naturali ancestrali. Lorena organizz\u00f2 una visita a San Luis, la sua citt\u00e0 natale, invitandomi ad andare a tenere conferenze e realizzare alcuni workshop e ritiri. Nuovamente mi sentivo messo alla prova, e nonostante io avessi gi\u00e0 molti impegni e viaggi programmati, decisi di riorganizzare tutto per poterla accompagnare, ed inoltre accettai questa opportunit\u00e0 impegnandomi ad andarci insieme ai miei tre figli maggiori, Eli\u00e1n, Ail\u00e9n e Aneley, che sono nati a Santa F\u00e9, e ai miei 5 nipoti che sono nati in Spagna, per andare incontro alle nostre radici dopo tanti anni, e raccontare alla nostra famiglia, e a tutti coloro con cui vi sia la possibilit\u00e0, della meravigliosa trasformazione che ci sta accadendo a livello personale e familiare.<\/p>\n<p style=\"text-align: justify;\">Ringrazio di cuore Paulo e Lorena per avermi invitato e ispirato ad andare in Argentina.<\/p>\n<p style=\"text-align: justify;\"><strong>Paulo Lira<\/strong> attualmente \u00e8 il Direttore Marketing di Inner Mastery International America, \u00e8 un eccellente stratega nel campo della comunicazione, esperto di social network, e si \u00e8 inoltre formato come facilitatore nella Scuola Europea Ayahuasquera. Lorena Difilippo \u00e8 la responsabile della pagina Facebook Ayahuasca International Argentina, con quasi 30.000 fan (\u201cmi piace\u201d), coordina le iscrizioni agli eventi e le relazioni con i partecipanti ed \u00e8 responsabile dell&#8217;organizzazione dei ritiri nelle province di San Luis, C\u00f3rdoba y Mendoza.<\/p>\n<p style=\"text-align: justify;\">A loro due si sono poi aggiunti: <strong>Paola Gadea<\/strong>, <strong>Jorge Miranda<\/strong> e <strong>Paula Savelli<\/strong> (uruguaiani che si stanno formando nella nostra scuola) che gestiscono la nostra casa a Colonia, Uruguay, e che organizzano ritiri l\u00ec due volte al mese. Paola \u00e8 l&#8217;amministratrice e coordinatrice della scuola, Jorge \u00e8 il responsabile della pagina Facebook Ayahuasca International Uruguay ed \u00e8 un alunno della scuola che svolge la formazione pratica presso i ritiri, e Paula \u00e8 la manager delle attivit\u00e0 in Uruguay e supervisiona i ritiri. Anche <strong>Frorencia Soeiro<\/strong> si \u00e8 unita a loro, un&#8217; altra argentina che ha deciso di andare in Europa per formarsi nella nostra scuola e poi \u00e8 tornata per occuparsi dei seminari e workshop che si svolgono a Buenos Aires, La Plata e Rosario, ed ora anche a C\u00f3rdoba. Questi seminari sono per gruppi di 10-15 persone e durano da 4 a 6 ore in modo che le persone possano entrare in contatto con l&#8217;energia potente e amorevole di queste sostanze naturali.<\/p>\n<p style=\"text-align: justify;\">Abbiamo anche portato <strong>Ram\u00f3n Henriquez<\/strong> dal Messico, <strong>Sergio Sanz<\/strong> dalla Spagna, <strong>Ancilla Tagliaferri<\/strong> dall&#8217;Italia, accomunati dall&#8217;avere svolto 3 anni di formazione ed esperienza nell&#8217;agevolazione e integrazione terapeutica, e che hanno partecipato a centinaia di ritiri in Europa. Sono venuti per sostenere la nostra espansione in Argentina e Uruguay, con il suo cammino ben segnato.<\/p>\n<p style=\"text-align: justify;\">\n<p style=\"text-align: justify;\"><strong>PROSSIMAMENTE ANDREMO A MAR DEL PLATA E PUNTA DEL ESTE, LUOGHI TURISTICI DOVE SAREMO PER TUTTA L&#8217;ESTATE, SVOLGENDO TUTTE LE SETTIMANE ATTIVIT\u00c0 CON BUFO ALVARIUS, YOPO E KAMB\u00d3.<\/strong><\/p>\n<p style=\"text-align: justify;\">\n<p style=\"text-align: justify;\">Altri collaboratori si stanno unendo all&#8217;equipe, come Sergio Valcheff o Alvaro Bosh, che si stanno formando con noi e stanno supportando la comunicazione con migliaia di persone interessate alla nostra proposta.<\/p>\n<p style=\"text-align: justify;\"><strong>SE VUOI CONOSCERLA PI\u00d9 DA VICINO\u2026<\/strong><\/p>\n<p style=\"text-align: left;\"><strong>Scrivi per ogni informazione e richiesta di iscrizione agli eventi a:\u00a0argentina@innermastery.es\u00a0o\u00a0uruguay@innermastery.es\u00a0a seconda del paese di tuo interesse.<\/strong><\/p>\n<p>&nbsp;<\/p>\n<p style=\"text-align: justify;\"><strong>IL NOSTRO PROSSIMO PASSO SAR\u00c0 AFFITTARE UNA CASA A BUENOS AIRES PER LA REALIZZAZIONE DELLA SCUOLA COSCIENTE E DEI SEMINARI CON USO DI KAMB\u00d3, YOPO E ALTRI RIMEDI ANCESTRALI.<\/strong><\/p>\n<p style=\"text-align: justify;\">\n<p style=\"text-align: justify;\"><strong>Alberto Jos\u00e9 Varela<\/strong><\/p>\n<p style=\"text-align: justify;\"><em>Fondatore di Inner Mastery, Ayahuasca International, Scuola Cosciente e Rete di Epicentri Olistici.<\/em><\/p>\n<p style=\"text-align: justify;\">nosoy@albertojosevarela.com<\/p>\n<p style=\"text-align: justify;\">\n","protected":false},"excerpt":{"rendered":"<p>\u201cSE HA FUNZIONATO PER NOI, CON TUTTO IL MALESSERE CHE AVEVAMO, POTR\u00c0 FUNZIONARE ANCHE PER QUALSIASI ARGENTINO\u201d Paulo Lira e Lorena Difilippo sono stati i due argentini che hanno avuto l&#8217;idea di condividere la propria scoperta. Qualche mese fa sono stato chiamato in Spagna da Paulo Lira, dall&#8217;Argentina, il quale mi ha raccontato che era [&hellip;]<\/p>\n","protected":false},"author":9,"featured_media":0,"comment_status":"closed","ping_status":"closed","sticky":false,"template":"","format":"standard","meta":{"_acf_changed":false,"site-sidebar-layout":"default","site-content-layout":"","ast-site-content-layout":"default","site-content-style":"default","site-sidebar-style":"default","ast-global-header-display":"","ast-banner-title-visibility":"","ast-main-header-display":"","ast-hfb-above-header-display":"","ast-hfb-below-header-display":"","ast-hfb-mobile-header-display":"","site-post-title":"","ast-breadcrumbs-content":"","ast-featured-img":"","footer-sml-layout":"","theme-transparent-header-meta":"","adv-header-id-meta":"","stick-header-meta":"","header-above-stick-meta":"","header-main-stick-meta":"","header-below-stick-meta":"","astra-migrate-meta-layouts":"default","ast-page-background-enabled":"default","ast-page-background-meta":{"desktop":{"background-color":"","background-image":"","background-repeat":"repeat","background-position":"center center","background-size":"auto","background-attachment":"scroll","background-type":"","background-media":"","overlay-type":"","overlay-color":"","overlay-opacity":"","overlay-gradient":""},"tablet":{"background-color":"","background-image":"","background-repeat":"repeat","background-position":"center center","background-size":"auto","background-attachment":"scroll","background-type":"","background-media":"","overlay-type":"","overlay-color":"","overlay-opacity":"","overlay-gradient":""},"mobile":{"background-color":"","background-image":"","background-repeat":"repeat","background-position":"center center","background-size":"auto","background-attachment":"scroll","background-type":"","background-media":"","overlay-type":"","overlay-color":"","overlay-opacity":"","overlay-gradient":""}},"ast-content-background-meta":{"desktop":{"background-color":"var(--ast-global-color-5)","background-image":"","background-repeat":"repeat","background-position":"center center","background-size":"auto","background-attachment":"scroll","background-type":"","background-media":"","overlay-type":"","overlay-color":"","overlay-opacity":"","overlay-gradient":""},"tablet":{"background-color":"var(--ast-global-color-5)","background-image":"","background-repeat":"repeat","background-position":"center center","background-size":"auto","background-attachment":"scroll","background-type":"","background-media":"","overlay-type":"","overlay-color":"","overlay-opacity":"","overlay-gradient":""},"mobile":{"background-color":"var(--ast-global-color-5)","background-image":"","background-repeat":"repeat","background-position":"center center","background-size":"auto","background-attachment":"scroll","background-type":"","background-media":"","overlay-type":"","overlay-color":"","overlay-opacity":"","overlay-gradient":""}},"ep_exclude_from_search":false,"footnotes":""},"categories":[708],"tags":[],"class_list":["post-49715","post","type-post","status-publish","format-standard","hentry","category-eventos-retiros-it"],"acf":[],"yoast_head":"<!-- This site is optimized with the Yoast SEO plugin v27.5 - https:\/\/yoast.com\/product\/yoast-seo-wordpress\/ -->\n<title>VOGLIAMO RINGRAZIARE DUE ARGENTINI\u2026 perch\u00e9 hanno avuto la visione di ci\u00f2 che volevano portare in Argentina: \u201cUn metodo di evoluzione interiore che funziona\u201d - Web Oficial de Alverto<\/title>\n<meta name=\"robots\" content=\"index, follow, max-snippet:-1, max-image-preview:large, max-video-preview:-1\" \/>\n<link rel=\"canonical\" href=\"https:\/\/www.albertojosevarela.com\/it\/espansione-argentina\/\" \/>\n<meta property=\"og:locale\" content=\"it_IT\" \/>\n<meta property=\"og:type\" content=\"article\" \/>\n<meta property=\"og:title\" content=\"VOGLIAMO RINGRAZIARE DUE ARGENTINI\u2026 perch\u00e9 hanno avuto la visione di ci\u00f2 che volevano portare in Argentina: \u201cUn metodo di evoluzione interiore che funziona\u201d - Web Oficial de Alverto\" \/>\n<meta property=\"og:description\" content=\"\u201cSE HA FUNZIONATO PER NOI, CON TUTTO IL MALESSERE CHE AVEVAMO, POTR\u00c0 FUNZIONARE ANCHE PER QUALSIASI ARGENTINO\u201d Paulo Lira e Lorena Difilippo sono stati i due argentini che hanno avuto l&#8217;idea di condividere la propria scoperta. Qualche mese fa sono stato chiamato in Spagna da Paulo Lira, dall&#8217;Argentina, il quale mi ha raccontato che era [&hellip;]\" \/>\n<meta property=\"og:url\" content=\"https:\/\/www.albertojosevarela.com\/it\/espansione-argentina\/\" \/>\n<meta property=\"og:site_name\" content=\"Web Oficial de Alverto\" \/>\n<meta property=\"article:publisher\" content=\"https:\/\/www.facebook.com\/Alvertojosevarela\" \/>\n<meta property=\"article:author\" content=\"https:\/\/www.facebook.com\/Alvertojosevarela\" \/>\n<meta property=\"article:published_time\" content=\"2017-10-29T15:02:43+00:00\" \/>\n<meta name=\"author\" content=\"Alberto Jos\u00e9 Varela\" \/>\n<meta name=\"twitter:card\" content=\"summary_large_image\" \/>\n<meta name=\"twitter:creator\" content=\"@albertoJ_varela\" \/>\n<meta name=\"twitter:site\" content=\"@albertoJ_varela\" \/>\n<script type=\"application\/ld+json\" class=\"yoast-schema-graph\">{\"@context\":\"https:\\\/\\\/schema.org\",\"@graph\":[{\"@type\":\"Article\",\"@id\":\"https:\\\/\\\/www.albertojosevarela.com\\\/it\\\/espansione-argentina\\\/#article\",\"isPartOf\":{\"@id\":\"https:\\\/\\\/www.albertojosevarela.com\\\/it\\\/espansione-argentina\\\/\"},\"author\":{\"name\":\"Alberto Jos\u00e9 Varela\",\"@id\":\"https:\\\/\\\/www.albertojosevarela.com\\\/it\\\/#\\\/schema\\\/person\\\/76219ff044de11c594e9644cca15a7a3\"},\"headline\":\"VOGLIAMO RINGRAZIARE DUE ARGENTINI\u2026 perch\u00e9 hanno avuto la visione di ci\u00f2 che volevano portare in Argentina: \u201cUn metodo di evoluzione interiore che funziona\u201d\",\"datePublished\":\"2017-10-29T15:02:43+00:00\",\"mainEntityOfPage\":{\"@id\":\"https:\\\/\\\/www.albertojosevarela.com\\\/it\\\/espansione-argentina\\\/\"},\"wordCount\":1122,\"publisher\":{\"@id\":\"https:\\\/\\\/www.albertojosevarela.com\\\/it\\\/#\\\/schema\\\/person\\\/76219ff044de11c594e9644cca15a7a3\"},\"articleSection\":[\"Eventos: Retiros\"],\"inLanguage\":\"it-IT\"},{\"@type\":\"WebPage\",\"@id\":\"https:\\\/\\\/www.albertojosevarela.com\\\/it\\\/espansione-argentina\\\/\",\"url\":\"https:\\\/\\\/www.albertojosevarela.com\\\/it\\\/espansione-argentina\\\/\",\"name\":\"VOGLIAMO RINGRAZIARE DUE ARGENTINI\u2026 perch\u00e9 hanno avuto la visione di ci\u00f2 che volevano portare in Argentina: \u201cUn metodo di evoluzione interiore che funziona\u201d - Web Oficial de Alverto\",\"isPartOf\":{\"@id\":\"https:\\\/\\\/www.albertojosevarela.com\\\/it\\\/#website\"},\"datePublished\":\"2017-10-29T15:02:43+00:00\",\"breadcrumb\":{\"@id\":\"https:\\\/\\\/www.albertojosevarela.com\\\/it\\\/espansione-argentina\\\/#breadcrumb\"},\"inLanguage\":\"it-IT\",\"potentialAction\":[{\"@type\":\"ReadAction\",\"target\":[\"https:\\\/\\\/www.albertojosevarela.com\\\/it\\\/espansione-argentina\\\/\"]}]},{\"@type\":\"BreadcrumbList\",\"@id\":\"https:\\\/\\\/www.albertojosevarela.com\\\/it\\\/espansione-argentina\\\/#breadcrumb\",\"itemListElement\":[{\"@type\":\"ListItem\",\"position\":1,\"name\":\"Inicio\",\"item\":\"https:\\\/\\\/www.albertojosevarela.com\\\/it\\\/\"},{\"@type\":\"ListItem\",\"position\":2,\"name\":\"Eventos: Retiros\",\"item\":\"https:\\\/\\\/www.albertojosevarela.com\\\/it\\\/category\\\/eventos-retiros-it\\\/\"},{\"@type\":\"ListItem\",\"position\":3,\"name\":\"VOGLIAMO RINGRAZIARE DUE ARGENTINI\u2026 perch\u00e9 hanno avuto la visione di ci\u00f2 che volevano portare in Argentina: \u201cUn metodo di evoluzione interiore che funziona\u201d\"}]},{\"@type\":\"WebSite\",\"@id\":\"https:\\\/\\\/www.albertojosevarela.com\\\/it\\\/#website\",\"url\":\"https:\\\/\\\/www.albertojosevarela.com\\\/it\\\/\",\"name\":\"Web Oficial de Alberto Jos\u00e9 Varela\",\"description\":\"El ser humano evoluciona cuando se mira adentro\",\"publisher\":{\"@id\":\"https:\\\/\\\/www.albertojosevarela.com\\\/it\\\/#\\\/schema\\\/person\\\/76219ff044de11c594e9644cca15a7a3\"},\"potentialAction\":[{\"@type\":\"SearchAction\",\"target\":{\"@type\":\"EntryPoint\",\"urlTemplate\":\"https:\\\/\\\/www.albertojosevarela.com\\\/it\\\/?s={search_term_string}\"},\"query-input\":{\"@type\":\"PropertyValueSpecification\",\"valueRequired\":true,\"valueName\":\"search_term_string\"}}],\"inLanguage\":\"it-IT\"},{\"@type\":[\"Person\",\"Organization\"],\"@id\":\"https:\\\/\\\/www.albertojosevarela.com\\\/it\\\/#\\\/schema\\\/person\\\/76219ff044de11c594e9644cca15a7a3\",\"name\":\"Alberto Jos\u00e9 Varela\",\"image\":{\"@type\":\"ImageObject\",\"inLanguage\":\"it-IT\",\"@id\":\"https:\\\/\\\/www.albertojosevarela.com\\\/wp-content\\\/uploads\\\/2020\\\/11\\\/alberto-varela.jpeg\",\"url\":\"https:\\\/\\\/www.albertojosevarela.com\\\/wp-content\\\/uploads\\\/2020\\\/11\\\/alberto-varela.jpeg\",\"contentUrl\":\"https:\\\/\\\/www.albertojosevarela.com\\\/wp-content\\\/uploads\\\/2020\\\/11\\\/alberto-varela.jpeg\",\"width\":682,\"height\":864,\"caption\":\"Alberto Jos\u00e9 Varela\"},\"logo\":{\"@id\":\"https:\\\/\\\/www.albertojosevarela.com\\\/wp-content\\\/uploads\\\/2020\\\/11\\\/alberto-varela.jpeg\"},\"description\":\"Fundador de empresas y organizaciones; creador de t\u00e9cnicas, m\u00e9todos y escuelas; autor de varios libros. Estudiante autodidacta, investigador y conferencista internacional, con una experiencia de m\u00e1s de 40 a\u00f1os en la gesti\u00f3n organizacional y los RRHH. Actualmente crece su influencia en el \u00e1mbito motivacional, terap\u00e9utico y espiritual a ra\u00edz del mensaje evolutivo que transmite.\",\"sameAs\":[\"https:\\\/\\\/www.facebook.com\\\/Alvertojosevarela\",\"https:\\\/\\\/www.instagram.com\\\/albertojose.varela\\\/\",\"https:\\\/\\\/www.linkedin.com\\\/in\\\/alverto-varela\\\/\",\"https:\\\/\\\/x.com\\\/albertoJ_varela\",\"https:\\\/\\\/www.youtube.com\\\/c\\\/AlvertoVarela\"]}]}<\/script>\n<!-- \/ Yoast SEO plugin. -->","yoast_head_json":{"title":"VOGLIAMO RINGRAZIARE DUE ARGENTINI\u2026 perch\u00e9 hanno avuto la visione di ci\u00f2 che volevano portare in Argentina: \u201cUn metodo di evoluzione interiore che funziona\u201d - Web Oficial de Alverto","robots":{"index":"index","follow":"follow","max-snippet":"max-snippet:-1","max-image-preview":"max-image-preview:large","max-video-preview":"max-video-preview:-1"},"canonical":"https:\/\/www.albertojosevarela.com\/it\/espansione-argentina\/","og_locale":"it_IT","og_type":"article","og_title":"VOGLIAMO RINGRAZIARE DUE ARGENTINI\u2026 perch\u00e9 hanno avuto la visione di ci\u00f2 che volevano portare in Argentina: \u201cUn metodo di evoluzione interiore che funziona\u201d - Web Oficial de Alverto","og_description":"\u201cSE HA FUNZIONATO PER NOI, CON TUTTO IL MALESSERE CHE AVEVAMO, POTR\u00c0 FUNZIONARE ANCHE PER QUALSIASI ARGENTINO\u201d Paulo Lira e Lorena Difilippo sono stati i due argentini che hanno avuto l&#8217;idea di condividere la propria scoperta. Qualche mese fa sono stato chiamato in Spagna da Paulo Lira, dall&#8217;Argentina, il quale mi ha raccontato che era [&hellip;]","og_url":"https:\/\/www.albertojosevarela.com\/it\/espansione-argentina\/","og_site_name":"Web Oficial de Alverto","article_publisher":"https:\/\/www.facebook.com\/Alvertojosevarela","article_author":"https:\/\/www.facebook.com\/Alvertojosevarela","article_published_time":"2017-10-29T15:02:43+00:00","author":"Alberto Jos\u00e9 Varela","twitter_card":"summary_large_image","twitter_creator":"@albertoJ_varela","twitter_site":"@albertoJ_varela","schema":{"@context":"https:\/\/schema.org","@graph":[{"@type":"Article","@id":"https:\/\/www.albertojosevarela.com\/it\/espansione-argentina\/#article","isPartOf":{"@id":"https:\/\/www.albertojosevarela.com\/it\/espansione-argentina\/"},"author":{"name":"Alberto Jos\u00e9 Varela","@id":"https:\/\/www.albertojosevarela.com\/it\/#\/schema\/person\/76219ff044de11c594e9644cca15a7a3"},"headline":"VOGLIAMO RINGRAZIARE DUE ARGENTINI\u2026 perch\u00e9 hanno avuto la visione di ci\u00f2 che volevano portare in Argentina: \u201cUn metodo di evoluzione interiore che funziona\u201d","datePublished":"2017-10-29T15:02:43+00:00","mainEntityOfPage":{"@id":"https:\/\/www.albertojosevarela.com\/it\/espansione-argentina\/"},"wordCount":1122,"publisher":{"@id":"https:\/\/www.albertojosevarela.com\/it\/#\/schema\/person\/76219ff044de11c594e9644cca15a7a3"},"articleSection":["Eventos: Retiros"],"inLanguage":"it-IT"},{"@type":"WebPage","@id":"https:\/\/www.albertojosevarela.com\/it\/espansione-argentina\/","url":"https:\/\/www.albertojosevarela.com\/it\/espansione-argentina\/","name":"VOGLIAMO RINGRAZIARE DUE ARGENTINI\u2026 perch\u00e9 hanno avuto la visione di ci\u00f2 che volevano portare in Argentina: \u201cUn metodo di evoluzione interiore che funziona\u201d - Web Oficial de Alverto","isPartOf":{"@id":"https:\/\/www.albertojosevarela.com\/it\/#website"},"datePublished":"2017-10-29T15:02:43+00:00","breadcrumb":{"@id":"https:\/\/www.albertojosevarela.com\/it\/espansione-argentina\/#breadcrumb"},"inLanguage":"it-IT","potentialAction":[{"@type":"ReadAction","target":["https:\/\/www.albertojosevarela.com\/it\/espansione-argentina\/"]}]},{"@type":"BreadcrumbList","@id":"https:\/\/www.albertojosevarela.com\/it\/espansione-argentina\/#breadcrumb","itemListElement":[{"@type":"ListItem","position":1,"name":"Inicio","item":"https:\/\/www.albertojosevarela.com\/it\/"},{"@type":"ListItem","position":2,"name":"Eventos: Retiros","item":"https:\/\/www.albertojosevarela.com\/it\/category\/eventos-retiros-it\/"},{"@type":"ListItem","position":3,"name":"VOGLIAMO RINGRAZIARE DUE ARGENTINI\u2026 perch\u00e9 hanno avuto la visione di ci\u00f2 che volevano portare in Argentina: \u201cUn metodo di evoluzione interiore che funziona\u201d"}]},{"@type":"WebSite","@id":"https:\/\/www.albertojosevarela.com\/it\/#website","url":"https:\/\/www.albertojosevarela.com\/it\/","name":"Web Oficial de Alberto Jos\u00e9 Varela","description":"El ser humano evoluciona cuando se mira adentro","publisher":{"@id":"https:\/\/www.albertojosevarela.com\/it\/#\/schema\/person\/76219ff044de11c594e9644cca15a7a3"},"potentialAction":[{"@type":"SearchAction","target":{"@type":"EntryPoint","urlTemplate":"https:\/\/www.albertojosevarela.com\/it\/?s={search_term_string}"},"query-input":{"@type":"PropertyValueSpecification","valueRequired":true,"valueName":"search_term_string"}}],"inLanguage":"it-IT"},{"@type":["Person","Organization"],"@id":"https:\/\/www.albertojosevarela.com\/it\/#\/schema\/person\/76219ff044de11c594e9644cca15a7a3","name":"Alberto Jos\u00e9 Varela","image":{"@type":"ImageObject","inLanguage":"it-IT","@id":"https:\/\/www.albertojosevarela.com\/wp-content\/uploads\/2020\/11\/alberto-varela.jpeg","url":"https:\/\/www.albertojosevarela.com\/wp-content\/uploads\/2020\/11\/alberto-varela.jpeg","contentUrl":"https:\/\/www.albertojosevarela.com\/wp-content\/uploads\/2020\/11\/alberto-varela.jpeg","width":682,"height":864,"caption":"Alberto Jos\u00e9 Varela"},"logo":{"@id":"https:\/\/www.albertojosevarela.com\/wp-content\/uploads\/2020\/11\/alberto-varela.jpeg"},"description":"Fundador de empresas y organizaciones; creador de t\u00e9cnicas, m\u00e9todos y escuelas; autor de varios libros. Estudiante autodidacta, investigador y conferencista internacional, con una experiencia de m\u00e1s de 40 a\u00f1os en la gesti\u00f3n organizacional y los RRHH. Actualmente crece su influencia en el \u00e1mbito motivacional, terap\u00e9utico y espiritual a ra\u00edz del mensaje evolutivo que transmite.","sameAs":["https:\/\/www.facebook.com\/Alvertojosevarela","https:\/\/www.instagram.com\/albertojose.varela\/","https:\/\/www.linkedin.com\/in\/alverto-varela\/","https:\/\/x.com\/albertoJ_varela","https:\/\/www.youtube.com\/c\/AlvertoVarela"]}]}},"jetpack_featured_media_url":"","_links":{"self":[{"href":"https:\/\/www.albertojosevarela.com\/it\/wp-json\/wp\/v2\/posts\/49715","targetHints":{"allow":["GET"]}}],"collection":[{"href":"https:\/\/www.albertojosevarela.com\/it\/wp-json\/wp\/v2\/posts"}],"about":[{"href":"https:\/\/www.albertojosevarela.com\/it\/wp-json\/wp\/v2\/types\/post"}],"author":[{"embeddable":true,"href":"https:\/\/www.albertojosevarela.com\/it\/wp-json\/wp\/v2\/users\/9"}],"replies":[{"embeddable":true,"href":"https:\/\/www.albertojosevarela.com\/it\/wp-json\/wp\/v2\/comments?post=49715"}],"version-history":[{"count":0,"href":"https:\/\/www.albertojosevarela.com\/it\/wp-json\/wp\/v2\/posts\/49715\/revisions"}],"wp:attachment":[{"href":"https:\/\/www.albertojosevarela.com\/it\/wp-json\/wp\/v2\/media?parent=49715"}],"wp:term":[{"taxonomy":"category","embeddable":true,"href":"https:\/\/www.albertojosevarela.com\/it\/wp-json\/wp\/v2\/categories?post=49715"},{"taxonomy":"post_tag","embeddable":true,"href":"https:\/\/www.albertojosevarela.com\/it\/wp-json\/wp\/v2\/tags?post=49715"}],"curies":[{"name":"wp","href":"https:\/\/api.w.org\/{rel}","templated":true}]}}