{"id":49858,"date":"2019-05-05T09:23:52","date_gmt":"2019-05-05T07:23:52","guid":{"rendered":"https:\/\/www.albertojosevarela.com\/il-conosciuto-lo-conosciamo-gia\/"},"modified":"2019-05-05T09:23:52","modified_gmt":"2019-05-05T07:23:52","slug":"il-conosciuto-lo-conosciamo-gia","status":"publish","type":"post","link":"https:\/\/www.albertojosevarela.com\/it\/il-conosciuto-lo-conosciamo-gia\/","title":{"rendered":"IL CONOSCIUTO LO CONOSCIAMO GI\u00c0, E SAPPIAMO CHE NON SERVE QUASI A NULLA Perch\u00e9 non facciamo inversione verso qualcosa che ci stupisce?"},"content":{"rendered":"<h1><span style=\"color: #ff6600;\"><strong>LO SVILUPPO INTERIORE \u00c8 ANCHE UNA QUESTIONE DI RINNOVAMENTO PROFESSIONALE.<\/strong><\/span><\/h1>\n<h2><strong><em>Al di l\u00e0 dei titoli, dell\u2019esperienza, del riconoscimento e di tutto quello che abbiamo fatto c\u2019\u00e8 qualcosa di nuovo che pu\u00f2 sorprenderci e perfino cambiare il nostro destino.<\/em><\/strong><\/h2>\n<p>Siamo un\u2019organizzazione internazionale che offre un percorso di cambiamento importante per la vita delle persone, poich\u00e9 all\u2019origine e al centro del nostro lavoro c\u2019\u00e8 la trasformazione individuale dell\u2019essere umano.<\/p>\n<p>L\u2019efficacia e il grande consenso che la nostra proposta riscuote ci pone nella necessit\u00e0 di avere sempre pi\u00f9 persone preparate nella pratica del nostro metodo, perch\u00e9 venga trasmesso in molti paesi, per questo abbiamo creato un percorso formativo &#8211; la SCUOLA COSCIENTE e la SCUOLA DI INTEGRATORI ONTOLOGICI \u2013 il cui scopo \u00e8 preparare nuovi alunni, affinch\u00e9 possano essere integrati come professionisti nella nostra stessa organizzazione.<\/p>\n<p>Coloro che, ovunque nel mondo, desiderano attuare un cambiamento nella propria vita, o avere accesso alla propria creativit\u00e0, o trovare una soluzione ai propri problemi, sono cos\u00ec tanti e cos\u00ec diversi tra loro da aver dato origine a una comunit\u00e0 internazionale \u00adche, in termini di marketing, potremmo definire \u201cnicchia di mercato\u201d, ma che per noi d\u00e0 vita a un gruppo che si muove a partire dagli interessi che ciascuno riconosce in s\u00e9 stesso. Alcuni puntano al successo, altri al risveglio della coscienza, altri al superamento dei propri limiti e altri alla spiritualit\u00e0, ma tutti sono aperti all\u2019ascolto di qualcosa di innovativo che li spinge dal profondo.<\/p>\n<p><strong>SAPER COMPRENDERE I NOSTRI DESIDERI PI\u00d9 PROFONDI: <\/strong><\/p>\n<p>Nell\u2019essere umano, il proposito verso la ricerca \u00e8 talmente vario e complesso che \u00e8 necessario affrontarlo a partire da un approccio originale, chiaro e forte, che sorprenda davvero e sia spiazzante rispetto a tutto quanto conosciamo gi\u00e0. Dietro il muoversi verso qualcosa (qualunque sia l\u2019obiettivo o l\u2019oggetto, anche a livello spirituale) c\u2019\u00e8 un desiderio nascosto che vuole essere soddisfatto. Trovare il senso e l\u2019origine della ricerca individuale \u00e8 vitale per centrarci nel cammino da percorrere, tuttavia richiede una tecnologia che permetta di accedere alla profondit\u00e0 della natura ambiziosa ed espansiva dell\u2019essere umano.<\/p>\n<p>Sebbene dirlo sembri azzardato, da alcuni anni \u00e8 nata ed \u00e8 nelle nostre mani la prima INGEGNERIA DELLA TRASFORMAZIONE, ed \u00e8 proprio ci\u00f2 che insegniamo nella Scuola Cosciente attraverso un metodo che si sta diffondendo in tutto il mondo.<\/p>\n<p>Per questo sono necessarie persone preparate specificamente, e non si tratta solo di titoli universitari, n\u00e9 di esperienza nello sviluppo personale, e tantomeno ha a che fare con persone che si credano speciali o di talento, o guidate dalla forza imprenditoriale che alcuni leader possono esprimere, bens\u00ec si tratta di aprire il cuore a una proposta innovatrice.<\/p>\n<p>Il metodo di EVOLUZIONE INTERIORE racchiude le chiavi e i segreti per poter ridisegnare il progetto di vita, deprogrammando i modelli obsoleti a partire dai quali abbiamo creato la realt\u00e0. Questo metodo si pu\u00f2 applicare al quotidiano, alle relazioni, al lavoro, a una professione, tuttavia \u00e8 anche un modello per la conoscenza di s\u00e9 che pu\u00f2 essere appreso per sostenere e accompagnare altre persone affinch\u00e9 realizzino questo appagante processo.<\/p>\n<p>Durante gli incontri con gli interessati, esponiamo in dettaglio e profondit\u00e0 l\u2019essenza del nostro metodo, le sue premesse, i suoi fondamenti, gli obiettivi e i piani futuri. Presentiamo i creatori e i professori, mostriamo i video delle nostre 12 case sparse in America ed Europa, parliamo dei ritiri che realizziamo in pi\u00f9 30 paesi e diamo spazio all\u2019espressione di qualunque domanda sorga. Entrare in contatto diretto, faccia a faccia, e in presenza con le persone \u00e8 ci\u00f2 che sta facendo la differenza rispetto a qualunque altro tipo di colloquio di lavoro. In fondo, ci\u00f2 che chiedo \u00e8 di aprirmi, mostrarmi, esporm alle intenzioni che guidano le mie decisioni. Una volta compreso questo, avrai tutte le informazioni e il giusto sentire che ti spinger\u00e0 o meno a unirti alla nostra organizzazione internazionale.<\/p>\n<p>TRA LE DIVERSE PROPOSTE CHE OFFRIAMO: Cicli formativi, Laboratori tematici, Ritiri per l\u2019acquisizione di competenze e supervisione, Moduli per l\u2019approfondimento del metodo.<\/p>\n<p>PROSSIMAMENTE, da mercoled\u00ec 22 maggio, dalle 19.00 alle 21.00, nella nostra casa di Sant Vincent de Montalt, a BARCELLONA SI SVOLGER\u00c0 UN INCONTRO INFORMATIVO. La partecipazione \u00e8 gratuita, tuttavia \u00e8 necessario inviare un\u2019email di richiesta a <a href=\"mailto:catalunya@innermastery.es\">catalunya@innermastery.es<\/a> in cui esprimere la propria intenzione.<\/p>\n<p>Inoltre, da mercoled\u00ec 22\/5 a domenica 26\/5, parallelamente alla presentazione della nostra organizzazione, \u00a0nella casa si svolger\u00e0 anche un ritiro di Evoluzione Interiore, e coloro che vorranno rimanere per verificare personalmente la qualit\u00e0 e la profondit\u00e0 del nostro metodo, potranno usufruire del 50% di sconto sulla quota di partecipazione, rimanendo da 1 a 4 giorni\/notti.<\/p>\n<p>Per ricevere informazioni telefonicamente per il ritiro di BARCELLONA \u00e8 possibile contattare Paula Saveli +34 696 173 261<\/p>\n<p><strong>Per ricevere informazioni sulla SCUOLA e sugli incontri in ITALIA,<\/strong> puoi contattare telefonicamente<\/p>\n<p class=\"p1\">LORENZO (+39) 339 637 7929\u00a0o inviare un\u2019email a: <a href=\"mailto:italia@escuelaconsciente.org\">italia@escuelaconsciente.org<\/a>\u00a0e <a href=\"mailto:scuola@innermastery.es\">scuola@innermastery.es<\/a><\/p>\n","protected":false},"excerpt":{"rendered":"<p>LO SVILUPPO INTERIORE \u00c8 ANCHE UNA QUESTIONE DI RINNOVAMENTO PROFESSIONALE. Al di l\u00e0 dei titoli, dell\u2019esperienza, del riconoscimento e di tutto quello che abbiamo fatto c\u2019\u00e8 qualcosa di nuovo che pu\u00f2 sorprenderci e perfino cambiare il nostro destino. Siamo un\u2019organizzazione internazionale che offre un percorso di cambiamento importante per la vita delle persone, poich\u00e9 all\u2019origine [&hellip;]<\/p>\n","protected":false},"author":9,"featured_media":0,"comment_status":"closed","ping_status":"closed","sticky":false,"template":"","format":"standard","meta":{"_acf_changed":false,"site-sidebar-layout":"default","site-content-layout":"","ast-site-content-layout":"default","site-content-style":"default","site-sidebar-style":"default","ast-global-header-display":"","ast-banner-title-visibility":"","ast-main-header-display":"","ast-hfb-above-header-display":"","ast-hfb-below-header-display":"","ast-hfb-mobile-header-display":"","site-post-title":"","ast-breadcrumbs-content":"","ast-featured-img":"","footer-sml-layout":"","theme-transparent-header-meta":"","adv-header-id-meta":"","stick-header-meta":"","header-above-stick-meta":"","header-main-stick-meta":"","header-below-stick-meta":"","astra-migrate-meta-layouts":"default","ast-page-background-enabled":"default","ast-page-background-meta":{"desktop":{"background-color":"","background-image":"","background-repeat":"repeat","background-position":"center center","background-size":"auto","background-attachment":"scroll","background-type":"","background-media":"","overlay-type":"","overlay-color":"","overlay-opacity":"","overlay-gradient":""},"tablet":{"background-color":"","background-image":"","background-repeat":"repeat","background-position":"center center","background-size":"auto","background-attachment":"scroll","background-type":"","background-media":"","overlay-type":"","overlay-color":"","overlay-opacity":"","overlay-gradient":""},"mobile":{"background-color":"","background-image":"","background-repeat":"repeat","background-position":"center center","background-size":"auto","background-attachment":"scroll","background-type":"","background-media":"","overlay-type":"","overlay-color":"","overlay-opacity":"","overlay-gradient":""}},"ast-content-background-meta":{"desktop":{"background-color":"var(--ast-global-color-5)","background-image":"","background-repeat":"repeat","background-position":"center center","background-size":"auto","background-attachment":"scroll","background-type":"","background-media":"","overlay-type":"","overlay-color":"","overlay-opacity":"","overlay-gradient":""},"tablet":{"background-color":"var(--ast-global-color-5)","background-image":"","background-repeat":"repeat","background-position":"center center","background-size":"auto","background-attachment":"scroll","background-type":"","background-media":"","overlay-type":"","overlay-color":"","overlay-opacity":"","overlay-gradient":""},"mobile":{"background-color":"var(--ast-global-color-5)","background-image":"","background-repeat":"repeat","background-position":"center center","background-size":"auto","background-attachment":"scroll","background-type":"","background-media":"","overlay-type":"","overlay-color":"","overlay-opacity":"","overlay-gradient":""}},"ep_exclude_from_search":false,"footnotes":""},"categories":[723],"tags":[],"class_list":["post-49858","post","type-post","status-publish","format-standard","hentry","category-inner-mastery-staff-it"],"acf":[],"yoast_head":"<!-- This site is optimized with the Yoast SEO plugin v27.5 - https:\/\/yoast.com\/product\/yoast-seo-wordpress\/ -->\n<title>IL CONOSCIUTO LO CONOSCIAMO GI\u00c0, E SAPPIAMO CHE NON SERVE QUASI A NULLA Perch\u00e9 non facciamo inversione verso qualcosa che ci stupisce? - Web Oficial de Alverto<\/title>\n<meta name=\"robots\" content=\"index, follow, max-snippet:-1, max-image-preview:large, max-video-preview:-1\" \/>\n<link rel=\"canonical\" href=\"https:\/\/www.albertojosevarela.com\/it\/il-conosciuto-lo-conosciamo-gia\/\" \/>\n<meta property=\"og:locale\" content=\"it_IT\" \/>\n<meta property=\"og:type\" content=\"article\" \/>\n<meta property=\"og:title\" content=\"IL CONOSCIUTO LO CONOSCIAMO GI\u00c0, E SAPPIAMO CHE NON SERVE QUASI A NULLA Perch\u00e9 non facciamo inversione verso qualcosa che ci stupisce? - Web Oficial de Alverto\" \/>\n<meta property=\"og:description\" content=\"LO SVILUPPO INTERIORE \u00c8 ANCHE UNA QUESTIONE DI RINNOVAMENTO PROFESSIONALE. Al di l\u00e0 dei titoli, dell\u2019esperienza, del riconoscimento e di tutto quello che abbiamo fatto c\u2019\u00e8 qualcosa di nuovo che pu\u00f2 sorprenderci e perfino cambiare il nostro destino. Siamo un\u2019organizzazione internazionale che offre un percorso di cambiamento importante per la vita delle persone, poich\u00e9 all\u2019origine [&hellip;]\" \/>\n<meta property=\"og:url\" content=\"https:\/\/www.albertojosevarela.com\/it\/il-conosciuto-lo-conosciamo-gia\/\" \/>\n<meta property=\"og:site_name\" content=\"Web Oficial de Alverto\" \/>\n<meta property=\"article:publisher\" content=\"https:\/\/www.facebook.com\/Alvertojosevarela\" \/>\n<meta property=\"article:author\" content=\"https:\/\/www.facebook.com\/Alvertojosevarela\" \/>\n<meta property=\"article:published_time\" content=\"2019-05-05T07:23:52+00:00\" \/>\n<meta name=\"author\" content=\"Alberto Jos\u00e9 Varela\" \/>\n<meta name=\"twitter:card\" content=\"summary_large_image\" \/>\n<meta name=\"twitter:creator\" content=\"@albertoJ_varela\" \/>\n<meta name=\"twitter:site\" content=\"@albertoJ_varela\" \/>\n<script type=\"application\/ld+json\" class=\"yoast-schema-graph\">{\"@context\":\"https:\\\/\\\/schema.org\",\"@graph\":[{\"@type\":\"Article\",\"@id\":\"https:\\\/\\\/www.albertojosevarela.com\\\/it\\\/il-conosciuto-lo-conosciamo-gia\\\/#article\",\"isPartOf\":{\"@id\":\"https:\\\/\\\/www.albertojosevarela.com\\\/it\\\/il-conosciuto-lo-conosciamo-gia\\\/\"},\"author\":{\"name\":\"Alberto Jos\u00e9 Varela\",\"@id\":\"https:\\\/\\\/www.albertojosevarela.com\\\/it\\\/#\\\/schema\\\/person\\\/6197324b0e48a485e79c32ccad0064d8\"},\"headline\":\"IL CONOSCIUTO LO CONOSCIAMO GI\u00c0, E SAPPIAMO CHE NON SERVE QUASI A NULLA Perch\u00e9 non facciamo inversione verso qualcosa che ci stupisce?\",\"datePublished\":\"2019-05-05T07:23:52+00:00\",\"mainEntityOfPage\":{\"@id\":\"https:\\\/\\\/www.albertojosevarela.com\\\/it\\\/il-conosciuto-lo-conosciamo-gia\\\/\"},\"wordCount\":810,\"publisher\":{\"@id\":\"https:\\\/\\\/www.albertojosevarela.com\\\/it\\\/#\\\/schema\\\/person\\\/6197324b0e48a485e79c32ccad0064d8\"},\"articleSection\":[\"INNER MASTERY STAFF\"],\"inLanguage\":\"it-IT\"},{\"@type\":\"WebPage\",\"@id\":\"https:\\\/\\\/www.albertojosevarela.com\\\/it\\\/il-conosciuto-lo-conosciamo-gia\\\/\",\"url\":\"https:\\\/\\\/www.albertojosevarela.com\\\/it\\\/il-conosciuto-lo-conosciamo-gia\\\/\",\"name\":\"IL CONOSCIUTO LO CONOSCIAMO GI\u00c0, E SAPPIAMO CHE NON SERVE QUASI A NULLA Perch\u00e9 non facciamo inversione verso qualcosa che ci stupisce? - Web Oficial de Alverto\",\"isPartOf\":{\"@id\":\"https:\\\/\\\/www.albertojosevarela.com\\\/it\\\/#website\"},\"datePublished\":\"2019-05-05T07:23:52+00:00\",\"breadcrumb\":{\"@id\":\"https:\\\/\\\/www.albertojosevarela.com\\\/it\\\/il-conosciuto-lo-conosciamo-gia\\\/#breadcrumb\"},\"inLanguage\":\"it-IT\",\"potentialAction\":[{\"@type\":\"ReadAction\",\"target\":[\"https:\\\/\\\/www.albertojosevarela.com\\\/it\\\/il-conosciuto-lo-conosciamo-gia\\\/\"]}]},{\"@type\":\"BreadcrumbList\",\"@id\":\"https:\\\/\\\/www.albertojosevarela.com\\\/it\\\/il-conosciuto-lo-conosciamo-gia\\\/#breadcrumb\",\"itemListElement\":[{\"@type\":\"ListItem\",\"position\":1,\"name\":\"Inicio\",\"item\":\"https:\\\/\\\/www.albertojosevarela.com\\\/it\\\/\"},{\"@type\":\"ListItem\",\"position\":2,\"name\":\"INNER MASTERY STAFF\",\"item\":\"https:\\\/\\\/www.albertojosevarela.com\\\/it\\\/category\\\/inner-mastery-staff-it\\\/\"},{\"@type\":\"ListItem\",\"position\":3,\"name\":\"IL CONOSCIUTO LO CONOSCIAMO GI\u00c0, E SAPPIAMO CHE NON SERVE QUASI A NULLA Perch\u00e9 non facciamo inversione verso qualcosa che ci stupisce?\"}]},{\"@type\":\"WebSite\",\"@id\":\"https:\\\/\\\/www.albertojosevarela.com\\\/it\\\/#website\",\"url\":\"https:\\\/\\\/www.albertojosevarela.com\\\/it\\\/\",\"name\":\"Web Oficial de Alberto Jos\u00e9 Varela\",\"description\":\"El ser humano evoluciona cuando se mira adentro\",\"publisher\":{\"@id\":\"https:\\\/\\\/www.albertojosevarela.com\\\/it\\\/#\\\/schema\\\/person\\\/6197324b0e48a485e79c32ccad0064d8\"},\"potentialAction\":[{\"@type\":\"SearchAction\",\"target\":{\"@type\":\"EntryPoint\",\"urlTemplate\":\"https:\\\/\\\/www.albertojosevarela.com\\\/it\\\/?s={search_term_string}\"},\"query-input\":{\"@type\":\"PropertyValueSpecification\",\"valueRequired\":true,\"valueName\":\"search_term_string\"}}],\"inLanguage\":\"it-IT\"},{\"@type\":[\"Person\",\"Organization\"],\"@id\":\"https:\\\/\\\/www.albertojosevarela.com\\\/it\\\/#\\\/schema\\\/person\\\/6197324b0e48a485e79c32ccad0064d8\",\"name\":\"Alberto Jos\u00e9 Varela\",\"image\":{\"@type\":\"ImageObject\",\"inLanguage\":\"it-IT\",\"@id\":\"https:\\\/\\\/www.albertojosevarela.com\\\/wp-content\\\/uploads\\\/2020\\\/11\\\/alberto-varela.jpeg\",\"url\":\"https:\\\/\\\/www.albertojosevarela.com\\\/wp-content\\\/uploads\\\/2020\\\/11\\\/alberto-varela.jpeg\",\"contentUrl\":\"https:\\\/\\\/www.albertojosevarela.com\\\/wp-content\\\/uploads\\\/2020\\\/11\\\/alberto-varela.jpeg\",\"width\":682,\"height\":864,\"caption\":\"Alberto Jos\u00e9 Varela\"},\"logo\":{\"@id\":\"https:\\\/\\\/www.albertojosevarela.com\\\/wp-content\\\/uploads\\\/2020\\\/11\\\/alberto-varela.jpeg\"},\"description\":\"Fundador de empresas y organizaciones; creador de t\u00e9cnicas, m\u00e9todos y escuelas; autor de varios libros. Estudiante autodidacta, investigador y conferencista internacional, con una experiencia de m\u00e1s de 40 a\u00f1os en la gesti\u00f3n organizacional y los RRHH. Actualmente crece su influencia en el \u00e1mbito motivacional, terap\u00e9utico y espiritual a ra\u00edz del mensaje evolutivo que transmite.\",\"sameAs\":[\"https:\\\/\\\/www.facebook.com\\\/Alvertojosevarela\",\"https:\\\/\\\/www.instagram.com\\\/albertojose.varela\\\/\",\"https:\\\/\\\/www.linkedin.com\\\/in\\\/alverto-varela\\\/\",\"https:\\\/\\\/x.com\\\/albertoJ_varela\",\"https:\\\/\\\/www.youtube.com\\\/c\\\/AlvertoVarela\"]}]}<\/script>\n<!-- \/ Yoast SEO plugin. -->","yoast_head_json":{"title":"IL CONOSCIUTO LO CONOSCIAMO GI\u00c0, E SAPPIAMO CHE NON SERVE QUASI A NULLA Perch\u00e9 non facciamo inversione verso qualcosa che ci stupisce? - Web Oficial de Alverto","robots":{"index":"index","follow":"follow","max-snippet":"max-snippet:-1","max-image-preview":"max-image-preview:large","max-video-preview":"max-video-preview:-1"},"canonical":"https:\/\/www.albertojosevarela.com\/it\/il-conosciuto-lo-conosciamo-gia\/","og_locale":"it_IT","og_type":"article","og_title":"IL CONOSCIUTO LO CONOSCIAMO GI\u00c0, E SAPPIAMO CHE NON SERVE QUASI A NULLA Perch\u00e9 non facciamo inversione verso qualcosa che ci stupisce? - Web Oficial de Alverto","og_description":"LO SVILUPPO INTERIORE \u00c8 ANCHE UNA QUESTIONE DI RINNOVAMENTO PROFESSIONALE. Al di l\u00e0 dei titoli, dell\u2019esperienza, del riconoscimento e di tutto quello che abbiamo fatto c\u2019\u00e8 qualcosa di nuovo che pu\u00f2 sorprenderci e perfino cambiare il nostro destino. Siamo un\u2019organizzazione internazionale che offre un percorso di cambiamento importante per la vita delle persone, poich\u00e9 all\u2019origine [&hellip;]","og_url":"https:\/\/www.albertojosevarela.com\/it\/il-conosciuto-lo-conosciamo-gia\/","og_site_name":"Web Oficial de Alverto","article_publisher":"https:\/\/www.facebook.com\/Alvertojosevarela","article_author":"https:\/\/www.facebook.com\/Alvertojosevarela","article_published_time":"2019-05-05T07:23:52+00:00","author":"Alberto Jos\u00e9 Varela","twitter_card":"summary_large_image","twitter_creator":"@albertoJ_varela","twitter_site":"@albertoJ_varela","schema":{"@context":"https:\/\/schema.org","@graph":[{"@type":"Article","@id":"https:\/\/www.albertojosevarela.com\/it\/il-conosciuto-lo-conosciamo-gia\/#article","isPartOf":{"@id":"https:\/\/www.albertojosevarela.com\/it\/il-conosciuto-lo-conosciamo-gia\/"},"author":{"name":"Alberto Jos\u00e9 Varela","@id":"https:\/\/www.albertojosevarela.com\/it\/#\/schema\/person\/6197324b0e48a485e79c32ccad0064d8"},"headline":"IL CONOSCIUTO LO CONOSCIAMO GI\u00c0, E SAPPIAMO CHE NON SERVE QUASI A NULLA Perch\u00e9 non facciamo inversione verso qualcosa che ci stupisce?","datePublished":"2019-05-05T07:23:52+00:00","mainEntityOfPage":{"@id":"https:\/\/www.albertojosevarela.com\/it\/il-conosciuto-lo-conosciamo-gia\/"},"wordCount":810,"publisher":{"@id":"https:\/\/www.albertojosevarela.com\/it\/#\/schema\/person\/6197324b0e48a485e79c32ccad0064d8"},"articleSection":["INNER MASTERY STAFF"],"inLanguage":"it-IT"},{"@type":"WebPage","@id":"https:\/\/www.albertojosevarela.com\/it\/il-conosciuto-lo-conosciamo-gia\/","url":"https:\/\/www.albertojosevarela.com\/it\/il-conosciuto-lo-conosciamo-gia\/","name":"IL CONOSCIUTO LO CONOSCIAMO GI\u00c0, E SAPPIAMO CHE NON SERVE QUASI A NULLA Perch\u00e9 non facciamo inversione verso qualcosa che ci stupisce? - Web Oficial de Alverto","isPartOf":{"@id":"https:\/\/www.albertojosevarela.com\/it\/#website"},"datePublished":"2019-05-05T07:23:52+00:00","breadcrumb":{"@id":"https:\/\/www.albertojosevarela.com\/it\/il-conosciuto-lo-conosciamo-gia\/#breadcrumb"},"inLanguage":"it-IT","potentialAction":[{"@type":"ReadAction","target":["https:\/\/www.albertojosevarela.com\/it\/il-conosciuto-lo-conosciamo-gia\/"]}]},{"@type":"BreadcrumbList","@id":"https:\/\/www.albertojosevarela.com\/it\/il-conosciuto-lo-conosciamo-gia\/#breadcrumb","itemListElement":[{"@type":"ListItem","position":1,"name":"Inicio","item":"https:\/\/www.albertojosevarela.com\/it\/"},{"@type":"ListItem","position":2,"name":"INNER MASTERY STAFF","item":"https:\/\/www.albertojosevarela.com\/it\/category\/inner-mastery-staff-it\/"},{"@type":"ListItem","position":3,"name":"IL CONOSCIUTO LO CONOSCIAMO GI\u00c0, E SAPPIAMO CHE NON SERVE QUASI A NULLA Perch\u00e9 non facciamo inversione verso qualcosa che ci stupisce?"}]},{"@type":"WebSite","@id":"https:\/\/www.albertojosevarela.com\/it\/#website","url":"https:\/\/www.albertojosevarela.com\/it\/","name":"Web Oficial de Alberto Jos\u00e9 Varela","description":"El ser humano evoluciona cuando se mira adentro","publisher":{"@id":"https:\/\/www.albertojosevarela.com\/it\/#\/schema\/person\/6197324b0e48a485e79c32ccad0064d8"},"potentialAction":[{"@type":"SearchAction","target":{"@type":"EntryPoint","urlTemplate":"https:\/\/www.albertojosevarela.com\/it\/?s={search_term_string}"},"query-input":{"@type":"PropertyValueSpecification","valueRequired":true,"valueName":"search_term_string"}}],"inLanguage":"it-IT"},{"@type":["Person","Organization"],"@id":"https:\/\/www.albertojosevarela.com\/it\/#\/schema\/person\/6197324b0e48a485e79c32ccad0064d8","name":"Alberto Jos\u00e9 Varela","image":{"@type":"ImageObject","inLanguage":"it-IT","@id":"https:\/\/www.albertojosevarela.com\/wp-content\/uploads\/2020\/11\/alberto-varela.jpeg","url":"https:\/\/www.albertojosevarela.com\/wp-content\/uploads\/2020\/11\/alberto-varela.jpeg","contentUrl":"https:\/\/www.albertojosevarela.com\/wp-content\/uploads\/2020\/11\/alberto-varela.jpeg","width":682,"height":864,"caption":"Alberto Jos\u00e9 Varela"},"logo":{"@id":"https:\/\/www.albertojosevarela.com\/wp-content\/uploads\/2020\/11\/alberto-varela.jpeg"},"description":"Fundador de empresas y organizaciones; creador de t\u00e9cnicas, m\u00e9todos y escuelas; autor de varios libros. Estudiante autodidacta, investigador y conferencista internacional, con una experiencia de m\u00e1s de 40 a\u00f1os en la gesti\u00f3n organizacional y los RRHH. Actualmente crece su influencia en el \u00e1mbito motivacional, terap\u00e9utico y espiritual a ra\u00edz del mensaje evolutivo que transmite.","sameAs":["https:\/\/www.facebook.com\/Alvertojosevarela","https:\/\/www.instagram.com\/albertojose.varela\/","https:\/\/www.linkedin.com\/in\/alverto-varela\/","https:\/\/x.com\/albertoJ_varela","https:\/\/www.youtube.com\/c\/AlvertoVarela"]}]}},"jetpack_featured_media_url":"","_links":{"self":[{"href":"https:\/\/www.albertojosevarela.com\/it\/wp-json\/wp\/v2\/posts\/49858","targetHints":{"allow":["GET"]}}],"collection":[{"href":"https:\/\/www.albertojosevarela.com\/it\/wp-json\/wp\/v2\/posts"}],"about":[{"href":"https:\/\/www.albertojosevarela.com\/it\/wp-json\/wp\/v2\/types\/post"}],"author":[{"embeddable":true,"href":"https:\/\/www.albertojosevarela.com\/it\/wp-json\/wp\/v2\/users\/9"}],"replies":[{"embeddable":true,"href":"https:\/\/www.albertojosevarela.com\/it\/wp-json\/wp\/v2\/comments?post=49858"}],"version-history":[{"count":0,"href":"https:\/\/www.albertojosevarela.com\/it\/wp-json\/wp\/v2\/posts\/49858\/revisions"}],"wp:attachment":[{"href":"https:\/\/www.albertojosevarela.com\/it\/wp-json\/wp\/v2\/media?parent=49858"}],"wp:term":[{"taxonomy":"category","embeddable":true,"href":"https:\/\/www.albertojosevarela.com\/it\/wp-json\/wp\/v2\/categories?post=49858"},{"taxonomy":"post_tag","embeddable":true,"href":"https:\/\/www.albertojosevarela.com\/it\/wp-json\/wp\/v2\/tags?post=49858"}],"curies":[{"name":"wp","href":"https:\/\/api.w.org\/{rel}","templated":true}]}}